{"id":3963,"date":"2022-10-03T17:34:55","date_gmt":"2022-10-03T20:34:55","guid":{"rendered":"http:\/\/cultura.sma.gob.ar\/?p=3963"},"modified":"2022-10-14T21:56:33","modified_gmt":"2022-10-15T00:56:33","slug":"16o-feria-regional-del-libro-viernes-14-de-octubre","status":"publish","type":"post","link":"https:\/\/cultura.sma.gob.ar\/?p=3963","title":{"rendered":"16\u00ba Feria Regional del Libro: viernes 14 de octubre"},"content":{"rendered":"\n<ul class=\"wp-block-list\"><li>10 hs. Marisa Negri y Paula Collini. Presentaci\u00f3n del libro &#8221;La Voz del ciervo&#8221;. Poes\u00edas para escuelas primarias. Organiza Fondo Editorial Neuquino.<\/li><\/ul>\n\n\n\n<figure class=\"wp-block-image size-large\"><img loading=\"lazy\" decoding=\"async\" width=\"1000\" height=\"1000\" src=\"http:\/\/cultura.sma.gob.ar\/wp-content\/uploads\/2022\/10\/La-voz-del-ciervo.png\" alt=\"\" class=\"wp-image-4039\" srcset=\"https:\/\/cultura.sma.gob.ar\/wp-content\/uploads\/2022\/10\/La-voz-del-ciervo.png 1000w, https:\/\/cultura.sma.gob.ar\/wp-content\/uploads\/2022\/10\/La-voz-del-ciervo-300x300.png 300w, https:\/\/cultura.sma.gob.ar\/wp-content\/uploads\/2022\/10\/La-voz-del-ciervo-150x150.png 150w, https:\/\/cultura.sma.gob.ar\/wp-content\/uploads\/2022\/10\/La-voz-del-ciervo-768x768.png 768w, https:\/\/cultura.sma.gob.ar\/wp-content\/uploads\/2022\/10\/La-voz-del-ciervo-90x90.png 90w\" sizes=\"auto, (max-width: 1000px) 100vw, 1000px\" \/><\/figure>\n\n\n\n<ul class=\"wp-block-list\"><li>11 hs. Tato Affif. Seminario sobre Mitolog\u00eda. Destinado a j\u00f3venes. Organiza Comisi\u00f3n FRL.<\/li><\/ul>\n\n\n\n<figure class=\"wp-block-image size-large\"><img loading=\"lazy\" decoding=\"async\" width=\"1000\" height=\"1000\" src=\"http:\/\/cultura.sma.gob.ar\/wp-content\/uploads\/2022\/10\/Seminario.png\" alt=\"\" class=\"wp-image-4041\" srcset=\"https:\/\/cultura.sma.gob.ar\/wp-content\/uploads\/2022\/10\/Seminario.png 1000w, https:\/\/cultura.sma.gob.ar\/wp-content\/uploads\/2022\/10\/Seminario-300x300.png 300w, https:\/\/cultura.sma.gob.ar\/wp-content\/uploads\/2022\/10\/Seminario-150x150.png 150w, https:\/\/cultura.sma.gob.ar\/wp-content\/uploads\/2022\/10\/Seminario-768x768.png 768w, https:\/\/cultura.sma.gob.ar\/wp-content\/uploads\/2022\/10\/Seminario-90x90.png 90w\" sizes=\"auto, (max-width: 1000px) 100vw, 1000px\" \/><\/figure>\n\n\n\n<ul class=\"wp-block-list\"><li>15 hs. Diana Lavalle. Actividad &#8221;Conociendo nuestro bosque andino-patag\u00f3nico&#8221;. Organiza Parque Nacional Lan\u00edn.<\/li><\/ul>\n\n\n\n<figure class=\"wp-block-image size-large\"><img loading=\"lazy\" decoding=\"async\" width=\"1000\" height=\"1000\" src=\"http:\/\/cultura.sma.gob.ar\/wp-content\/uploads\/2022\/10\/15-bosque-14-an.jpg\" alt=\"\" class=\"wp-image-4136\" srcset=\"https:\/\/cultura.sma.gob.ar\/wp-content\/uploads\/2022\/10\/15-bosque-14-an.jpg 1000w, https:\/\/cultura.sma.gob.ar\/wp-content\/uploads\/2022\/10\/15-bosque-14-an-300x300.jpg 300w, https:\/\/cultura.sma.gob.ar\/wp-content\/uploads\/2022\/10\/15-bosque-14-an-150x150.jpg 150w, https:\/\/cultura.sma.gob.ar\/wp-content\/uploads\/2022\/10\/15-bosque-14-an-768x768.jpg 768w, https:\/\/cultura.sma.gob.ar\/wp-content\/uploads\/2022\/10\/15-bosque-14-an-90x90.jpg 90w\" sizes=\"auto, (max-width: 1000px) 100vw, 1000px\" \/><\/figure>\n\n\n\n<ul class=\"wp-block-list\"><li>16 hs. Tato Affif y Juan Chavetta. Presentaci\u00f3n del libro &#8221;Cuentos de terror en el campamento&#8221;. Organiza Comisi\u00f3n FRL.<\/li><\/ul>\n\n\n\n<figure class=\"wp-block-image size-large\"><img loading=\"lazy\" decoding=\"async\" width=\"1000\" height=\"1000\" src=\"http:\/\/cultura.sma.gob.ar\/wp-content\/uploads\/2022\/10\/Cuentos-terror.png\" alt=\"\" class=\"wp-image-4042\" srcset=\"https:\/\/cultura.sma.gob.ar\/wp-content\/uploads\/2022\/10\/Cuentos-terror.png 1000w, https:\/\/cultura.sma.gob.ar\/wp-content\/uploads\/2022\/10\/Cuentos-terror-300x300.png 300w, https:\/\/cultura.sma.gob.ar\/wp-content\/uploads\/2022\/10\/Cuentos-terror-150x150.png 150w, https:\/\/cultura.sma.gob.ar\/wp-content\/uploads\/2022\/10\/Cuentos-terror-768x768.png 768w, https:\/\/cultura.sma.gob.ar\/wp-content\/uploads\/2022\/10\/Cuentos-terror-90x90.png 90w\" sizes=\"auto, (max-width: 1000px) 100vw, 1000px\" \/><\/figure>\n\n\n\n<ul class=\"wp-block-list\"><li>17 hs. Mariana Taberniso. Presentaci\u00f3n del libro &#8221;Cavar hasta ver la luz&#8221;. Editorial Orcalumis.<\/li><\/ul>\n\n\n\n<figure class=\"wp-block-image size-large\"><img loading=\"lazy\" decoding=\"async\" width=\"1000\" height=\"1000\" src=\"http:\/\/cultura.sma.gob.ar\/wp-content\/uploads\/2022\/10\/cavar.png\" alt=\"\" class=\"wp-image-4043\" srcset=\"https:\/\/cultura.sma.gob.ar\/wp-content\/uploads\/2022\/10\/cavar.png 1000w, https:\/\/cultura.sma.gob.ar\/wp-content\/uploads\/2022\/10\/cavar-300x300.png 300w, https:\/\/cultura.sma.gob.ar\/wp-content\/uploads\/2022\/10\/cavar-150x150.png 150w, https:\/\/cultura.sma.gob.ar\/wp-content\/uploads\/2022\/10\/cavar-768x768.png 768w, https:\/\/cultura.sma.gob.ar\/wp-content\/uploads\/2022\/10\/cavar-90x90.png 90w\" sizes=\"auto, (max-width: 1000px) 100vw, 1000px\" \/><\/figure>\n\n\n\n<ul class=\"wp-block-list\"><li>17:30 hs. Mar\u00eda Marta Ruggeri. &#8221;Adolescencia &#8211; Actuar antes de que los hechos sucedan. Par\u00e1metros te\u00f3rico-pr\u00e1cticos&#8221;. &#8221;De la infancia a la adolescencia. Par\u00e1metros te\u00f3rico-pr\u00e1cticos II&#8221;. Del m\u00e9todo M\u00f3nica Toscano Prevention In Act.<\/li><\/ul>\n\n\n\n<figure class=\"wp-block-image size-large\"><img loading=\"lazy\" decoding=\"async\" width=\"1000\" height=\"1000\" src=\"http:\/\/cultura.sma.gob.ar\/wp-content\/uploads\/2022\/10\/Adolescencia.png\" alt=\"\" class=\"wp-image-4044\" srcset=\"https:\/\/cultura.sma.gob.ar\/wp-content\/uploads\/2022\/10\/Adolescencia.png 1000w, https:\/\/cultura.sma.gob.ar\/wp-content\/uploads\/2022\/10\/Adolescencia-300x300.png 300w, https:\/\/cultura.sma.gob.ar\/wp-content\/uploads\/2022\/10\/Adolescencia-150x150.png 150w, https:\/\/cultura.sma.gob.ar\/wp-content\/uploads\/2022\/10\/Adolescencia-768x768.png 768w, https:\/\/cultura.sma.gob.ar\/wp-content\/uploads\/2022\/10\/Adolescencia-90x90.png 90w\" sizes=\"auto, (max-width: 1000px) 100vw, 1000px\" \/><\/figure>\n\n\n\n<ul class=\"wp-block-list\"><li>18 hs. CEPI N\u00ba1. Presentaci\u00f3n de &#8221;Fanzine Los Tres Mundos&#8221;. Organiza CEPI.<\/li><\/ul>\n\n\n\n<figure class=\"wp-block-image size-large\"><img loading=\"lazy\" decoding=\"async\" width=\"1000\" height=\"1000\" src=\"http:\/\/cultura.sma.gob.ar\/wp-content\/uploads\/2022\/10\/Fanzine.png\" alt=\"\" class=\"wp-image-4045\" srcset=\"https:\/\/cultura.sma.gob.ar\/wp-content\/uploads\/2022\/10\/Fanzine.png 1000w, https:\/\/cultura.sma.gob.ar\/wp-content\/uploads\/2022\/10\/Fanzine-300x300.png 300w, https:\/\/cultura.sma.gob.ar\/wp-content\/uploads\/2022\/10\/Fanzine-150x150.png 150w, https:\/\/cultura.sma.gob.ar\/wp-content\/uploads\/2022\/10\/Fanzine-768x768.png 768w, https:\/\/cultura.sma.gob.ar\/wp-content\/uploads\/2022\/10\/Fanzine-90x90.png 90w\" sizes=\"auto, (max-width: 1000px) 100vw, 1000px\" \/><\/figure>\n\n\n\n<ul class=\"wp-block-list\"><li>18:30 hs. Facundo Vital y Silvina Alzogaray. Presentaci\u00f3n del libro &#8221;Gu\u00eda de identificaci\u00f3n de aves de la Patagonia Agentina, zona Andina, y alrededores, Argentina y Chile&#8221;. Organiza Comisi\u00f3n FRL y Parque Nacional Lan\u00edn.<\/li><\/ul>\n\n\n\n<figure class=\"wp-block-image size-large\"><img loading=\"lazy\" decoding=\"async\" width=\"1000\" height=\"1000\" src=\"http:\/\/cultura.sma.gob.ar\/wp-content\/uploads\/2022\/10\/Aves.png\" alt=\"\" class=\"wp-image-4046\" srcset=\"https:\/\/cultura.sma.gob.ar\/wp-content\/uploads\/2022\/10\/Aves.png 1000w, https:\/\/cultura.sma.gob.ar\/wp-content\/uploads\/2022\/10\/Aves-300x300.png 300w, https:\/\/cultura.sma.gob.ar\/wp-content\/uploads\/2022\/10\/Aves-150x150.png 150w, https:\/\/cultura.sma.gob.ar\/wp-content\/uploads\/2022\/10\/Aves-768x768.png 768w, https:\/\/cultura.sma.gob.ar\/wp-content\/uploads\/2022\/10\/Aves-90x90.png 90w\" sizes=\"auto, (max-width: 1000px) 100vw, 1000px\" \/><\/figure>\n\n\n\n<ul class=\"wp-block-list\"><li>19:30 hs. Humberto Bas. Presentaci\u00f3n del libro &#8221;Gil Wolf&#8221;.<\/li><\/ul>\n\n\n\n<figure class=\"wp-block-image size-large\"><img loading=\"lazy\" decoding=\"async\" width=\"1000\" height=\"1000\" src=\"http:\/\/cultura.sma.gob.ar\/wp-content\/uploads\/2022\/10\/Gil-wolf.png\" alt=\"\" class=\"wp-image-4047\" srcset=\"https:\/\/cultura.sma.gob.ar\/wp-content\/uploads\/2022\/10\/Gil-wolf.png 1000w, https:\/\/cultura.sma.gob.ar\/wp-content\/uploads\/2022\/10\/Gil-wolf-300x300.png 300w, https:\/\/cultura.sma.gob.ar\/wp-content\/uploads\/2022\/10\/Gil-wolf-150x150.png 150w, https:\/\/cultura.sma.gob.ar\/wp-content\/uploads\/2022\/10\/Gil-wolf-768x768.png 768w, https:\/\/cultura.sma.gob.ar\/wp-content\/uploads\/2022\/10\/Gil-wolf-90x90.png 90w\" sizes=\"auto, (max-width: 1000px) 100vw, 1000px\" \/><\/figure>\n\n\n\n<ul class=\"wp-block-list\"><li>20 hs. Ever Rom\u00e1n. Presentaci\u00f3n del libro &#8221;Resistencia&#8221;.<\/li><\/ul>\n\n\n\n<figure class=\"wp-block-image size-large\"><img loading=\"lazy\" decoding=\"async\" width=\"1000\" height=\"1000\" src=\"http:\/\/cultura.sma.gob.ar\/wp-content\/uploads\/2022\/10\/Resistencia.png\" alt=\"\" class=\"wp-image-4048\" srcset=\"https:\/\/cultura.sma.gob.ar\/wp-content\/uploads\/2022\/10\/Resistencia.png 1000w, https:\/\/cultura.sma.gob.ar\/wp-content\/uploads\/2022\/10\/Resistencia-300x300.png 300w, https:\/\/cultura.sma.gob.ar\/wp-content\/uploads\/2022\/10\/Resistencia-150x150.png 150w, https:\/\/cultura.sma.gob.ar\/wp-content\/uploads\/2022\/10\/Resistencia-768x768.png 768w, https:\/\/cultura.sma.gob.ar\/wp-content\/uploads\/2022\/10\/Resistencia-90x90.png 90w\" sizes=\"auto, (max-width: 1000px) 100vw, 1000px\" \/><\/figure>\n\n\n\n<ul class=\"wp-block-list\"><li>20:30 hs. Leonardo Oyola. Presentaci\u00f3n del libro &#8221;Ultratumba&#8221;. Organiza BP La Cascada y Secretar\u00eda de Cultura.<\/li><\/ul>\n\n\n\n<figure class=\"wp-block-image size-large\"><img loading=\"lazy\" decoding=\"async\" width=\"1000\" height=\"1000\" src=\"http:\/\/cultura.sma.gob.ar\/wp-content\/uploads\/2022\/10\/Ultra-Tumba.png\" alt=\"\" class=\"wp-image-4049\" srcset=\"https:\/\/cultura.sma.gob.ar\/wp-content\/uploads\/2022\/10\/Ultra-Tumba.png 1000w, https:\/\/cultura.sma.gob.ar\/wp-content\/uploads\/2022\/10\/Ultra-Tumba-300x300.png 300w, https:\/\/cultura.sma.gob.ar\/wp-content\/uploads\/2022\/10\/Ultra-Tumba-150x150.png 150w, https:\/\/cultura.sma.gob.ar\/wp-content\/uploads\/2022\/10\/Ultra-Tumba-768x768.png 768w, https:\/\/cultura.sma.gob.ar\/wp-content\/uploads\/2022\/10\/Ultra-Tumba-90x90.png 90w\" sizes=\"auto, (max-width: 1000px) 100vw, 1000px\" \/><\/figure>\n\n\n\n<ul class=\"wp-block-list\"><li>21 hs. Tili Solanas. Presentaci\u00f3n del libro &#8221;San Mart\u00edn de los Andes, trazos y relatos&#8221;. Organiza Patalibro.<\/li><\/ul>\n\n\n\n<figure class=\"wp-block-image size-large\"><img loading=\"lazy\" decoding=\"async\" width=\"1000\" height=\"1000\" src=\"http:\/\/cultura.sma.gob.ar\/wp-content\/uploads\/2022\/10\/Trazos.png\" alt=\"\" class=\"wp-image-4050\" srcset=\"https:\/\/cultura.sma.gob.ar\/wp-content\/uploads\/2022\/10\/Trazos.png 1000w, https:\/\/cultura.sma.gob.ar\/wp-content\/uploads\/2022\/10\/Trazos-300x300.png 300w, https:\/\/cultura.sma.gob.ar\/wp-content\/uploads\/2022\/10\/Trazos-150x150.png 150w, https:\/\/cultura.sma.gob.ar\/wp-content\/uploads\/2022\/10\/Trazos-768x768.png 768w, https:\/\/cultura.sma.gob.ar\/wp-content\/uploads\/2022\/10\/Trazos-90x90.png 90w\" sizes=\"auto, (max-width: 1000px) 100vw, 1000px\" \/><\/figure>\n","protected":false},"excerpt":{"rendered":"<p>10 hs. Marisa Negri y Paula Collini. Presentaci\u00f3n del libro &#8221;La Voz del ciervo&#8221;. Poes\u00edas para escuelas primarias. Organiza Fondo Editorial Neuquino. 11 hs. Tato Affif. Seminario sobre Mitolog\u00eda. Destinado a j\u00f3venes. Organiza Comisi\u00f3n FRL. 15 hs. Diana Lavalle. Actividad &#8221;Conociendo nuestro bosque andino-patag\u00f3nico&#8221;. Organiza Parque Nacional Lan\u00edn. 16 hs. Tato Affif y Juan Chavetta. Presentaci\u00f3n del libro &#8221;Cuentos de terror en el campamento&#8221;. Organiza &hellip; <a href=\"https:\/\/cultura.sma.gob.ar\/?p=3963\" class=\"more-link\">Continue reading <span class=\"screen-reader-text\">16\u00ba Feria Regional del Libro: viernes 14 de octubre<\/span><\/a><\/p>\n","protected":false},"author":1,"featured_media":293,"comment_status":"closed","ping_status":"","sticky":false,"template":"","format":"image","meta":{"footnotes":""},"categories":[3,9],"tags":[],"class_list":["post-3963","post","type-post","status-publish","format-image","has-post-thumbnail","hentry","category-eventos-cultura","category-ultimas-noticias","post_format-post-format-image"],"_links":{"self":[{"href":"https:\/\/cultura.sma.gob.ar\/index.php?rest_route=\/wp\/v2\/posts\/3963","targetHints":{"allow":["GET"]}}],"collection":[{"href":"https:\/\/cultura.sma.gob.ar\/index.php?rest_route=\/wp\/v2\/posts"}],"about":[{"href":"https:\/\/cultura.sma.gob.ar\/index.php?rest_route=\/wp\/v2\/types\/post"}],"author":[{"embeddable":true,"href":"https:\/\/cultura.sma.gob.ar\/index.php?rest_route=\/wp\/v2\/users\/1"}],"replies":[{"embeddable":true,"href":"https:\/\/cultura.sma.gob.ar\/index.php?rest_route=%2Fwp%2Fv2%2Fcomments&post=3963"}],"version-history":[{"count":6,"href":"https:\/\/cultura.sma.gob.ar\/index.php?rest_route=\/wp\/v2\/posts\/3963\/revisions"}],"predecessor-version":[{"id":4137,"href":"https:\/\/cultura.sma.gob.ar\/index.php?rest_route=\/wp\/v2\/posts\/3963\/revisions\/4137"}],"wp:featuredmedia":[{"embeddable":true,"href":"https:\/\/cultura.sma.gob.ar\/index.php?rest_route=\/wp\/v2\/media\/293"}],"wp:attachment":[{"href":"https:\/\/cultura.sma.gob.ar\/index.php?rest_route=%2Fwp%2Fv2%2Fmedia&parent=3963"}],"wp:term":[{"taxonomy":"category","embeddable":true,"href":"https:\/\/cultura.sma.gob.ar\/index.php?rest_route=%2Fwp%2Fv2%2Fcategories&post=3963"},{"taxonomy":"post_tag","embeddable":true,"href":"https:\/\/cultura.sma.gob.ar\/index.php?rest_route=%2Fwp%2Fv2%2Ftags&post=3963"}],"curies":[{"name":"wp","href":"https:\/\/api.w.org\/{rel}","templated":true}]}}