{"id":3956,"date":"2022-10-02T21:31:50","date_gmt":"2022-10-03T00:31:50","guid":{"rendered":"http:\/\/cultura.sma.gob.ar\/?p=3956"},"modified":"2022-10-07T16:03:14","modified_gmt":"2022-10-07T19:03:14","slug":"16o-feria-regional-del-libro-jueves-13-de-octubre","status":"publish","type":"post","link":"https:\/\/cultura.sma.gob.ar\/?p=3956","title":{"rendered":"16\u00ba Feria Regional del Libro: jueves 13 de octubre"},"content":{"rendered":"\n<ul class=\"wp-block-list\"><li>8:30 hs. Inauguraci\u00f3n del 5to Congreso Provincial de Bibliotecas Populares del Neuqu\u00e9n. Organiza: Direcci\u00f3n Provincial de Bibliotecas Populares. Ministerio de las Culturas del Neuqu\u00e9n.<\/li><\/ul>\n\n\n\n<figure class=\"wp-block-image size-large\"><img loading=\"lazy\" decoding=\"async\" width=\"1000\" height=\"1000\" src=\"http:\/\/cultura.sma.gob.ar\/wp-content\/uploads\/2022\/10\/Congreso.png\" alt=\"\" class=\"wp-image-4027\" srcset=\"https:\/\/cultura.sma.gob.ar\/wp-content\/uploads\/2022\/10\/Congreso.png 1000w, https:\/\/cultura.sma.gob.ar\/wp-content\/uploads\/2022\/10\/Congreso-300x300.png 300w, https:\/\/cultura.sma.gob.ar\/wp-content\/uploads\/2022\/10\/Congreso-150x150.png 150w, https:\/\/cultura.sma.gob.ar\/wp-content\/uploads\/2022\/10\/Congreso-768x768.png 768w, https:\/\/cultura.sma.gob.ar\/wp-content\/uploads\/2022\/10\/Congreso-90x90.png 90w\" sizes=\"auto, (max-width: 1000px) 100vw, 1000px\" \/><\/figure>\n\n\n\n<ul class=\"wp-block-list\"><li>10 hs. La Punta del Ovillo &#8211; Proyecto Colectivo Intercultural. Presentaci\u00b4\u00f3n del libro &#8221;Epew, cuentan los mayores&#8221;. Organiza Editorial La Punta del Ovillo.<\/li><\/ul>\n\n\n\n<figure class=\"wp-block-image size-large\"><img loading=\"lazy\" decoding=\"async\" width=\"1000\" height=\"1000\" src=\"http:\/\/cultura.sma.gob.ar\/wp-content\/uploads\/2022\/10\/Epew.png\" alt=\"\" class=\"wp-image-4028\" srcset=\"https:\/\/cultura.sma.gob.ar\/wp-content\/uploads\/2022\/10\/Epew.png 1000w, https:\/\/cultura.sma.gob.ar\/wp-content\/uploads\/2022\/10\/Epew-300x300.png 300w, https:\/\/cultura.sma.gob.ar\/wp-content\/uploads\/2022\/10\/Epew-150x150.png 150w, https:\/\/cultura.sma.gob.ar\/wp-content\/uploads\/2022\/10\/Epew-768x768.png 768w, https:\/\/cultura.sma.gob.ar\/wp-content\/uploads\/2022\/10\/Epew-90x90.png 90w\" sizes=\"auto, (max-width: 1000px) 100vw, 1000px\" \/><\/figure>\n\n\n\n<ul class=\"wp-block-list\"><li>11 hs. Mariana Rizzutto. Presentaci\u00f3n del libro &#8221;Un buen cielo&#8221;. Organiza La Punta del Ovillo y Secretar\u00eda de Cultura.<\/li><\/ul>\n\n\n\n<figure class=\"wp-block-image size-large\"><img loading=\"lazy\" decoding=\"async\" width=\"1000\" height=\"1000\" src=\"http:\/\/cultura.sma.gob.ar\/wp-content\/uploads\/2022\/10\/Un-buen-cielo.png\" alt=\"\" class=\"wp-image-4029\" srcset=\"https:\/\/cultura.sma.gob.ar\/wp-content\/uploads\/2022\/10\/Un-buen-cielo.png 1000w, https:\/\/cultura.sma.gob.ar\/wp-content\/uploads\/2022\/10\/Un-buen-cielo-300x300.png 300w, https:\/\/cultura.sma.gob.ar\/wp-content\/uploads\/2022\/10\/Un-buen-cielo-150x150.png 150w, https:\/\/cultura.sma.gob.ar\/wp-content\/uploads\/2022\/10\/Un-buen-cielo-768x768.png 768w, https:\/\/cultura.sma.gob.ar\/wp-content\/uploads\/2022\/10\/Un-buen-cielo-90x90.png 90w\" sizes=\"auto, (max-width: 1000px) 100vw, 1000px\" \/><\/figure>\n\n\n\n<ul class=\"wp-block-list\"><li>15 hs. Cuenteros Comunitarios. Narraci\u00f3n oral de cuentos populares. Actividad para escuelas. Organiza Cuenteros Comunitarios.<\/li><\/ul>\n\n\n\n<figure class=\"wp-block-image size-large\"><img loading=\"lazy\" decoding=\"async\" width=\"1000\" height=\"1000\" src=\"http:\/\/cultura.sma.gob.ar\/wp-content\/uploads\/2022\/10\/Narracion-oral.png\" alt=\"\" class=\"wp-image-4030\" srcset=\"https:\/\/cultura.sma.gob.ar\/wp-content\/uploads\/2022\/10\/Narracion-oral.png 1000w, https:\/\/cultura.sma.gob.ar\/wp-content\/uploads\/2022\/10\/Narracion-oral-300x300.png 300w, https:\/\/cultura.sma.gob.ar\/wp-content\/uploads\/2022\/10\/Narracion-oral-150x150.png 150w, https:\/\/cultura.sma.gob.ar\/wp-content\/uploads\/2022\/10\/Narracion-oral-768x768.png 768w, https:\/\/cultura.sma.gob.ar\/wp-content\/uploads\/2022\/10\/Narracion-oral-90x90.png 90w\" sizes=\"auto, (max-width: 1000px) 100vw, 1000px\" \/><\/figure>\n\n\n\n<ul class=\"wp-block-list\"><li>16 hs. Cuenteros Comunitarios. Narraci\u00f3n oral de cuentos populares. Actividad para escuelas. Organiza Cuenteros Comunitarios.<\/li><\/ul>\n\n\n\n<figure class=\"wp-block-image size-large\"><img loading=\"lazy\" decoding=\"async\" width=\"1000\" height=\"1000\" src=\"http:\/\/cultura.sma.gob.ar\/wp-content\/uploads\/2022\/10\/Narracion-oral-2.png\" alt=\"\" class=\"wp-image-4031\" srcset=\"https:\/\/cultura.sma.gob.ar\/wp-content\/uploads\/2022\/10\/Narracion-oral-2.png 1000w, https:\/\/cultura.sma.gob.ar\/wp-content\/uploads\/2022\/10\/Narracion-oral-2-300x300.png 300w, https:\/\/cultura.sma.gob.ar\/wp-content\/uploads\/2022\/10\/Narracion-oral-2-150x150.png 150w, https:\/\/cultura.sma.gob.ar\/wp-content\/uploads\/2022\/10\/Narracion-oral-2-768x768.png 768w, https:\/\/cultura.sma.gob.ar\/wp-content\/uploads\/2022\/10\/Narracion-oral-2-90x90.png 90w\" sizes=\"auto, (max-width: 1000px) 100vw, 1000px\" \/><\/figure>\n\n\n\n<ul class=\"wp-block-list\"><li>17 hs. Magal\u00ed Scida. Presentaci\u00f3n del libro &#8221;El Camino del duelo&#8221;. Organiza La Grieta y Secretar\u00eda de Cultura.<\/li><\/ul>\n\n\n\n<figure class=\"wp-block-image size-large\"><img loading=\"lazy\" decoding=\"async\" width=\"1000\" height=\"1000\" src=\"http:\/\/cultura.sma.gob.ar\/wp-content\/uploads\/2022\/10\/El-camino-del-duelo.png\" alt=\"\" class=\"wp-image-4032\" srcset=\"https:\/\/cultura.sma.gob.ar\/wp-content\/uploads\/2022\/10\/El-camino-del-duelo.png 1000w, https:\/\/cultura.sma.gob.ar\/wp-content\/uploads\/2022\/10\/El-camino-del-duelo-300x300.png 300w, https:\/\/cultura.sma.gob.ar\/wp-content\/uploads\/2022\/10\/El-camino-del-duelo-150x150.png 150w, https:\/\/cultura.sma.gob.ar\/wp-content\/uploads\/2022\/10\/El-camino-del-duelo-768x768.png 768w, https:\/\/cultura.sma.gob.ar\/wp-content\/uploads\/2022\/10\/El-camino-del-duelo-90x90.png 90w\" sizes=\"auto, (max-width: 1000px) 100vw, 1000px\" \/><\/figure>\n\n\n\n<ul class=\"wp-block-list\"><li>17:30 hs. Iv\u00e1n Nicola. Presentaci\u00f3n de Pol\u00edticas P\u00fablicas de lectura: Proyecto Patagonia Lee&#8221;. Organiza Centro de Documentaci\u00f3n e Informaci\u00f3n Educativa de la provincia del Neuqu\u00e9n.<\/li><\/ul>\n\n\n\n<figure class=\"wp-block-image size-large\"><img loading=\"lazy\" decoding=\"async\" width=\"1000\" height=\"1000\" src=\"http:\/\/cultura.sma.gob.ar\/wp-content\/uploads\/2022\/10\/Politicas.png\" alt=\"\" class=\"wp-image-4033\" srcset=\"https:\/\/cultura.sma.gob.ar\/wp-content\/uploads\/2022\/10\/Politicas.png 1000w, https:\/\/cultura.sma.gob.ar\/wp-content\/uploads\/2022\/10\/Politicas-300x300.png 300w, https:\/\/cultura.sma.gob.ar\/wp-content\/uploads\/2022\/10\/Politicas-150x150.png 150w, https:\/\/cultura.sma.gob.ar\/wp-content\/uploads\/2022\/10\/Politicas-768x768.png 768w, https:\/\/cultura.sma.gob.ar\/wp-content\/uploads\/2022\/10\/Politicas-90x90.png 90w\" sizes=\"auto, (max-width: 1000px) 100vw, 1000px\" \/><\/figure>\n\n\n\n<ul class=\"wp-block-list\"><li>18:30 hs. Marcelo Gobbo. Presentaci\u00f3n del libro &#8221;Bodega&#8221;.<\/li><\/ul>\n\n\n\n<figure class=\"wp-block-image size-large\"><img loading=\"lazy\" decoding=\"async\" width=\"1000\" height=\"1000\" src=\"http:\/\/cultura.sma.gob.ar\/wp-content\/uploads\/2022\/10\/bodegaok.jpeg\" alt=\"\" class=\"wp-image-4080\" srcset=\"https:\/\/cultura.sma.gob.ar\/wp-content\/uploads\/2022\/10\/bodegaok.jpeg 1000w, https:\/\/cultura.sma.gob.ar\/wp-content\/uploads\/2022\/10\/bodegaok-300x300.jpeg 300w, https:\/\/cultura.sma.gob.ar\/wp-content\/uploads\/2022\/10\/bodegaok-150x150.jpeg 150w, https:\/\/cultura.sma.gob.ar\/wp-content\/uploads\/2022\/10\/bodegaok-768x768.jpeg 768w, https:\/\/cultura.sma.gob.ar\/wp-content\/uploads\/2022\/10\/bodegaok-90x90.jpeg 90w\" sizes=\"auto, (max-width: 1000px) 100vw, 1000px\" \/><\/figure>\n\n\n\n<ul class=\"wp-block-list\"><li>19:30 hs. Marcelo Gobbo. Presentaci\u00f3n del libro &#8221;Nombres propios: Un mapa de historias de San Mart\u00edn de los Andes&#8221;.<\/li><\/ul>\n\n\n\n<figure class=\"wp-block-image size-large\"><img loading=\"lazy\" decoding=\"async\" width=\"1000\" height=\"1000\" src=\"http:\/\/cultura.sma.gob.ar\/wp-content\/uploads\/2022\/10\/nombres-propios.jpeg\" alt=\"\" class=\"wp-image-4079\" srcset=\"https:\/\/cultura.sma.gob.ar\/wp-content\/uploads\/2022\/10\/nombres-propios.jpeg 1000w, https:\/\/cultura.sma.gob.ar\/wp-content\/uploads\/2022\/10\/nombres-propios-300x300.jpeg 300w, https:\/\/cultura.sma.gob.ar\/wp-content\/uploads\/2022\/10\/nombres-propios-150x150.jpeg 150w, https:\/\/cultura.sma.gob.ar\/wp-content\/uploads\/2022\/10\/nombres-propios-768x768.jpeg 768w, https:\/\/cultura.sma.gob.ar\/wp-content\/uploads\/2022\/10\/nombres-propios-90x90.jpeg 90w\" sizes=\"auto, (max-width: 1000px) 100vw, 1000px\" \/><\/figure>\n\n\n\n<ul class=\"wp-block-list\"><li>20 hs. Mar\u00eda Wernicke. Presentaci\u00f3n del libro &#8221;Contracorrientes&#8221;. Organiza Comisi\u00f3n FRL, BP 4 de febrero, ATEN.<\/li><\/ul>\n\n\n\n<figure class=\"wp-block-image size-large\"><img loading=\"lazy\" decoding=\"async\" width=\"1000\" height=\"1000\" src=\"http:\/\/cultura.sma.gob.ar\/wp-content\/uploads\/2022\/10\/Contracorriente.png\" alt=\"\" class=\"wp-image-4037\" srcset=\"https:\/\/cultura.sma.gob.ar\/wp-content\/uploads\/2022\/10\/Contracorriente.png 1000w, https:\/\/cultura.sma.gob.ar\/wp-content\/uploads\/2022\/10\/Contracorriente-300x300.png 300w, https:\/\/cultura.sma.gob.ar\/wp-content\/uploads\/2022\/10\/Contracorriente-150x150.png 150w, https:\/\/cultura.sma.gob.ar\/wp-content\/uploads\/2022\/10\/Contracorriente-768x768.png 768w, https:\/\/cultura.sma.gob.ar\/wp-content\/uploads\/2022\/10\/Contracorriente-90x90.png 90w\" sizes=\"auto, (max-width: 1000px) 100vw, 1000px\" \/><\/figure>\n\n\n\n<ul class=\"wp-block-list\"><li>20:30 hs. Rafael Urretabizkaya. Presentaci\u00f3n del libro &#8221;Circo&#8221;.<\/li><\/ul>\n\n\n\n<figure class=\"wp-block-image size-large\"><img loading=\"lazy\" decoding=\"async\" width=\"1000\" height=\"1000\" src=\"http:\/\/cultura.sma.gob.ar\/wp-content\/uploads\/2022\/10\/Circo.png\" alt=\"\" class=\"wp-image-4035\" srcset=\"https:\/\/cultura.sma.gob.ar\/wp-content\/uploads\/2022\/10\/Circo.png 1000w, https:\/\/cultura.sma.gob.ar\/wp-content\/uploads\/2022\/10\/Circo-300x300.png 300w, https:\/\/cultura.sma.gob.ar\/wp-content\/uploads\/2022\/10\/Circo-150x150.png 150w, https:\/\/cultura.sma.gob.ar\/wp-content\/uploads\/2022\/10\/Circo-768x768.png 768w, https:\/\/cultura.sma.gob.ar\/wp-content\/uploads\/2022\/10\/Circo-90x90.png 90w\" sizes=\"auto, (max-width: 1000px) 100vw, 1000px\" \/><\/figure>\n\n\n\n<p><\/p>\n","protected":false},"excerpt":{"rendered":"<p>8:30 hs. Inauguraci\u00f3n del 5to Congreso Provincial de Bibliotecas Populares del Neuqu\u00e9n. Organiza: Direcci\u00f3n Provincial de Bibliotecas Populares. Ministerio de las Culturas del Neuqu\u00e9n. 10 hs. La Punta del Ovillo &#8211; Proyecto Colectivo Intercultural. Presentaci\u00b4\u00f3n del libro &#8221;Epew, cuentan los mayores&#8221;. Organiza Editorial La Punta del Ovillo. 11 hs. Mariana Rizzutto. Presentaci\u00f3n del libro &#8221;Un buen cielo&#8221;. Organiza La Punta del Ovillo y Secretar\u00eda de &hellip; <a href=\"https:\/\/cultura.sma.gob.ar\/?p=3956\" class=\"more-link\">Continue reading <span class=\"screen-reader-text\">16\u00ba Feria Regional del Libro: jueves 13 de octubre<\/span><\/a><\/p>\n","protected":false},"author":1,"featured_media":293,"comment_status":"closed","ping_status":"","sticky":false,"template":"","format":"image","meta":{"footnotes":""},"categories":[3,9],"tags":[],"class_list":["post-3956","post","type-post","status-publish","format-image","has-post-thumbnail","hentry","category-eventos-cultura","category-ultimas-noticias","post_format-post-format-image"],"_links":{"self":[{"href":"https:\/\/cultura.sma.gob.ar\/index.php?rest_route=\/wp\/v2\/posts\/3956","targetHints":{"allow":["GET"]}}],"collection":[{"href":"https:\/\/cultura.sma.gob.ar\/index.php?rest_route=\/wp\/v2\/posts"}],"about":[{"href":"https:\/\/cultura.sma.gob.ar\/index.php?rest_route=\/wp\/v2\/types\/post"}],"author":[{"embeddable":true,"href":"https:\/\/cultura.sma.gob.ar\/index.php?rest_route=\/wp\/v2\/users\/1"}],"replies":[{"embeddable":true,"href":"https:\/\/cultura.sma.gob.ar\/index.php?rest_route=%2Fwp%2Fv2%2Fcomments&post=3956"}],"version-history":[{"count":4,"href":"https:\/\/cultura.sma.gob.ar\/index.php?rest_route=\/wp\/v2\/posts\/3956\/revisions"}],"predecessor-version":[{"id":4081,"href":"https:\/\/cultura.sma.gob.ar\/index.php?rest_route=\/wp\/v2\/posts\/3956\/revisions\/4081"}],"wp:featuredmedia":[{"embeddable":true,"href":"https:\/\/cultura.sma.gob.ar\/index.php?rest_route=\/wp\/v2\/media\/293"}],"wp:attachment":[{"href":"https:\/\/cultura.sma.gob.ar\/index.php?rest_route=%2Fwp%2Fv2%2Fmedia&parent=3956"}],"wp:term":[{"taxonomy":"category","embeddable":true,"href":"https:\/\/cultura.sma.gob.ar\/index.php?rest_route=%2Fwp%2Fv2%2Fcategories&post=3956"},{"taxonomy":"post_tag","embeddable":true,"href":"https:\/\/cultura.sma.gob.ar\/index.php?rest_route=%2Fwp%2Fv2%2Ftags&post=3956"}],"curies":[{"name":"wp","href":"https:\/\/api.w.org\/{rel}","templated":true}]}}