{"id":3953,"date":"2022-10-02T21:19:50","date_gmt":"2022-10-03T00:19:50","guid":{"rendered":"http:\/\/cultura.sma.gob.ar\/?p=3953"},"modified":"2022-10-07T16:21:23","modified_gmt":"2022-10-07T19:21:23","slug":"16o-feria-regional-del-libro-miercoles-12-de-octubre","status":"publish","type":"post","link":"https:\/\/cultura.sma.gob.ar\/?p=3953","title":{"rendered":"16\u00ba Feria Regional del Libro: mi\u00e9rcoles 12 de octubre"},"content":{"rendered":"\n<ul class=\"wp-block-list\"><li>10 hs. Flavio Calvo. Charla &#8221;\u00bfC\u00f3mo sobrevivir a internet?&#8221;. Para escuelas secundarias. Organiza Subsecretar\u00eda de Educaci\u00f3n y UFLO.<\/li><\/ul>\n\n\n\n<figure class=\"wp-block-image size-large\"><img loading=\"lazy\" decoding=\"async\" width=\"1000\" height=\"1000\" src=\"http:\/\/cultura.sma.gob.ar\/wp-content\/uploads\/2022\/10\/Como-Sobrevivir-Internet.png\" alt=\"\" class=\"wp-image-4017\" srcset=\"https:\/\/cultura.sma.gob.ar\/wp-content\/uploads\/2022\/10\/Como-Sobrevivir-Internet.png 1000w, https:\/\/cultura.sma.gob.ar\/wp-content\/uploads\/2022\/10\/Como-Sobrevivir-Internet-300x300.png 300w, https:\/\/cultura.sma.gob.ar\/wp-content\/uploads\/2022\/10\/Como-Sobrevivir-Internet-150x150.png 150w, https:\/\/cultura.sma.gob.ar\/wp-content\/uploads\/2022\/10\/Como-Sobrevivir-Internet-768x768.png 768w, https:\/\/cultura.sma.gob.ar\/wp-content\/uploads\/2022\/10\/Como-Sobrevivir-Internet-90x90.png 90w\" sizes=\"auto, (max-width: 1000px) 100vw, 1000px\" \/><\/figure>\n\n\n\n<ul class=\"wp-block-list\"><li>11 hs. Mar\u00eda Martha Paz. Presentaci\u00f3n de los libros &#8221;Sue\u00f1os enredados&#8221; y &#8221;Piedras y manzanas&#8221;. Organiza Editorial La Punta del Ovillo.<\/li><\/ul>\n\n\n\n<figure class=\"wp-block-image size-large\"><img loading=\"lazy\" decoding=\"async\" width=\"1000\" height=\"1000\" src=\"http:\/\/cultura.sma.gob.ar\/wp-content\/uploads\/2022\/10\/piedras-y-manzanas.jpeg\" alt=\"\" class=\"wp-image-4082\" srcset=\"https:\/\/cultura.sma.gob.ar\/wp-content\/uploads\/2022\/10\/piedras-y-manzanas.jpeg 1000w, https:\/\/cultura.sma.gob.ar\/wp-content\/uploads\/2022\/10\/piedras-y-manzanas-300x300.jpeg 300w, https:\/\/cultura.sma.gob.ar\/wp-content\/uploads\/2022\/10\/piedras-y-manzanas-150x150.jpeg 150w, https:\/\/cultura.sma.gob.ar\/wp-content\/uploads\/2022\/10\/piedras-y-manzanas-768x768.jpeg 768w, https:\/\/cultura.sma.gob.ar\/wp-content\/uploads\/2022\/10\/piedras-y-manzanas-90x90.jpeg 90w\" sizes=\"auto, (max-width: 1000px) 100vw, 1000px\" \/><\/figure>\n\n\n\n<ul class=\"wp-block-list\"><li>15 hs. Mar\u00eda Cristina Venturini. Presentaci\u00f3n del libro &#8221;Green mouse, blue mouse&#8221;. Organiza Editorial Orcalumis.<\/li><\/ul>\n\n\n\n<figure class=\"wp-block-image size-large\"><img loading=\"lazy\" decoding=\"async\" width=\"1000\" height=\"1000\" src=\"http:\/\/cultura.sma.gob.ar\/wp-content\/uploads\/2022\/10\/Green.png\" alt=\"\" class=\"wp-image-4019\" srcset=\"https:\/\/cultura.sma.gob.ar\/wp-content\/uploads\/2022\/10\/Green.png 1000w, https:\/\/cultura.sma.gob.ar\/wp-content\/uploads\/2022\/10\/Green-300x300.png 300w, https:\/\/cultura.sma.gob.ar\/wp-content\/uploads\/2022\/10\/Green-150x150.png 150w, https:\/\/cultura.sma.gob.ar\/wp-content\/uploads\/2022\/10\/Green-768x768.png 768w, https:\/\/cultura.sma.gob.ar\/wp-content\/uploads\/2022\/10\/Green-90x90.png 90w\" sizes=\"auto, (max-width: 1000px) 100vw, 1000px\" \/><\/figure>\n\n\n\n<ul class=\"wp-block-list\"><li>16 hs. Charla\/Taller &#8221;Adolescentes en riego&#8221;. Destinado a j\u00f3venes. Organiza Colegio de Psic\u00f3logos de la provincia del Neuqu\u00e9n.<\/li><\/ul>\n\n\n\n<figure class=\"wp-block-image size-large\"><img loading=\"lazy\" decoding=\"async\" width=\"1000\" height=\"1000\" src=\"http:\/\/cultura.sma.gob.ar\/wp-content\/uploads\/2022\/10\/Psico.png\" alt=\"\" class=\"wp-image-4020\" srcset=\"https:\/\/cultura.sma.gob.ar\/wp-content\/uploads\/2022\/10\/Psico.png 1000w, https:\/\/cultura.sma.gob.ar\/wp-content\/uploads\/2022\/10\/Psico-300x300.png 300w, https:\/\/cultura.sma.gob.ar\/wp-content\/uploads\/2022\/10\/Psico-150x150.png 150w, https:\/\/cultura.sma.gob.ar\/wp-content\/uploads\/2022\/10\/Psico-768x768.png 768w, https:\/\/cultura.sma.gob.ar\/wp-content\/uploads\/2022\/10\/Psico-90x90.png 90w\" sizes=\"auto, (max-width: 1000px) 100vw, 1000px\" \/><\/figure>\n\n\n\n<ul class=\"wp-block-list\"><li>17 hs. Mar\u00eda Eugenia Borsani y Silvia Kuas\u00f1osky. Presentaci\u00f3n del libro &#8221;Rutas decoloniales&#8221;. Organiza ISFD N\u00ba 3 y Secretar\u00eda de Cultura.<\/li><\/ul>\n\n\n\n<figure class=\"wp-block-image size-large\"><img loading=\"lazy\" decoding=\"async\" width=\"1000\" height=\"1000\" src=\"http:\/\/cultura.sma.gob.ar\/wp-content\/uploads\/2022\/10\/Rutas.png\" alt=\"\" class=\"wp-image-4021\" srcset=\"https:\/\/cultura.sma.gob.ar\/wp-content\/uploads\/2022\/10\/Rutas.png 1000w, https:\/\/cultura.sma.gob.ar\/wp-content\/uploads\/2022\/10\/Rutas-300x300.png 300w, https:\/\/cultura.sma.gob.ar\/wp-content\/uploads\/2022\/10\/Rutas-150x150.png 150w, https:\/\/cultura.sma.gob.ar\/wp-content\/uploads\/2022\/10\/Rutas-768x768.png 768w, https:\/\/cultura.sma.gob.ar\/wp-content\/uploads\/2022\/10\/Rutas-90x90.png 90w\" sizes=\"auto, (max-width: 1000px) 100vw, 1000px\" \/><\/figure>\n\n\n\n<ul class=\"wp-block-list\"><li>17:30 hs. Adriana Eberle. Presentaci\u00f3n del libro &#8221;Identidades argentinas: ideas, actores y acciones pol\u00edticas&#8221;. Organiza BP La Cascada y Secretar\u00eda de Cultura.<\/li><\/ul>\n\n\n\n<figure class=\"wp-block-image size-large\"><img loading=\"lazy\" decoding=\"async\" width=\"1000\" height=\"1000\" src=\"http:\/\/cultura.sma.gob.ar\/wp-content\/uploads\/2022\/10\/identidades-arg.png\" alt=\"\" class=\"wp-image-4022\" srcset=\"https:\/\/cultura.sma.gob.ar\/wp-content\/uploads\/2022\/10\/identidades-arg.png 1000w, https:\/\/cultura.sma.gob.ar\/wp-content\/uploads\/2022\/10\/identidades-arg-300x300.png 300w, https:\/\/cultura.sma.gob.ar\/wp-content\/uploads\/2022\/10\/identidades-arg-150x150.png 150w, https:\/\/cultura.sma.gob.ar\/wp-content\/uploads\/2022\/10\/identidades-arg-768x768.png 768w, https:\/\/cultura.sma.gob.ar\/wp-content\/uploads\/2022\/10\/identidades-arg-90x90.png 90w\" sizes=\"auto, (max-width: 1000px) 100vw, 1000px\" \/><\/figure>\n\n\n\n<ul class=\"wp-block-list\"><li>18 hs. Pablo Bernasconi. Visita guiada a la muestra &#8221;Paisaje interior&#8221;. Organiza Secretar\u00eda de Cultura.<\/li><\/ul>\n\n\n\n<figure class=\"wp-block-image size-large\"><img loading=\"lazy\" decoding=\"async\" width=\"1000\" height=\"1000\" src=\"http:\/\/cultura.sma.gob.ar\/wp-content\/uploads\/2022\/10\/Visita-guiada.png\" alt=\"\" class=\"wp-image-4023\" srcset=\"https:\/\/cultura.sma.gob.ar\/wp-content\/uploads\/2022\/10\/Visita-guiada.png 1000w, https:\/\/cultura.sma.gob.ar\/wp-content\/uploads\/2022\/10\/Visita-guiada-300x300.png 300w, https:\/\/cultura.sma.gob.ar\/wp-content\/uploads\/2022\/10\/Visita-guiada-150x150.png 150w, https:\/\/cultura.sma.gob.ar\/wp-content\/uploads\/2022\/10\/Visita-guiada-768x768.png 768w, https:\/\/cultura.sma.gob.ar\/wp-content\/uploads\/2022\/10\/Visita-guiada-90x90.png 90w\" sizes=\"auto, (max-width: 1000px) 100vw, 1000px\" \/><\/figure>\n\n\n\n<ul class=\"wp-block-list\"><li>19:30 hs. Flavio Calvo. Charla acerca de &#8221;Grooming&#8221;. Organiza Subsecretar\u00eda de Educaci\u00f3n y UFLO.<\/li><\/ul>\n\n\n\n<figure class=\"wp-block-image size-large\"><img loading=\"lazy\" decoding=\"async\" width=\"1000\" height=\"1000\" src=\"http:\/\/cultura.sma.gob.ar\/wp-content\/uploads\/2022\/10\/Grooming.png\" alt=\"\" class=\"wp-image-4024\" srcset=\"https:\/\/cultura.sma.gob.ar\/wp-content\/uploads\/2022\/10\/Grooming.png 1000w, https:\/\/cultura.sma.gob.ar\/wp-content\/uploads\/2022\/10\/Grooming-300x300.png 300w, https:\/\/cultura.sma.gob.ar\/wp-content\/uploads\/2022\/10\/Grooming-150x150.png 150w, https:\/\/cultura.sma.gob.ar\/wp-content\/uploads\/2022\/10\/Grooming-768x768.png 768w, https:\/\/cultura.sma.gob.ar\/wp-content\/uploads\/2022\/10\/Grooming-90x90.png 90w\" sizes=\"auto, (max-width: 1000px) 100vw, 1000px\" \/><\/figure>\n\n\n\n<ul class=\"wp-block-list\"><li>20:30 hs. Dalia Walker. Presentaci\u00f3n del libro &#8221;Puta Madre&#8221;. Organiza Comisi\u00f3n Organizadora FRL y Patalibro.<\/li><\/ul>\n\n\n\n<figure class=\"wp-block-image size-large\"><img loading=\"lazy\" decoding=\"async\" width=\"1000\" height=\"1000\" src=\"http:\/\/cultura.sma.gob.ar\/wp-content\/uploads\/2022\/10\/puta-madre.png\" alt=\"\" class=\"wp-image-4025\" srcset=\"https:\/\/cultura.sma.gob.ar\/wp-content\/uploads\/2022\/10\/puta-madre.png 1000w, https:\/\/cultura.sma.gob.ar\/wp-content\/uploads\/2022\/10\/puta-madre-300x300.png 300w, https:\/\/cultura.sma.gob.ar\/wp-content\/uploads\/2022\/10\/puta-madre-150x150.png 150w, https:\/\/cultura.sma.gob.ar\/wp-content\/uploads\/2022\/10\/puta-madre-768x768.png 768w, https:\/\/cultura.sma.gob.ar\/wp-content\/uploads\/2022\/10\/puta-madre-90x90.png 90w\" sizes=\"auto, (max-width: 1000px) 100vw, 1000px\" \/><\/figure>\n\n\n\n<p><\/p>\n","protected":false},"excerpt":{"rendered":"<p>10 hs. Flavio Calvo. Charla &#8221;\u00bfC\u00f3mo sobrevivir a internet?&#8221;. Para escuelas secundarias. Organiza Subsecretar\u00eda de Educaci\u00f3n y UFLO. 11 hs. Mar\u00eda Martha Paz. Presentaci\u00f3n de los libros &#8221;Sue\u00f1os enredados&#8221; y &#8221;Piedras y manzanas&#8221;. Organiza Editorial La Punta del Ovillo. 15 hs. Mar\u00eda Cristina Venturini. Presentaci\u00f3n del libro &#8221;Green mouse, blue mouse&#8221;. Organiza Editorial Orcalumis. 16 hs. Charla\/Taller &#8221;Adolescentes en riego&#8221;. Destinado a j\u00f3venes. Organiza Colegio &hellip; <a href=\"https:\/\/cultura.sma.gob.ar\/?p=3953\" class=\"more-link\">Continue reading <span class=\"screen-reader-text\">16\u00ba Feria Regional del Libro: mi\u00e9rcoles 12 de octubre<\/span><\/a><\/p>\n","protected":false},"author":1,"featured_media":293,"comment_status":"closed","ping_status":"","sticky":false,"template":"","format":"image","meta":{"footnotes":""},"categories":[3,9],"tags":[],"class_list":["post-3953","post","type-post","status-publish","format-image","has-post-thumbnail","hentry","category-eventos-cultura","category-ultimas-noticias","post_format-post-format-image"],"_links":{"self":[{"href":"https:\/\/cultura.sma.gob.ar\/index.php?rest_route=\/wp\/v2\/posts\/3953","targetHints":{"allow":["GET"]}}],"collection":[{"href":"https:\/\/cultura.sma.gob.ar\/index.php?rest_route=\/wp\/v2\/posts"}],"about":[{"href":"https:\/\/cultura.sma.gob.ar\/index.php?rest_route=\/wp\/v2\/types\/post"}],"author":[{"embeddable":true,"href":"https:\/\/cultura.sma.gob.ar\/index.php?rest_route=\/wp\/v2\/users\/1"}],"replies":[{"embeddable":true,"href":"https:\/\/cultura.sma.gob.ar\/index.php?rest_route=%2Fwp%2Fv2%2Fcomments&post=3953"}],"version-history":[{"count":3,"href":"https:\/\/cultura.sma.gob.ar\/index.php?rest_route=\/wp\/v2\/posts\/3953\/revisions"}],"predecessor-version":[{"id":4083,"href":"https:\/\/cultura.sma.gob.ar\/index.php?rest_route=\/wp\/v2\/posts\/3953\/revisions\/4083"}],"wp:featuredmedia":[{"embeddable":true,"href":"https:\/\/cultura.sma.gob.ar\/index.php?rest_route=\/wp\/v2\/media\/293"}],"wp:attachment":[{"href":"https:\/\/cultura.sma.gob.ar\/index.php?rest_route=%2Fwp%2Fv2%2Fmedia&parent=3953"}],"wp:term":[{"taxonomy":"category","embeddable":true,"href":"https:\/\/cultura.sma.gob.ar\/index.php?rest_route=%2Fwp%2Fv2%2Fcategories&post=3953"},{"taxonomy":"post_tag","embeddable":true,"href":"https:\/\/cultura.sma.gob.ar\/index.php?rest_route=%2Fwp%2Fv2%2Ftags&post=3953"}],"curies":[{"name":"wp","href":"https:\/\/api.w.org\/{rel}","templated":true}]}}