{"id":3950,"date":"2022-10-02T21:08:55","date_gmt":"2022-10-03T00:08:55","guid":{"rendered":"http:\/\/cultura.sma.gob.ar\/?p=3950"},"modified":"2022-10-06T18:14:03","modified_gmt":"2022-10-06T21:14:03","slug":"16o-feria-regional-del-libro-11-de-octubre","status":"publish","type":"post","link":"https:\/\/cultura.sma.gob.ar\/?p=3950","title":{"rendered":"16\u00ba Feria Regional del Libro: martes 11 de octubre"},"content":{"rendered":"\n<ul class=\"wp-block-list\"><li>10 hs. Flavio Calvo. Charla acerca de &#8221;\u00bfPara qu\u00e9 sirven las emociones?&#8221;. Actividad para escuelas. Organiza Subsecretar\u00eda de Educaci\u00f3n y UFLO.<\/li><\/ul>\n\n\n\n<figure class=\"wp-block-image size-large\"><img loading=\"lazy\" decoding=\"async\" width=\"1000\" height=\"1000\" src=\"http:\/\/cultura.sma.gob.ar\/wp-content\/uploads\/2022\/10\/Flavio-Calvo.png\" alt=\"\" class=\"wp-image-4005\" srcset=\"https:\/\/cultura.sma.gob.ar\/wp-content\/uploads\/2022\/10\/Flavio-Calvo.png 1000w, https:\/\/cultura.sma.gob.ar\/wp-content\/uploads\/2022\/10\/Flavio-Calvo-300x300.png 300w, https:\/\/cultura.sma.gob.ar\/wp-content\/uploads\/2022\/10\/Flavio-Calvo-150x150.png 150w, https:\/\/cultura.sma.gob.ar\/wp-content\/uploads\/2022\/10\/Flavio-Calvo-768x768.png 768w, https:\/\/cultura.sma.gob.ar\/wp-content\/uploads\/2022\/10\/Flavio-Calvo-90x90.png 90w\" sizes=\"auto, (max-width: 1000px) 100vw, 1000px\" \/><\/figure>\n\n\n\n<ul class=\"wp-block-list\"><li>11 hs. Arq. Tili Solanas. Conferencia acerca de Patrimonio arquitect\u00f3nico local &#8221;Del Pueblo a la Ciudad&#8221;. Actividad para escuela media. Organiza Comisi\u00f3n FRL.<\/li><\/ul>\n\n\n\n<figure class=\"wp-block-image size-large\"><img loading=\"lazy\" decoding=\"async\" width=\"1000\" height=\"1000\" src=\"http:\/\/cultura.sma.gob.ar\/wp-content\/uploads\/2022\/10\/Tili-Solanas-1.png\" alt=\"\" class=\"wp-image-4069\" srcset=\"https:\/\/cultura.sma.gob.ar\/wp-content\/uploads\/2022\/10\/Tili-Solanas-1.png 1000w, https:\/\/cultura.sma.gob.ar\/wp-content\/uploads\/2022\/10\/Tili-Solanas-1-300x300.png 300w, https:\/\/cultura.sma.gob.ar\/wp-content\/uploads\/2022\/10\/Tili-Solanas-1-150x150.png 150w, https:\/\/cultura.sma.gob.ar\/wp-content\/uploads\/2022\/10\/Tili-Solanas-1-768x768.png 768w, https:\/\/cultura.sma.gob.ar\/wp-content\/uploads\/2022\/10\/Tili-Solanas-1-90x90.png 90w\" sizes=\"auto, (max-width: 1000px) 100vw, 1000px\" \/><\/figure>\n\n\n\n<ul class=\"wp-block-list\"><li>15 hs. Cuenteros Comunitarios. Narraci\u00f3n oral de cuentos populares. Actividad para escuelas. Organiza Cuenteros Comunitarios.<\/li><\/ul>\n\n\n\n<figure class=\"wp-block-image size-large\"><img loading=\"lazy\" decoding=\"async\" width=\"1000\" height=\"1000\" src=\"http:\/\/cultura.sma.gob.ar\/wp-content\/uploads\/2022\/10\/Cuenteros-Comunitarios.png\" alt=\"\" class=\"wp-image-4008\" srcset=\"https:\/\/cultura.sma.gob.ar\/wp-content\/uploads\/2022\/10\/Cuenteros-Comunitarios.png 1000w, https:\/\/cultura.sma.gob.ar\/wp-content\/uploads\/2022\/10\/Cuenteros-Comunitarios-300x300.png 300w, https:\/\/cultura.sma.gob.ar\/wp-content\/uploads\/2022\/10\/Cuenteros-Comunitarios-150x150.png 150w, https:\/\/cultura.sma.gob.ar\/wp-content\/uploads\/2022\/10\/Cuenteros-Comunitarios-768x768.png 768w, https:\/\/cultura.sma.gob.ar\/wp-content\/uploads\/2022\/10\/Cuenteros-Comunitarios-90x90.png 90w\" sizes=\"auto, (max-width: 1000px) 100vw, 1000px\" \/><\/figure>\n\n\n\n<ul class=\"wp-block-list\"><li>16 hs. Cuenteros Comunitarios. Narraci\u00f3n oral de cuentos populares. Actividad para escuelas. Organiza Cuenteros Comunitarios.<\/li><\/ul>\n\n\n\n<figure class=\"wp-block-image size-large\"><img loading=\"lazy\" decoding=\"async\" width=\"1000\" height=\"1000\" src=\"http:\/\/cultura.sma.gob.ar\/wp-content\/uploads\/2022\/10\/Cuenteros-2.png\" alt=\"\" class=\"wp-image-4009\" srcset=\"https:\/\/cultura.sma.gob.ar\/wp-content\/uploads\/2022\/10\/Cuenteros-2.png 1000w, https:\/\/cultura.sma.gob.ar\/wp-content\/uploads\/2022\/10\/Cuenteros-2-300x300.png 300w, https:\/\/cultura.sma.gob.ar\/wp-content\/uploads\/2022\/10\/Cuenteros-2-150x150.png 150w, https:\/\/cultura.sma.gob.ar\/wp-content\/uploads\/2022\/10\/Cuenteros-2-768x768.png 768w, https:\/\/cultura.sma.gob.ar\/wp-content\/uploads\/2022\/10\/Cuenteros-2-90x90.png 90w\" sizes=\"auto, (max-width: 1000px) 100vw, 1000px\" \/><\/figure>\n\n\n\n<ul class=\"wp-block-list\"><li>17 hs. Presentaci\u00f3n de Proyecto de Ordenanza: &#8221;San Mart\u00edn de los Andes: ciudad de las letras&#8221;. Organiza Concejala Fernanda Gonz\u00e1lez.<\/li><\/ul>\n\n\n\n<figure class=\"wp-block-image size-large\"><img loading=\"lazy\" decoding=\"async\" width=\"1000\" height=\"1000\" src=\"http:\/\/cultura.sma.gob.ar\/wp-content\/uploads\/2022\/10\/Fernanda-Gonzalez.png\" alt=\"\" class=\"wp-image-4010\" srcset=\"https:\/\/cultura.sma.gob.ar\/wp-content\/uploads\/2022\/10\/Fernanda-Gonzalez.png 1000w, https:\/\/cultura.sma.gob.ar\/wp-content\/uploads\/2022\/10\/Fernanda-Gonzalez-300x300.png 300w, https:\/\/cultura.sma.gob.ar\/wp-content\/uploads\/2022\/10\/Fernanda-Gonzalez-150x150.png 150w, https:\/\/cultura.sma.gob.ar\/wp-content\/uploads\/2022\/10\/Fernanda-Gonzalez-768x768.png 768w, https:\/\/cultura.sma.gob.ar\/wp-content\/uploads\/2022\/10\/Fernanda-Gonzalez-90x90.png 90w\" sizes=\"auto, (max-width: 1000px) 100vw, 1000px\" \/><\/figure>\n\n\n\n<ul class=\"wp-block-list\"><li>17:30 hs. Leonardo Leggieri. Presentaci\u00f3n del libro &#8221;Editados&#8221;. Organiza La Palestra Ediciones.<\/li><\/ul>\n\n\n\n<figure class=\"wp-block-image size-large\"><img loading=\"lazy\" decoding=\"async\" width=\"1000\" height=\"1000\" src=\"http:\/\/cultura.sma.gob.ar\/wp-content\/uploads\/2022\/10\/Libro-Editados.png\" alt=\"\" class=\"wp-image-4011\" srcset=\"https:\/\/cultura.sma.gob.ar\/wp-content\/uploads\/2022\/10\/Libro-Editados.png 1000w, https:\/\/cultura.sma.gob.ar\/wp-content\/uploads\/2022\/10\/Libro-Editados-300x300.png 300w, https:\/\/cultura.sma.gob.ar\/wp-content\/uploads\/2022\/10\/Libro-Editados-150x150.png 150w, https:\/\/cultura.sma.gob.ar\/wp-content\/uploads\/2022\/10\/Libro-Editados-768x768.png 768w, https:\/\/cultura.sma.gob.ar\/wp-content\/uploads\/2022\/10\/Libro-Editados-90x90.png 90w\" sizes=\"auto, (max-width: 1000px) 100vw, 1000px\" \/><\/figure>\n\n\n\n<ul class=\"wp-block-list\"><li>18 hs. Luciana Corbetta. Presentaci\u00f3n del libro &#8221;Tripolar&#8221;, por Florencia Belaustegui. Organiza La palestra Ediciones.<\/li><\/ul>\n\n\n\n<figure class=\"wp-block-image size-large\"><img loading=\"lazy\" decoding=\"async\" width=\"1000\" height=\"1000\" src=\"http:\/\/cultura.sma.gob.ar\/wp-content\/uploads\/2022\/10\/Tripolar.png\" alt=\"\" class=\"wp-image-4012\" srcset=\"https:\/\/cultura.sma.gob.ar\/wp-content\/uploads\/2022\/10\/Tripolar.png 1000w, https:\/\/cultura.sma.gob.ar\/wp-content\/uploads\/2022\/10\/Tripolar-300x300.png 300w, https:\/\/cultura.sma.gob.ar\/wp-content\/uploads\/2022\/10\/Tripolar-150x150.png 150w, https:\/\/cultura.sma.gob.ar\/wp-content\/uploads\/2022\/10\/Tripolar-768x768.png 768w, https:\/\/cultura.sma.gob.ar\/wp-content\/uploads\/2022\/10\/Tripolar-90x90.png 90w\" sizes=\"auto, (max-width: 1000px) 100vw, 1000px\" \/><\/figure>\n\n\n\n<ul class=\"wp-block-list\"><li>18:30 hs. Adri\u00e1n Grassi y N\u00e9stor Cordiva. Presentaci\u00f3n del libro &#8221;Territorios Adolescentes&#8221;, por Rosana Ram\u00edrez. Organiza Editorial Entre Ideas y F\u00e1brica de Artistas.<\/li><\/ul>\n\n\n\n<figure class=\"wp-block-image size-large\"><img loading=\"lazy\" decoding=\"async\" width=\"1000\" height=\"1000\" src=\"http:\/\/cultura.sma.gob.ar\/wp-content\/uploads\/2022\/10\/Territorios-Adolescentes.png\" alt=\"\" class=\"wp-image-4013\" srcset=\"https:\/\/cultura.sma.gob.ar\/wp-content\/uploads\/2022\/10\/Territorios-Adolescentes.png 1000w, https:\/\/cultura.sma.gob.ar\/wp-content\/uploads\/2022\/10\/Territorios-Adolescentes-300x300.png 300w, https:\/\/cultura.sma.gob.ar\/wp-content\/uploads\/2022\/10\/Territorios-Adolescentes-150x150.png 150w, https:\/\/cultura.sma.gob.ar\/wp-content\/uploads\/2022\/10\/Territorios-Adolescentes-768x768.png 768w, https:\/\/cultura.sma.gob.ar\/wp-content\/uploads\/2022\/10\/Territorios-Adolescentes-90x90.png 90w\" sizes=\"auto, (max-width: 1000px) 100vw, 1000px\" \/><\/figure>\n\n\n\n<ul class=\"wp-block-list\"><li>19:30 hs. Flavio Calvo. Charla &#8221;\u00bfC\u00f3mo gestionar las emociones?&#8221;. Organiza Subsecretar\u00eda de Educaci\u00f3n y UFLO.<\/li><\/ul>\n\n\n\n<figure class=\"wp-block-image size-large\"><img loading=\"lazy\" decoding=\"async\" width=\"1000\" height=\"1000\" src=\"http:\/\/cultura.sma.gob.ar\/wp-content\/uploads\/2022\/10\/Emociones.png\" alt=\"\" class=\"wp-image-4014\" srcset=\"https:\/\/cultura.sma.gob.ar\/wp-content\/uploads\/2022\/10\/Emociones.png 1000w, https:\/\/cultura.sma.gob.ar\/wp-content\/uploads\/2022\/10\/Emociones-300x300.png 300w, https:\/\/cultura.sma.gob.ar\/wp-content\/uploads\/2022\/10\/Emociones-150x150.png 150w, https:\/\/cultura.sma.gob.ar\/wp-content\/uploads\/2022\/10\/Emociones-768x768.png 768w, https:\/\/cultura.sma.gob.ar\/wp-content\/uploads\/2022\/10\/Emociones-90x90.png 90w\" sizes=\"auto, (max-width: 1000px) 100vw, 1000px\" \/><\/figure>\n\n\n\n<ul class=\"wp-block-list\"><li>20:30 hs. Pepo Ferraro. Charla de la &#8221;Biodescodifiaci\u00f3n a la bioneuroemoci\u00f3n. Herramientas de sanaci\u00f3n&#8221;.<\/li><\/ul>\n\n\n\n<figure class=\"wp-block-image size-large\"><img loading=\"lazy\" decoding=\"async\" width=\"1000\" height=\"1000\" src=\"http:\/\/cultura.sma.gob.ar\/wp-content\/uploads\/2022\/10\/Bio.png\" alt=\"\" class=\"wp-image-4015\" srcset=\"https:\/\/cultura.sma.gob.ar\/wp-content\/uploads\/2022\/10\/Bio.png 1000w, https:\/\/cultura.sma.gob.ar\/wp-content\/uploads\/2022\/10\/Bio-300x300.png 300w, https:\/\/cultura.sma.gob.ar\/wp-content\/uploads\/2022\/10\/Bio-150x150.png 150w, https:\/\/cultura.sma.gob.ar\/wp-content\/uploads\/2022\/10\/Bio-768x768.png 768w, https:\/\/cultura.sma.gob.ar\/wp-content\/uploads\/2022\/10\/Bio-90x90.png 90w\" sizes=\"auto, (max-width: 1000px) 100vw, 1000px\" \/><\/figure>\n","protected":false},"excerpt":{"rendered":"<p>10 hs. Flavio Calvo. Charla acerca de &#8221;\u00bfPara qu\u00e9 sirven las emociones?&#8221;. Actividad para escuelas. Organiza Subsecretar\u00eda de Educaci\u00f3n y UFLO. 11 hs. Arq. Tili Solanas. Conferencia acerca de Patrimonio arquitect\u00f3nico local &#8221;Del Pueblo a la Ciudad&#8221;. Actividad para escuela media. Organiza Comisi\u00f3n FRL. 15 hs. Cuenteros Comunitarios. Narraci\u00f3n oral de cuentos populares. Actividad para escuelas. Organiza Cuenteros Comunitarios. 16 hs. Cuenteros Comunitarios. Narraci\u00f3n oral &hellip; <a href=\"https:\/\/cultura.sma.gob.ar\/?p=3950\" class=\"more-link\">Continue reading <span class=\"screen-reader-text\">16\u00ba Feria Regional del Libro: martes 11 de octubre<\/span><\/a><\/p>\n","protected":false},"author":1,"featured_media":293,"comment_status":"closed","ping_status":"","sticky":false,"template":"","format":"image","meta":{"footnotes":""},"categories":[3,9],"tags":[],"class_list":["post-3950","post","type-post","status-publish","format-image","has-post-thumbnail","hentry","category-eventos-cultura","category-ultimas-noticias","post_format-post-format-image"],"_links":{"self":[{"href":"https:\/\/cultura.sma.gob.ar\/index.php?rest_route=\/wp\/v2\/posts\/3950","targetHints":{"allow":["GET"]}}],"collection":[{"href":"https:\/\/cultura.sma.gob.ar\/index.php?rest_route=\/wp\/v2\/posts"}],"about":[{"href":"https:\/\/cultura.sma.gob.ar\/index.php?rest_route=\/wp\/v2\/types\/post"}],"author":[{"embeddable":true,"href":"https:\/\/cultura.sma.gob.ar\/index.php?rest_route=\/wp\/v2\/users\/1"}],"replies":[{"embeddable":true,"href":"https:\/\/cultura.sma.gob.ar\/index.php?rest_route=%2Fwp%2Fv2%2Fcomments&post=3950"}],"version-history":[{"count":3,"href":"https:\/\/cultura.sma.gob.ar\/index.php?rest_route=\/wp\/v2\/posts\/3950\/revisions"}],"predecessor-version":[{"id":4070,"href":"https:\/\/cultura.sma.gob.ar\/index.php?rest_route=\/wp\/v2\/posts\/3950\/revisions\/4070"}],"wp:featuredmedia":[{"embeddable":true,"href":"https:\/\/cultura.sma.gob.ar\/index.php?rest_route=\/wp\/v2\/media\/293"}],"wp:attachment":[{"href":"https:\/\/cultura.sma.gob.ar\/index.php?rest_route=%2Fwp%2Fv2%2Fmedia&parent=3950"}],"wp:term":[{"taxonomy":"category","embeddable":true,"href":"https:\/\/cultura.sma.gob.ar\/index.php?rest_route=%2Fwp%2Fv2%2Fcategories&post=3950"},{"taxonomy":"post_tag","embeddable":true,"href":"https:\/\/cultura.sma.gob.ar\/index.php?rest_route=%2Fwp%2Fv2%2Ftags&post=3950"}],"curies":[{"name":"wp","href":"https:\/\/api.w.org\/{rel}","templated":true}]}}