{"id":3947,"date":"2022-10-02T20:56:51","date_gmt":"2022-10-02T23:56:51","guid":{"rendered":"http:\/\/cultura.sma.gob.ar\/?p=3947"},"modified":"2022-10-07T16:01:01","modified_gmt":"2022-10-07T19:01:01","slug":"16o-feria-regional-del-libro-lunes-10-de-octubre","status":"publish","type":"post","link":"https:\/\/cultura.sma.gob.ar\/?p=3947","title":{"rendered":"16\u00ba Feria Regional del Libro: lunes 10 de octubre"},"content":{"rendered":"\n<ul class=\"wp-block-list\"><li><strong>15:30 hs:<\/strong> Skliar, S\u00e1nchez y m\u00e1s autores. Presentaci\u00f3n del libro &#8221;\u00bfQui\u00e9n anda ah\u00ed?&#8221;<\/li><\/ul>\n\n\n\n<figure class=\"wp-block-image size-large\"><img loading=\"lazy\" decoding=\"async\" width=\"1000\" height=\"1000\" src=\"http:\/\/cultura.sma.gob.ar\/wp-content\/uploads\/2022\/10\/Quien-anda-Ahi.png\" alt=\"\" class=\"wp-image-3982\" srcset=\"https:\/\/cultura.sma.gob.ar\/wp-content\/uploads\/2022\/10\/Quien-anda-Ahi.png 1000w, https:\/\/cultura.sma.gob.ar\/wp-content\/uploads\/2022\/10\/Quien-anda-Ahi-300x300.png 300w, https:\/\/cultura.sma.gob.ar\/wp-content\/uploads\/2022\/10\/Quien-anda-Ahi-150x150.png 150w, https:\/\/cultura.sma.gob.ar\/wp-content\/uploads\/2022\/10\/Quien-anda-Ahi-768x768.png 768w, https:\/\/cultura.sma.gob.ar\/wp-content\/uploads\/2022\/10\/Quien-anda-Ahi-90x90.png 90w\" sizes=\"auto, (max-width: 1000px) 100vw, 1000px\" \/><\/figure>\n\n\n\n<ul class=\"wp-block-list\"><li><strong>16 hs: <\/strong>Andr\u00e9s Murillo. Presentaci\u00f3n del libro &#8221;Maporend\u00e1&#8221;.<\/li><\/ul>\n\n\n\n<figure class=\"wp-block-image size-large\"><img loading=\"lazy\" decoding=\"async\" width=\"1000\" height=\"1000\" src=\"http:\/\/cultura.sma.gob.ar\/wp-content\/uploads\/2022\/10\/Maporenda.png\" alt=\"\" class=\"wp-image-3983\" srcset=\"https:\/\/cultura.sma.gob.ar\/wp-content\/uploads\/2022\/10\/Maporenda.png 1000w, https:\/\/cultura.sma.gob.ar\/wp-content\/uploads\/2022\/10\/Maporenda-300x300.png 300w, https:\/\/cultura.sma.gob.ar\/wp-content\/uploads\/2022\/10\/Maporenda-150x150.png 150w, https:\/\/cultura.sma.gob.ar\/wp-content\/uploads\/2022\/10\/Maporenda-768x768.png 768w, https:\/\/cultura.sma.gob.ar\/wp-content\/uploads\/2022\/10\/Maporenda-90x90.png 90w\" sizes=\"auto, (max-width: 1000px) 100vw, 1000px\" \/><\/figure>\n\n\n\n<ul class=\"wp-block-list\"><li><strong>16:30:<\/strong> Claudia Gasparini. Presentaci\u00f3n del libro &#8221;Puertas Abiertas&#8221;. Organiza Editorial Entre Ideas y F\u00e1brica de Artistas.<\/li><\/ul>\n\n\n\n<figure class=\"wp-block-image size-large\"><img loading=\"lazy\" decoding=\"async\" width=\"1000\" height=\"1000\" src=\"http:\/\/cultura.sma.gob.ar\/wp-content\/uploads\/2022\/10\/Puertas-Abiertas.png\" alt=\"\" class=\"wp-image-3984\" srcset=\"https:\/\/cultura.sma.gob.ar\/wp-content\/uploads\/2022\/10\/Puertas-Abiertas.png 1000w, https:\/\/cultura.sma.gob.ar\/wp-content\/uploads\/2022\/10\/Puertas-Abiertas-300x300.png 300w, https:\/\/cultura.sma.gob.ar\/wp-content\/uploads\/2022\/10\/Puertas-Abiertas-150x150.png 150w, https:\/\/cultura.sma.gob.ar\/wp-content\/uploads\/2022\/10\/Puertas-Abiertas-768x768.png 768w, https:\/\/cultura.sma.gob.ar\/wp-content\/uploads\/2022\/10\/Puertas-Abiertas-90x90.png 90w\" sizes=\"auto, (max-width: 1000px) 100vw, 1000px\" \/><\/figure>\n\n\n\n<ul class=\"wp-block-list\"><li><strong>17 hs.<\/strong> Actividad de Ciudadan\u00eda. Mesa Redonda acerca de medios digitales: &#8221;Lo que el p\u00fablico no ve, problemas y dilemas&#8221;. Organiza Comisi\u00f3n FRL.<\/li><\/ul>\n\n\n\n<figure class=\"wp-block-image size-large\"><img loading=\"lazy\" decoding=\"async\" width=\"1000\" height=\"1000\" src=\"http:\/\/cultura.sma.gob.ar\/wp-content\/uploads\/2022\/10\/Medios-Digitales.png\" alt=\"\" class=\"wp-image-3985\" srcset=\"https:\/\/cultura.sma.gob.ar\/wp-content\/uploads\/2022\/10\/Medios-Digitales.png 1000w, https:\/\/cultura.sma.gob.ar\/wp-content\/uploads\/2022\/10\/Medios-Digitales-300x300.png 300w, https:\/\/cultura.sma.gob.ar\/wp-content\/uploads\/2022\/10\/Medios-Digitales-150x150.png 150w, https:\/\/cultura.sma.gob.ar\/wp-content\/uploads\/2022\/10\/Medios-Digitales-768x768.png 768w, https:\/\/cultura.sma.gob.ar\/wp-content\/uploads\/2022\/10\/Medios-Digitales-90x90.png 90w\" sizes=\"auto, (max-width: 1000px) 100vw, 1000px\" \/><\/figure>\n\n\n\n<ul class=\"wp-block-list\"><li><strong>18 hs.<\/strong> Natalia Amendolaro y Cuenteros Comunitarios. Presentaci\u00f3n del libro &#8221;Otra manera de narrar el mundo&#8221;. Organiza Cuenteros Comunitarios.<\/li><\/ul>\n\n\n\n<figure class=\"wp-block-image size-large\"><img loading=\"lazy\" decoding=\"async\" width=\"1000\" height=\"1000\" src=\"http:\/\/cultura.sma.gob.ar\/wp-content\/uploads\/2022\/10\/Cuenteros.png\" alt=\"\" class=\"wp-image-3986\" srcset=\"https:\/\/cultura.sma.gob.ar\/wp-content\/uploads\/2022\/10\/Cuenteros.png 1000w, https:\/\/cultura.sma.gob.ar\/wp-content\/uploads\/2022\/10\/Cuenteros-300x300.png 300w, https:\/\/cultura.sma.gob.ar\/wp-content\/uploads\/2022\/10\/Cuenteros-150x150.png 150w, https:\/\/cultura.sma.gob.ar\/wp-content\/uploads\/2022\/10\/Cuenteros-768x768.png 768w, https:\/\/cultura.sma.gob.ar\/wp-content\/uploads\/2022\/10\/Cuenteros-90x90.png 90w\" sizes=\"auto, (max-width: 1000px) 100vw, 1000px\" \/><\/figure>\n\n\n\n<ul class=\"wp-block-list\"><li><strong>18:30 hs. <\/strong>Homenaje: \u00a1Feliz Cumple Librer\u00eda Patalibro, 20 a\u00f1os! Actividad para ni\u00f1os y ni\u00f1as. Tra\u00e9 tu dibujo con la tem\u00e1tica del cumplea\u00f1os y particip\u00e1 en el sorteo de libros. Organiza Comisi\u00f3n FRL.<\/li><\/ul>\n\n\n\n<figure class=\"wp-block-image size-large\"><img loading=\"lazy\" decoding=\"async\" width=\"1000\" height=\"1000\" src=\"http:\/\/cultura.sma.gob.ar\/wp-content\/uploads\/2022\/10\/patalibro.jpeg\" alt=\"\" class=\"wp-image-4077\" srcset=\"https:\/\/cultura.sma.gob.ar\/wp-content\/uploads\/2022\/10\/patalibro.jpeg 1000w, https:\/\/cultura.sma.gob.ar\/wp-content\/uploads\/2022\/10\/patalibro-300x300.jpeg 300w, https:\/\/cultura.sma.gob.ar\/wp-content\/uploads\/2022\/10\/patalibro-150x150.jpeg 150w, https:\/\/cultura.sma.gob.ar\/wp-content\/uploads\/2022\/10\/patalibro-768x768.jpeg 768w, https:\/\/cultura.sma.gob.ar\/wp-content\/uploads\/2022\/10\/patalibro-90x90.jpeg 90w\" sizes=\"auto, (max-width: 1000px) 100vw, 1000px\" \/><\/figure>\n\n\n\n<ul class=\"wp-block-list\"><li><strong>19:30 hs.<\/strong> Jerem\u00edas Vergara. Presentaci\u00f3n del libro &#8221;Lacarsee&#8221;.<\/li><\/ul>\n\n\n\n<figure class=\"wp-block-image size-large\"><img loading=\"lazy\" decoding=\"async\" width=\"1000\" height=\"1000\" src=\"http:\/\/cultura.sma.gob.ar\/wp-content\/uploads\/2022\/10\/Jeremias-Vergara.png\" alt=\"\" class=\"wp-image-3988\" srcset=\"https:\/\/cultura.sma.gob.ar\/wp-content\/uploads\/2022\/10\/Jeremias-Vergara.png 1000w, https:\/\/cultura.sma.gob.ar\/wp-content\/uploads\/2022\/10\/Jeremias-Vergara-300x300.png 300w, https:\/\/cultura.sma.gob.ar\/wp-content\/uploads\/2022\/10\/Jeremias-Vergara-150x150.png 150w, https:\/\/cultura.sma.gob.ar\/wp-content\/uploads\/2022\/10\/Jeremias-Vergara-768x768.png 768w, https:\/\/cultura.sma.gob.ar\/wp-content\/uploads\/2022\/10\/Jeremias-Vergara-90x90.png 90w\" sizes=\"auto, (max-width: 1000px) 100vw, 1000px\" \/><\/figure>\n\n\n\n<ul class=\"wp-block-list\"><li><strong>20 hs.<\/strong> Pablo Montanaro. Presentaci\u00f3n del libro &#8221;Malvinas, historias para no olvidar&#8221;. Organiza Secretar\u00eda de Cultura.<\/li><\/ul>\n\n\n\n<figure class=\"wp-block-image size-large\"><img loading=\"lazy\" decoding=\"async\" width=\"1000\" height=\"1000\" src=\"http:\/\/cultura.sma.gob.ar\/wp-content\/uploads\/2022\/10\/Malvinas.png\" alt=\"\" class=\"wp-image-3989\" srcset=\"https:\/\/cultura.sma.gob.ar\/wp-content\/uploads\/2022\/10\/Malvinas.png 1000w, https:\/\/cultura.sma.gob.ar\/wp-content\/uploads\/2022\/10\/Malvinas-300x300.png 300w, https:\/\/cultura.sma.gob.ar\/wp-content\/uploads\/2022\/10\/Malvinas-150x150.png 150w, https:\/\/cultura.sma.gob.ar\/wp-content\/uploads\/2022\/10\/Malvinas-768x768.png 768w, https:\/\/cultura.sma.gob.ar\/wp-content\/uploads\/2022\/10\/Malvinas-90x90.png 90w\" sizes=\"auto, (max-width: 1000px) 100vw, 1000px\" \/><\/figure>\n\n\n\n<ul class=\"wp-block-list\"><li><strong>20:30 hs.<\/strong> Estanislao Bachrach. Presentaci\u00f3n del libro &#8221;En el limbo-Aprend\u00e9 a dise\u00f1ar tus emociones para convertirte en quien siempre quisiste ser&#8221;. Organiza Comisi\u00f3n FRL<\/li><\/ul>\n\n\n\n<figure class=\"wp-block-image size-large\"><img loading=\"lazy\" decoding=\"async\" width=\"1000\" height=\"1000\" src=\"http:\/\/cultura.sma.gob.ar\/wp-content\/uploads\/2022\/10\/En-el-Limbo.png\" alt=\"\" class=\"wp-image-3990\" srcset=\"https:\/\/cultura.sma.gob.ar\/wp-content\/uploads\/2022\/10\/En-el-Limbo.png 1000w, https:\/\/cultura.sma.gob.ar\/wp-content\/uploads\/2022\/10\/En-el-Limbo-300x300.png 300w, https:\/\/cultura.sma.gob.ar\/wp-content\/uploads\/2022\/10\/En-el-Limbo-150x150.png 150w, https:\/\/cultura.sma.gob.ar\/wp-content\/uploads\/2022\/10\/En-el-Limbo-768x768.png 768w, https:\/\/cultura.sma.gob.ar\/wp-content\/uploads\/2022\/10\/En-el-Limbo-90x90.png 90w\" sizes=\"auto, (max-width: 1000px) 100vw, 1000px\" \/><\/figure>\n\n\n\n<p><\/p>\n","protected":false},"excerpt":{"rendered":"<p>15:30 hs: Skliar, S\u00e1nchez y m\u00e1s autores. Presentaci\u00f3n del libro &#8221;\u00bfQui\u00e9n anda ah\u00ed?&#8221; 16 hs: Andr\u00e9s Murillo. Presentaci\u00f3n del libro &#8221;Maporend\u00e1&#8221;. 16:30: Claudia Gasparini. Presentaci\u00f3n del libro &#8221;Puertas Abiertas&#8221;. Organiza Editorial Entre Ideas y F\u00e1brica de Artistas. 17 hs. Actividad de Ciudadan\u00eda. Mesa Redonda acerca de medios digitales: &#8221;Lo que el p\u00fablico no ve, problemas y dilemas&#8221;. Organiza Comisi\u00f3n FRL. 18 hs. Natalia Amendolaro y &hellip; <a href=\"https:\/\/cultura.sma.gob.ar\/?p=3947\" class=\"more-link\">Continue reading <span class=\"screen-reader-text\">16\u00ba Feria Regional del Libro: lunes 10 de octubre<\/span><\/a><\/p>\n","protected":false},"author":1,"featured_media":293,"comment_status":"closed","ping_status":"","sticky":false,"template":"","format":"image","meta":{"footnotes":""},"categories":[3,9],"tags":[],"class_list":["post-3947","post","type-post","status-publish","format-image","has-post-thumbnail","hentry","category-eventos-cultura","category-ultimas-noticias","post_format-post-format-image"],"_links":{"self":[{"href":"https:\/\/cultura.sma.gob.ar\/index.php?rest_route=\/wp\/v2\/posts\/3947","targetHints":{"allow":["GET"]}}],"collection":[{"href":"https:\/\/cultura.sma.gob.ar\/index.php?rest_route=\/wp\/v2\/posts"}],"about":[{"href":"https:\/\/cultura.sma.gob.ar\/index.php?rest_route=\/wp\/v2\/types\/post"}],"author":[{"embeddable":true,"href":"https:\/\/cultura.sma.gob.ar\/index.php?rest_route=\/wp\/v2\/users\/1"}],"replies":[{"embeddable":true,"href":"https:\/\/cultura.sma.gob.ar\/index.php?rest_route=%2Fwp%2Fv2%2Fcomments&post=3947"}],"version-history":[{"count":3,"href":"https:\/\/cultura.sma.gob.ar\/index.php?rest_route=\/wp\/v2\/posts\/3947\/revisions"}],"predecessor-version":[{"id":4078,"href":"https:\/\/cultura.sma.gob.ar\/index.php?rest_route=\/wp\/v2\/posts\/3947\/revisions\/4078"}],"wp:featuredmedia":[{"embeddable":true,"href":"https:\/\/cultura.sma.gob.ar\/index.php?rest_route=\/wp\/v2\/media\/293"}],"wp:attachment":[{"href":"https:\/\/cultura.sma.gob.ar\/index.php?rest_route=%2Fwp%2Fv2%2Fmedia&parent=3947"}],"wp:term":[{"taxonomy":"category","embeddable":true,"href":"https:\/\/cultura.sma.gob.ar\/index.php?rest_route=%2Fwp%2Fv2%2Fcategories&post=3947"},{"taxonomy":"post_tag","embeddable":true,"href":"https:\/\/cultura.sma.gob.ar\/index.php?rest_route=%2Fwp%2Fv2%2Ftags&post=3947"}],"curies":[{"name":"wp","href":"https:\/\/api.w.org\/{rel}","templated":true}]}}