{"id":3944,"date":"2022-10-02T20:37:35","date_gmt":"2022-10-02T23:37:35","guid":{"rendered":"http:\/\/cultura.sma.gob.ar\/?p=3944"},"modified":"2022-10-07T15:57:26","modified_gmt":"2022-10-07T18:57:26","slug":"inauguracion-de-la-feria-regional-del-libro","status":"publish","type":"post","link":"https:\/\/cultura.sma.gob.ar\/?p=3944","title":{"rendered":"Inauguraci\u00f3n de la Feria Regional del Libro"},"content":{"rendered":"\n<ul class=\"wp-block-list\"><li><strong>19 hs: Acto de Inauguraci\u00f3n<\/strong><\/li><\/ul>\n\n\n\n<p>Contar\u00e1 con la participaci\u00f3n del intendente municipal Carlos Saloniti, el secretario de Cultura Gustavo Santos, y otras autoridades.<\/p>\n\n\n\n<ul class=\"wp-block-list\"><li><strong>19:30: Presentaci\u00f3n del libro &#8221;Relatos de estos tiempos raros&#8221;. Ganadores del Centro Editor Municipal 2022. Organiza: Centro Editor Municipal, Secretar\u00eda de Cultura. <\/strong><\/li><\/ul>\n\n\n\n<p>Se presentar\u00e1n los autores Mart\u00edn Comesa\u00f1a, Rodrigo Zabala, Mart\u00edn Casta\u00f1eda y Mateo Barros, y las escritoras Natalia Amendolaro, Maia Coletto y Maite Sampablo.<\/p>\n\n\n\n<figure class=\"wp-block-image size-large\"><img loading=\"lazy\" decoding=\"async\" width=\"1000\" height=\"1000\" src=\"http:\/\/cultura.sma.gob.ar\/wp-content\/uploads\/2022\/10\/CEM.png\" alt=\"\" class=\"wp-image-3992\" srcset=\"https:\/\/cultura.sma.gob.ar\/wp-content\/uploads\/2022\/10\/CEM.png 1000w, https:\/\/cultura.sma.gob.ar\/wp-content\/uploads\/2022\/10\/CEM-300x300.png 300w, https:\/\/cultura.sma.gob.ar\/wp-content\/uploads\/2022\/10\/CEM-150x150.png 150w, https:\/\/cultura.sma.gob.ar\/wp-content\/uploads\/2022\/10\/CEM-768x768.png 768w, https:\/\/cultura.sma.gob.ar\/wp-content\/uploads\/2022\/10\/CEM-90x90.png 90w\" sizes=\"auto, (max-width: 1000px) 100vw, 1000px\" \/><\/figure>\n\n\n\n<ul class=\"wp-block-list\"><li><strong>20 hs: Presentaci\u00f3n de Agustina Bazterrica. Organiza Comisi\u00f3n FRL.<\/strong><\/li><\/ul>\n\n\n\n<p>La jurado invitada por el CEM ser\u00e1 entrevistada por Soledad Ianello.<\/p>\n\n\n\n<figure class=\"wp-block-image size-large\"><img loading=\"lazy\" decoding=\"async\" width=\"1000\" height=\"1000\" src=\"http:\/\/cultura.sma.gob.ar\/wp-content\/uploads\/2022\/10\/bazterrica.jpeg\" alt=\"\" class=\"wp-image-4075\" srcset=\"https:\/\/cultura.sma.gob.ar\/wp-content\/uploads\/2022\/10\/bazterrica.jpeg 1000w, https:\/\/cultura.sma.gob.ar\/wp-content\/uploads\/2022\/10\/bazterrica-300x300.jpeg 300w, https:\/\/cultura.sma.gob.ar\/wp-content\/uploads\/2022\/10\/bazterrica-150x150.jpeg 150w, https:\/\/cultura.sma.gob.ar\/wp-content\/uploads\/2022\/10\/bazterrica-768x768.jpeg 768w, https:\/\/cultura.sma.gob.ar\/wp-content\/uploads\/2022\/10\/bazterrica-90x90.jpeg 90w\" sizes=\"auto, (max-width: 1000px) 100vw, 1000px\" \/><\/figure>\n","protected":false},"excerpt":{"rendered":"<p>19 hs: Acto de Inauguraci\u00f3n Contar\u00e1 con la participaci\u00f3n del intendente municipal Carlos Saloniti, el secretario de Cultura Gustavo Santos, y otras autoridades. 19:30: Presentaci\u00f3n del libro &#8221;Relatos de estos tiempos raros&#8221;. Ganadores del Centro Editor Municipal 2022. Organiza: Centro Editor Municipal, Secretar\u00eda de Cultura. Se presentar\u00e1n los autores Mart\u00edn Comesa\u00f1a, Rodrigo Zabala, Mart\u00edn Casta\u00f1eda y Mateo Barros, y las escritoras Natalia Amendolaro, Maia Coletto &hellip; <a href=\"https:\/\/cultura.sma.gob.ar\/?p=3944\" class=\"more-link\">Continue reading <span class=\"screen-reader-text\">Inauguraci\u00f3n de la Feria Regional del Libro<\/span><\/a><\/p>\n","protected":false},"author":1,"featured_media":293,"comment_status":"closed","ping_status":"","sticky":false,"template":"","format":"image","meta":{"footnotes":""},"categories":[3,9],"tags":[],"class_list":["post-3944","post","type-post","status-publish","format-image","has-post-thumbnail","hentry","category-eventos-cultura","category-ultimas-noticias","post_format-post-format-image"],"_links":{"self":[{"href":"https:\/\/cultura.sma.gob.ar\/index.php?rest_route=\/wp\/v2\/posts\/3944","targetHints":{"allow":["GET"]}}],"collection":[{"href":"https:\/\/cultura.sma.gob.ar\/index.php?rest_route=\/wp\/v2\/posts"}],"about":[{"href":"https:\/\/cultura.sma.gob.ar\/index.php?rest_route=\/wp\/v2\/types\/post"}],"author":[{"embeddable":true,"href":"https:\/\/cultura.sma.gob.ar\/index.php?rest_route=\/wp\/v2\/users\/1"}],"replies":[{"embeddable":true,"href":"https:\/\/cultura.sma.gob.ar\/index.php?rest_route=%2Fwp%2Fv2%2Fcomments&post=3944"}],"version-history":[{"count":3,"href":"https:\/\/cultura.sma.gob.ar\/index.php?rest_route=\/wp\/v2\/posts\/3944\/revisions"}],"predecessor-version":[{"id":4076,"href":"https:\/\/cultura.sma.gob.ar\/index.php?rest_route=\/wp\/v2\/posts\/3944\/revisions\/4076"}],"wp:featuredmedia":[{"embeddable":true,"href":"https:\/\/cultura.sma.gob.ar\/index.php?rest_route=\/wp\/v2\/media\/293"}],"wp:attachment":[{"href":"https:\/\/cultura.sma.gob.ar\/index.php?rest_route=%2Fwp%2Fv2%2Fmedia&parent=3944"}],"wp:term":[{"taxonomy":"category","embeddable":true,"href":"https:\/\/cultura.sma.gob.ar\/index.php?rest_route=%2Fwp%2Fv2%2Fcategories&post=3944"},{"taxonomy":"post_tag","embeddable":true,"href":"https:\/\/cultura.sma.gob.ar\/index.php?rest_route=%2Fwp%2Fv2%2Ftags&post=3944"}],"curies":[{"name":"wp","href":"https:\/\/api.w.org\/{rel}","templated":true}]}}