{"id":394,"date":"2020-10-10T14:26:17","date_gmt":"2020-10-10T17:26:17","guid":{"rendered":"http:\/\/cultura.sma.gob.ar\/?p=394"},"modified":"2020-10-10T14:26:17","modified_gmt":"2020-10-10T17:26:17","slug":"duo-mandinga-en-el-ciclo-viernes-culturales-del-centro-cultural-cotesma","status":"publish","type":"post","link":"https:\/\/cultura.sma.gob.ar\/?p=394","title":{"rendered":"D\u00fao Mandinga en el ciclo Viernes Culturales del Centro Cultural Cotesma"},"content":{"rendered":"\n<figure class=\"wp-block-image size-large\"><img loading=\"lazy\" decoding=\"async\" width=\"960\" height=\"720\" src=\"http:\/\/cultura.sma.gob.ar\/wp-content\/uploads\/2020\/10\/DUO-MANDINGA-FLYER.jpeg\" alt=\"\" class=\"wp-image-395\" srcset=\"https:\/\/cultura.sma.gob.ar\/wp-content\/uploads\/2020\/10\/DUO-MANDINGA-FLYER.jpeg 960w, https:\/\/cultura.sma.gob.ar\/wp-content\/uploads\/2020\/10\/DUO-MANDINGA-FLYER-300x225.jpeg 300w, https:\/\/cultura.sma.gob.ar\/wp-content\/uploads\/2020\/10\/DUO-MANDINGA-FLYER-768x576.jpeg 768w, https:\/\/cultura.sma.gob.ar\/wp-content\/uploads\/2020\/10\/DUO-MANDINGA-FLYER-120x90.jpeg 120w\" sizes=\"auto, (max-width: 960px) 100vw, 960px\" \/><\/figure>\n\n\n\n<p>El pr\u00f3ximo viernes, 16 de octubre a las 19:30hs, fusionando el Ciclo \u201c<a href=\"https:\/\/correo.smandes.gov.ar\/owa\/redir.aspx?C=40d2c0d30e694e8cb95b7e9bfeac6423&amp;URL=https%3a%2f%2fwww.facebook.com%2fMuSa-Musiques-de-SMA-108453024340023\" target=\"_blank\" rel=\"noreferrer noopener\">Mu.Sa.<\/a>\u201d con \u201cLOS VIERNES CULTURALES\u201d, el&nbsp;<strong><em>\u201cD\u00fao Mandinga\u201d<\/em><\/strong>&nbsp;se presenta en vivo, v\u00eda streaming, sin p\u00fablico y bajo protocolo sanitario, desde nuestra querida Sala Amankay.<\/p>\n\n\n\n<p>\u201cMandinga\u201d es un d\u00fao que reside en San Mart\u00edn de los Andes (Neuqu\u00e9n Argentina) formado por Fernando Formigo en quena y Sebasti\u00e1n Cenzano en piano (ambos docentes de la Escuela Superior de M\u00fasica San Mart\u00edn de los Andes), abordamos un repertorio de m\u00fasica popular argentina, pero sobre todo la m\u00fasica del Maestro Astor Piazzolla, y de este \u00faltimo piezas con poca difusi\u00f3n.<\/p>\n\n\n\n<p>Hace m\u00e1s de 2 a\u00f1os que trabajamos en empoderar la quena americana, maravilloso instrumento, llev\u00e1ndola a un desarrollo t\u00e9cnico y expresivo incorporando improvisaciones en g\u00e9neros que son poco convencionales para dicho instrumento, ensambl\u00e1ndolo con un emblem\u00e1tico instrumento como es el piano cl\u00e1sico.<\/p>\n\n\n\n<p>Ya hemos realizado varias presentaciones en la zona, dejando nuestra impronta, fuimos convocados para representar a Argentina en el \u201cIII Festival Internacional de Quenistas\u201d en Paris Francia, junio del 2019, \u201cFestival Internacional de Flautas del Mundo\u201d en Mendoza septiembre 2019, \u201cXII Encuentro Internacional de Quenistas\u201d, virtual 2020 Lima-Per\u00fa. Adem\u00e1s, hemos realizado dos videos con el apoyo del INAMU (instituto nacional de la m\u00fasica) que se pueden ver en nuestro canal de youtube:&nbsp;<a href=\"https:\/\/correo.smandes.gov.ar\/owa\/redir.aspx?C=40d2c0d30e694e8cb95b7e9bfeac6423&amp;URL=https%3a%2f%2fwww.youtube.com%2fchannel%2fUC_E-OuF8HtlHCd_XuVVZKmw\" target=\"_blank\" rel=\"noreferrer noopener\">https:\/\/www.youtube.com\/channel\/UC_E-OuF8HtlHCd_XuVVZKmw<\/a><\/p>\n\n\n\n<p>Durante el periodo de pandemia, \u201cMandinga\u201d ha recorrido los hospitales de la regi\u00f3n de los lagos, como Junin de los Andes, San Martin de los Andes y Villa la Angostura, tocando para los trabajadores de la salud, y las personas que se encentran internadas.<\/p>\n\n\n\n<p>Seguilo en vivo desde el Facebook Live de&nbsp;<a href=\"https:\/\/correo.smandes.gov.ar\/owa\/redir.aspx?C=40d2c0d30e694e8cb95b7e9bfeac6423&amp;URL=https%3a%2f%2fwww.facebook.com%2fMandingaquenaypiano\" target=\"_blank\" rel=\"noreferrer noopener\">Mandinga<\/a>.<\/p>\n\n\n\n<p>Adem\u00e1s de disfrutar, pod\u00e9s colaborar con los artistas a los siguientes links:<br>Bono contribuci\u00f3n 200 pesos:&nbsp;&nbsp;&nbsp;<a href=\"https:\/\/correo.smandes.gov.ar\/owa\/redir.aspx?C=40d2c0d30e694e8cb95b7e9bfeac6423&amp;URL=https%3a%2f%2fmpago.la%2f2FJYyoN\" target=\"_blank\" rel=\"noreferrer noopener\">https:\/\/mpago.la\/2FJYyoN<\/a><br>Bono contribuci\u00f3n 400 pesos:&nbsp;&nbsp;&nbsp;<a href=\"https:\/\/correo.smandes.gov.ar\/owa\/redir.aspx?C=40d2c0d30e694e8cb95b7e9bfeac6423&amp;URL=https%3a%2f%2fmpago.la%2f1p67MNk\" target=\"_blank\" rel=\"noreferrer noopener\">https:\/\/mpago.la\/1p67MNk<\/a><br>Bono contribuci\u00f3n 600 pesos:&nbsp;&nbsp;&nbsp;<a href=\"https:\/\/correo.smandes.gov.ar\/owa\/redir.aspx?C=40d2c0d30e694e8cb95b7e9bfeac6423&amp;URL=https%3a%2f%2fmpago.la%2f33T6Fp7\" target=\"_blank\" rel=\"noreferrer noopener\">https:\/\/mpago.la\/33T6Fp7<\/a><br>Bono contribuci\u00f3n 1000 pesos:&nbsp;<a href=\"https:\/\/correo.smandes.gov.ar\/owa\/redir.aspx?C=40d2c0d30e694e8cb95b7e9bfeac6423&amp;URL=https%3a%2f%2fmpago.la%2f2o61KNa\" target=\"_blank\" rel=\"noreferrer noopener\">https:\/\/mpago.la\/2o61KNa<\/a><\/p>\n","protected":false},"excerpt":{"rendered":"<p>Viernes 16 de octubre a las 19:30hs <a href=\"https:\/\/cultura.sma.gob.ar\/?p=394\" class=\"more-link\">Continue reading <span class=\"screen-reader-text\">D\u00fao Mandinga en el ciclo Viernes Culturales del Centro Cultural Cotesma<\/span><\/a><\/p>\n","protected":false},"author":1,"featured_media":297,"comment_status":"closed","ping_status":"","sticky":false,"template":"","format":"image","meta":{"footnotes":""},"categories":[2,9],"tags":[],"class_list":["post-394","post","type-post","status-publish","format-image","has-post-thumbnail","hentry","category-ciudad-cultural","category-ultimas-noticias","post_format-post-format-image"],"_links":{"self":[{"href":"https:\/\/cultura.sma.gob.ar\/index.php?rest_route=\/wp\/v2\/posts\/394","targetHints":{"allow":["GET"]}}],"collection":[{"href":"https:\/\/cultura.sma.gob.ar\/index.php?rest_route=\/wp\/v2\/posts"}],"about":[{"href":"https:\/\/cultura.sma.gob.ar\/index.php?rest_route=\/wp\/v2\/types\/post"}],"author":[{"embeddable":true,"href":"https:\/\/cultura.sma.gob.ar\/index.php?rest_route=\/wp\/v2\/users\/1"}],"replies":[{"embeddable":true,"href":"https:\/\/cultura.sma.gob.ar\/index.php?rest_route=%2Fwp%2Fv2%2Fcomments&post=394"}],"version-history":[{"count":1,"href":"https:\/\/cultura.sma.gob.ar\/index.php?rest_route=\/wp\/v2\/posts\/394\/revisions"}],"predecessor-version":[{"id":396,"href":"https:\/\/cultura.sma.gob.ar\/index.php?rest_route=\/wp\/v2\/posts\/394\/revisions\/396"}],"wp:featuredmedia":[{"embeddable":true,"href":"https:\/\/cultura.sma.gob.ar\/index.php?rest_route=\/wp\/v2\/media\/297"}],"wp:attachment":[{"href":"https:\/\/cultura.sma.gob.ar\/index.php?rest_route=%2Fwp%2Fv2%2Fmedia&parent=394"}],"wp:term":[{"taxonomy":"category","embeddable":true,"href":"https:\/\/cultura.sma.gob.ar\/index.php?rest_route=%2Fwp%2Fv2%2Fcategories&post=394"},{"taxonomy":"post_tag","embeddable":true,"href":"https:\/\/cultura.sma.gob.ar\/index.php?rest_route=%2Fwp%2Fv2%2Ftags&post=394"}],"curies":[{"name":"wp","href":"https:\/\/api.w.org\/{rel}","templated":true}]}}