{"id":3932,"date":"2022-09-29T21:13:51","date_gmt":"2022-09-30T00:13:51","guid":{"rendered":"http:\/\/cultura.sma.gob.ar\/?p=3932"},"modified":"2022-09-29T21:13:51","modified_gmt":"2022-09-30T00:13:51","slug":"ciclo-de-teatro-adolescente-voces-y-mas-voces","status":"publish","type":"post","link":"https:\/\/cultura.sma.gob.ar\/?p=3932","title":{"rendered":"Ciclo de Teatro Adolescente &#8221;Voces y m\u00e1s Voces&#8221;"},"content":{"rendered":"\n<figure class=\"wp-block-image size-large\"><img loading=\"lazy\" decoding=\"async\" width=\"530\" height=\"750\" src=\"http:\/\/cultura.sma.gob.ar\/wp-content\/uploads\/2022\/09\/VOCES-Y-MAS-VOCES-flyer-1.png\" alt=\"\" class=\"wp-image-3934\" srcset=\"https:\/\/cultura.sma.gob.ar\/wp-content\/uploads\/2022\/09\/VOCES-Y-MAS-VOCES-flyer-1.png 530w, https:\/\/cultura.sma.gob.ar\/wp-content\/uploads\/2022\/09\/VOCES-Y-MAS-VOCES-flyer-1-212x300.png 212w, https:\/\/cultura.sma.gob.ar\/wp-content\/uploads\/2022\/09\/VOCES-Y-MAS-VOCES-flyer-1-64x90.png 64w\" sizes=\"auto, (max-width: 530px) 100vw, 530px\" \/><\/figure>\n\n\n\n<p>El pr\u00f3ximo jueves, 27 de octubre a las 21hs, en la Sala Amankay, en el marco del Ciclo de Teatro Adolescente, organizado por el Estudio de Actuaci\u00f3n Mariano Tenaglia, de la mano de la Escuela del Sol y el Centro Cultural Cotesma, llega \u201cVOCES Y M\u00c1S VOCES\u201d.<br>&#8220;Voces y m\u00e1s voces&#8221; es un espect\u00e1culo que contiene la obra de teatro &#8220;Voces&#8221;, la cual transcurre dentro de la cabeza de un joven, quien intenta arduamente redactar una carta para un amor plat\u00f3nico, mientras se ve afectado por la variedad de sentimientos y opiniones de sus voces internas.<br>Adem\u00e1s, contiene un conjunto de mon\u00f3logos de una gran diversidad tem\u00e1tica, todos escritos e interpretados por adolescentes.<\/p>\n\n\n\n<p>Entrada General $700, en venta en la boleteria del Centro Cultural.<\/p>\n\n\n\n<p>Sobre el Ciclo de Teatro Adolescente:<br>El estudio de actuaci\u00f3n Mariano Tenaglia presenta un ciclo de&nbsp;<strong><em>TEATRO ADOLESCENTE<\/em><\/strong>, de la mano de la Escuela del Sol y el Centro Cultural Cotesma.<br>Con elencos que suman una totalidad de m\u00e1s de 50 adolescentes, se presentar\u00e1n 16 funciones en 8 fechas.<br>Dicho ciclo est\u00e1 conformado de 4 espect\u00e1culos y m\u00e1s de 20 obras, en su mayor\u00eda de autor\u00eda propia.<\/p>\n\n\n\n<p>\u00bfQu\u00e9 esper\u00e1s para sumarte a esta experiencia dram\u00e1tica? A viajar por las infinitas variables de la ficci\u00f3n a su vez de la verdad, en donde el \u00fanico l\u00edmite es la interpretaci\u00f3n y creatividad del espectador.<br>Un l\u00edmite, que aseguramos, no ser\u00e1 f\u00e1cil de encontrar&#8230;<\/p>\n","protected":false},"excerpt":{"rendered":"<p>El pr\u00f3ximo jueves, 27 de octubre a las 21hs, en la Sala Amankay, en el marco del Ciclo de Teatro Adolescente, organizado por el Estudio de Actuaci\u00f3n Mariano Tenaglia, de la mano de la Escuela del Sol y el Centro Cultural Cotesma, llega \u201cVOCES Y M\u00c1S VOCES\u201d.&#8220;Voces y m\u00e1s voces&#8221; es un espect\u00e1culo que contiene la obra de teatro &#8220;Voces&#8221;, la cual transcurre dentro de &hellip; <a href=\"https:\/\/cultura.sma.gob.ar\/?p=3932\" class=\"more-link\">Continue reading <span class=\"screen-reader-text\">Ciclo de Teatro Adolescente &#8221;Voces y m\u00e1s Voces&#8221;<\/span><\/a><\/p>\n","protected":false},"author":1,"featured_media":297,"comment_status":"closed","ping_status":"","sticky":false,"template":"","format":"image","meta":{"footnotes":""},"categories":[2,9],"tags":[],"class_list":["post-3932","post","type-post","status-publish","format-image","has-post-thumbnail","hentry","category-ciudad-cultural","category-ultimas-noticias","post_format-post-format-image"],"_links":{"self":[{"href":"https:\/\/cultura.sma.gob.ar\/index.php?rest_route=\/wp\/v2\/posts\/3932","targetHints":{"allow":["GET"]}}],"collection":[{"href":"https:\/\/cultura.sma.gob.ar\/index.php?rest_route=\/wp\/v2\/posts"}],"about":[{"href":"https:\/\/cultura.sma.gob.ar\/index.php?rest_route=\/wp\/v2\/types\/post"}],"author":[{"embeddable":true,"href":"https:\/\/cultura.sma.gob.ar\/index.php?rest_route=\/wp\/v2\/users\/1"}],"replies":[{"embeddable":true,"href":"https:\/\/cultura.sma.gob.ar\/index.php?rest_route=%2Fwp%2Fv2%2Fcomments&post=3932"}],"version-history":[{"count":1,"href":"https:\/\/cultura.sma.gob.ar\/index.php?rest_route=\/wp\/v2\/posts\/3932\/revisions"}],"predecessor-version":[{"id":3935,"href":"https:\/\/cultura.sma.gob.ar\/index.php?rest_route=\/wp\/v2\/posts\/3932\/revisions\/3935"}],"wp:featuredmedia":[{"embeddable":true,"href":"https:\/\/cultura.sma.gob.ar\/index.php?rest_route=\/wp\/v2\/media\/297"}],"wp:attachment":[{"href":"https:\/\/cultura.sma.gob.ar\/index.php?rest_route=%2Fwp%2Fv2%2Fmedia&parent=3932"}],"wp:term":[{"taxonomy":"category","embeddable":true,"href":"https:\/\/cultura.sma.gob.ar\/index.php?rest_route=%2Fwp%2Fv2%2Fcategories&post=3932"},{"taxonomy":"post_tag","embeddable":true,"href":"https:\/\/cultura.sma.gob.ar\/index.php?rest_route=%2Fwp%2Fv2%2Ftags&post=3932"}],"curies":[{"name":"wp","href":"https:\/\/api.w.org\/{rel}","templated":true}]}}