{"id":3928,"date":"2022-09-28T13:09:12","date_gmt":"2022-09-28T16:09:12","guid":{"rendered":"http:\/\/cultura.sma.gob.ar\/?p=3928"},"modified":"2022-10-05T19:58:13","modified_gmt":"2022-10-05T22:58:13","slug":"llega-una-nueva-edicion-de-la-feria-regional-del-libro","status":"publish","type":"post","link":"https:\/\/cultura.sma.gob.ar\/?p=3928","title":{"rendered":"\u00a1Llega una nueva edici\u00f3n de la Feria Regional del Libro!"},"content":{"rendered":"\n<figure class=\"wp-block-image size-large\"><img loading=\"lazy\" decoding=\"async\" width=\"1024\" height=\"1024\" src=\"http:\/\/cultura.sma.gob.ar\/wp-content\/uploads\/2022\/10\/afiche-y-rrss-logos-nuevos-02-1024x1024.jpg\" alt=\"\" class=\"wp-image-4002\" srcset=\"https:\/\/cultura.sma.gob.ar\/wp-content\/uploads\/2022\/10\/afiche-y-rrss-logos-nuevos-02-1024x1024.jpg 1024w, https:\/\/cultura.sma.gob.ar\/wp-content\/uploads\/2022\/10\/afiche-y-rrss-logos-nuevos-02-300x300.jpg 300w, https:\/\/cultura.sma.gob.ar\/wp-content\/uploads\/2022\/10\/afiche-y-rrss-logos-nuevos-02-150x150.jpg 150w, https:\/\/cultura.sma.gob.ar\/wp-content\/uploads\/2022\/10\/afiche-y-rrss-logos-nuevos-02-768x768.jpg 768w, https:\/\/cultura.sma.gob.ar\/wp-content\/uploads\/2022\/10\/afiche-y-rrss-logos-nuevos-02-1536x1536.jpg 1536w, https:\/\/cultura.sma.gob.ar\/wp-content\/uploads\/2022\/10\/afiche-y-rrss-logos-nuevos-02-90x90.jpg 90w, https:\/\/cultura.sma.gob.ar\/wp-content\/uploads\/2022\/10\/afiche-y-rrss-logos-nuevos-02.jpg 1875w\" sizes=\"auto, (max-width: 1024px) 100vw, 1024px\" \/><\/figure>\n\n\n\n<p>Bajo el lema \u201cLeer (nos) incluye\u201d, la 16\u00aa edici\u00f3n de la Feria Regional del Libro se realizar\u00e1 del 9 al 16 de octubre en la globa ubicada en calle Drury al 600, con acceso desde calle Gral. Roca, y en otros espacios de la ciudad.<\/p>\n\n\n\n<p>El acto inaugural se realizar\u00e1 el domingo 9 a las 19 hs en el auditorio de la feria y contar\u00e1 con la participaci\u00f3n del intendente municipal Carlos Saloniti, el secretario de Cultura Gustavo Santos, y otras autoridades.<\/p>\n\n\n\n<p>La primera jornada de la feria continuar\u00e1 con la presentaci\u00f3n del libro de cuentos \u201cRelatos de estos tiempos raros\u201d, del Centro Editor Municipal, con la presencia de autores, integrantes de la comisi\u00f3n del CEM y la escritora Agustina Bazterrica, que particip\u00f3 en la selecci\u00f3n de los relatos. El libro es el resultado del XXIV concurso del Centro Editor Municipal, realizado este a\u00f1o.<\/p>\n\n\n\n<p>Posteriormente Agustina Bazterrica ser\u00e1 entrevistada por la comunicadora Soledad Ianiello, finalizando la jornada inaugural.<\/p>\n\n\n\n<p>Esta edici\u00f3n de la Feria Regional del Libro tendr\u00e1 m\u00e1s de 90 actividades de entrada libre y gratuita que se desarrollar\u00e1n en el auditorio de la feria y en otros espacios de la ciudad. Como en ediciones anteriores, la programaci\u00f3n incluye presentaciones de una gran cantidad de autores regionales y locales, e invitados especiales. Este a\u00f1o tendremos la visita de Estanislao Bachrach, Agustina Bazterrica, Pablo Ramos, Leo Oyola, Dalia Walker, Mar\u00eda Wernicke y Liliana Lukin, entre otros escritores de gran trayectoria nacional.<\/p>\n\n\n\n<p>Por otra parte, en el auditorio se podr\u00e1 visitar la muestra \u201cPaisaje interior\u201d, del reconocido artista pl\u00e1stico y autor Pablo Bernasconi.<\/p>\n\n\n\n<p>Adem\u00e1s del auditorio y las actividades anexas, la feria contar\u00e1 con su caracter\u00edstica globa de expositores, con m\u00e1s de 30 stands de venta de libros y entidades relacionadas con la lectura, un bar a cargo de la Orquesta Municipal &#8221;Musicantes&#8221;, y otras sorpresas literarias.<\/p>\n\n\n\n<p>Los homenajes de este a\u00f1o ser\u00e1n para la Editorial La Grieta y para Librer\u00eda Patalibro, que cumplen 20 a\u00f1os.<\/p>\n\n\n\n<p>La Feria regional del Libro es organizada Secretar\u00eda de Cultura y Educaci\u00f3n de San Mart\u00edn de los Andes y una comisi\u00f3n integrada por libreros, editoriales, bibliotecas populares y diversas entidades vinculadas a la lectura y la industria cultural del libro en nuestra ciudad.<\/p>\n\n\n\n<p>Conoc\u00e9 el programa de actividades con todas las presentaciones de libros, talleres, homenajes, y toda la informaci\u00f3n necesaria para agendar lo que m\u00e1s te interese.<\/p>\n\n\n\n<p>IMPORTANTE: Si sos educador o educadora, comunicate con la Subsecretar\u00eda de Educaci\u00f3n al 420-522 de 9 a 13 hs. para reservar cupo en los d\u00edas y horarios disponibles para escuelas.<\/p>\n\n\n\n<p><br>Finalmente, invitamos a vecinos y vecinas a compartir esta experiencia en redes sociales, etiquetando sus fotos con el hashtag &nbsp;#Leernosincluye<br><\/p>\n\n\n\n<p>Compartimos el programa completo de la 16\u00ba Feria Regional del Libro:<\/p>\n\n\n\n<ul class=\"wp-block-list\"><li><a href=\"https:\/\/drive.google.com\/file\/d\/1ATMELEo80qgdqRfqHGpGgXgY87LA6lZk\/view?usp=sharing\">https:\/\/drive.google.com\/file\/d\/1ATMELEo80qgdqRfqHGpGgXgY87LA6lZk\/view?usp=sharing<\/a><\/li><\/ul>\n\n\n\n<ul class=\"wp-block-list\"><li><a href=\"http:\/\/cultura.sma.gob.ar\/2022\/10\/02\/inauguracion-de-la-feria-regional-del-libro\/\">Actividades del domingo 9 de octubre<\/a><\/li><\/ul>\n\n\n\n<ul class=\"wp-block-list\"><li><a href=\"http:\/\/cultura.sma.gob.ar\/2022\/10\/02\/16o-feria-regional-del-libro-lunes-10-de-octubre\/\">Actividades del lunes 10 de octubre<\/a><\/li><\/ul>\n\n\n\n<ul class=\"wp-block-list\"><li><a href=\"http:\/\/cultura.sma.gob.ar\/2022\/10\/02\/16o-feria-regional-del-libro-11-de-octubre\/\">Actividades del martes 11 de octubre<\/a><\/li><\/ul>\n\n\n\n<ul class=\"wp-block-list\"><li><a href=\"http:\/\/cultura.sma.gob.ar\/2022\/10\/02\/16o-feria-regional-del-libro-miercoles-12-de-octubre\/\">Actividades del mi\u00e9rcoles 12 de octubre<\/a><\/li><\/ul>\n\n\n\n<ul class=\"wp-block-list\"><li><a href=\"http:\/\/cultura.sma.gob.ar\/2022\/10\/02\/16o-feria-regional-del-libro-jueves-13-de-octubre\/\">Actividades del jueves 13 de octubre<\/a><\/li><\/ul>\n\n\n\n<ul class=\"wp-block-list\"><li><a href=\"http:\/\/cultura.sma.gob.ar\/2022\/10\/03\/16o-feria-regional-del-libro-viernes-14-de-octubre\/\">Actividades del viernes 14 de octubre<\/a><\/li><\/ul>\n\n\n\n<ul class=\"wp-block-list\"><li><a href=\"http:\/\/cultura.sma.gob.ar\/2022\/10\/03\/16o-feria-regional-del-libro-sabado-15-de-octubre\/\">Actividades s\u00e1bado 15 de octubre<\/a><\/li><\/ul>\n\n\n\n<ul class=\"wp-block-list\"><li><a href=\"http:\/\/cultura.sma.gob.ar\/2022\/10\/03\/16o-feria-regional-del-libro-domingo-16-de-octubre\/\">Actividades domingo 16 de octubre<\/a><\/li><\/ul>\n\n\n\n<ul class=\"wp-block-list\"><li><a href=\"http:\/\/cultura.sma.gob.ar\/2022\/10\/03\/16o-feria-regional-del-libro-actividades-anexas-entre-el-8-y-el-17-de-octubre\/\">Actividades anexas (Del 8 al 17 de octubre)<\/a><\/li><\/ul>\n\n\n\n<ul class=\"wp-block-list\"><li><a href=\"http:\/\/cultura.sma.gob.ar\/2022\/10\/03\/16o-feria-regional-del-libro-muestra-paisaje-interior-de-pablo-bernasconi\/\">Muestra de la Sala Auditorio<\/a><\/li><\/ul>\n\n\n\n<p>Nota en desarrollo&#8230;<\/p>\n","protected":false},"excerpt":{"rendered":"<p>Bajo el lema \u201cLeer (nos) incluye\u201d, la 16\u00aa edici\u00f3n de la Feria Regional del Libro se realizar\u00e1 del 9 al 16 de octubre en la globa ubicada en calle Drury al 600, con acceso desde calle Gral. Roca, y en otros espacios de la ciudad. El acto inaugural se realizar\u00e1 el domingo 9 a las 19 hs en el auditorio de la feria y contar\u00e1 &hellip; <a href=\"https:\/\/cultura.sma.gob.ar\/?p=3928\" class=\"more-link\">Continue reading <span class=\"screen-reader-text\">\u00a1Llega una nueva edici\u00f3n de la Feria Regional del Libro!<\/span><\/a><\/p>\n","protected":false},"author":1,"featured_media":293,"comment_status":"closed","ping_status":"","sticky":false,"template":"","format":"image","meta":{"footnotes":""},"categories":[3,9],"tags":[],"class_list":["post-3928","post","type-post","status-publish","format-image","has-post-thumbnail","hentry","category-eventos-cultura","category-ultimas-noticias","post_format-post-format-image"],"_links":{"self":[{"href":"https:\/\/cultura.sma.gob.ar\/index.php?rest_route=\/wp\/v2\/posts\/3928","targetHints":{"allow":["GET"]}}],"collection":[{"href":"https:\/\/cultura.sma.gob.ar\/index.php?rest_route=\/wp\/v2\/posts"}],"about":[{"href":"https:\/\/cultura.sma.gob.ar\/index.php?rest_route=\/wp\/v2\/types\/post"}],"author":[{"embeddable":true,"href":"https:\/\/cultura.sma.gob.ar\/index.php?rest_route=\/wp\/v2\/users\/1"}],"replies":[{"embeddable":true,"href":"https:\/\/cultura.sma.gob.ar\/index.php?rest_route=%2Fwp%2Fv2%2Fcomments&post=3928"}],"version-history":[{"count":15,"href":"https:\/\/cultura.sma.gob.ar\/index.php?rest_route=\/wp\/v2\/posts\/3928\/revisions"}],"predecessor-version":[{"id":4003,"href":"https:\/\/cultura.sma.gob.ar\/index.php?rest_route=\/wp\/v2\/posts\/3928\/revisions\/4003"}],"wp:featuredmedia":[{"embeddable":true,"href":"https:\/\/cultura.sma.gob.ar\/index.php?rest_route=\/wp\/v2\/media\/293"}],"wp:attachment":[{"href":"https:\/\/cultura.sma.gob.ar\/index.php?rest_route=%2Fwp%2Fv2%2Fmedia&parent=3928"}],"wp:term":[{"taxonomy":"category","embeddable":true,"href":"https:\/\/cultura.sma.gob.ar\/index.php?rest_route=%2Fwp%2Fv2%2Fcategories&post=3928"},{"taxonomy":"post_tag","embeddable":true,"href":"https:\/\/cultura.sma.gob.ar\/index.php?rest_route=%2Fwp%2Fv2%2Ftags&post=3928"}],"curies":[{"name":"wp","href":"https:\/\/api.w.org\/{rel}","templated":true}]}}