{"id":3925,"date":"2022-09-28T10:52:05","date_gmt":"2022-09-28T13:52:05","guid":{"rendered":"http:\/\/cultura.sma.gob.ar\/?p=3925"},"modified":"2022-09-28T10:52:05","modified_gmt":"2022-09-28T13:52:05","slug":"charla-como-acompanar-a-nuestros-hijos-en-los-tiempos-que-corren","status":"publish","type":"post","link":"https:\/\/cultura.sma.gob.ar\/?p=3925","title":{"rendered":"Charla \u00bfC\u00f3mo acompa\u00f1ar a nuestros hijos en los tiempos que corren?"},"content":{"rendered":"\n\n\n<p>El pr\u00f3ximo mi\u00e9rcoles, 12 de octubre a las 19hs en la Sala G\u00fcnther Blaas del Centro Cultural Cotesma, Impulso Waldorf de san Mart\u00edn de los Andes, presenta \u201c\u00bfC\u00d3MO ACOMPA\u00d1AR A NUESTROS HIJOS EN LOS TIEMPOS QUE CORREN?\u201d, imperdible charla a cargo de \u00darsula Vallendor, reconocida Docente Waldorf de larga trayectoria y&nbsp; Licenciada en Psicomotricidad Educativa.<br>En esta oportunidad, se abordar\u00e1n diferentes tem\u00e1ticas inherentes al desarrollo evolutivo y pedag\u00f3gico de ni\u00f1os, ni\u00f1as y adolescentes desde una mirada ampliada por la Antroposof\u00eda y la Pedagog\u00eda Waldorf.<\/p>\n\n\n\n<p>Entrada Libre y Gratuito. Cupos limitados por la capacidad de la Sala.<\/p>\n\n\n\n<p>El evento est\u00e1 organizado por el Impulso Waldorf de nuestra ciudad, conformado por un grupo de familias, docentes y profesionales afines a la Antroposof\u00eda y la Pedagog\u00eda Waldorf, que se encuentran trabajando para la creaci\u00f3n de una escuela en nuestra localidad.<br>Los organizadores agradecen el apoyo del Centro Cultural Cotesma y la difusi\u00f3n de la propuesta.<\/p>\n","protected":false},"excerpt":{"rendered":"<p>El pr\u00f3ximo mi\u00e9rcoles, 12 de octubre a las 19hs en la Sala G\u00fcnther Blaas del Centro Cultural Cotesma, Impulso Waldorf de san Mart\u00edn de los Andes, presenta \u201c\u00bfC\u00d3MO ACOMPA\u00d1AR A NUESTROS HIJOS EN LOS TIEMPOS QUE CORREN?\u201d, imperdible charla a cargo de \u00darsula Vallendor, reconocida Docente Waldorf de larga trayectoria y&nbsp; Licenciada en Psicomotricidad Educativa.En esta oportunidad, se abordar\u00e1n diferentes tem\u00e1ticas inherentes al desarrollo evolutivo &hellip; <a href=\"https:\/\/cultura.sma.gob.ar\/?p=3925\" class=\"more-link\">Continue reading <span class=\"screen-reader-text\">Charla \u00bfC\u00f3mo acompa\u00f1ar a nuestros hijos en los tiempos que corren?<\/span><\/a><\/p>\n","protected":false},"author":1,"featured_media":297,"comment_status":"closed","ping_status":"","sticky":false,"template":"","format":"image","meta":{"footnotes":""},"categories":[2,9],"tags":[],"class_list":["post-3925","post","type-post","status-publish","format-image","has-post-thumbnail","hentry","category-ciudad-cultural","category-ultimas-noticias","post_format-post-format-image"],"_links":{"self":[{"href":"https:\/\/cultura.sma.gob.ar\/index.php?rest_route=\/wp\/v2\/posts\/3925","targetHints":{"allow":["GET"]}}],"collection":[{"href":"https:\/\/cultura.sma.gob.ar\/index.php?rest_route=\/wp\/v2\/posts"}],"about":[{"href":"https:\/\/cultura.sma.gob.ar\/index.php?rest_route=\/wp\/v2\/types\/post"}],"author":[{"embeddable":true,"href":"https:\/\/cultura.sma.gob.ar\/index.php?rest_route=\/wp\/v2\/users\/1"}],"replies":[{"embeddable":true,"href":"https:\/\/cultura.sma.gob.ar\/index.php?rest_route=%2Fwp%2Fv2%2Fcomments&post=3925"}],"version-history":[{"count":1,"href":"https:\/\/cultura.sma.gob.ar\/index.php?rest_route=\/wp\/v2\/posts\/3925\/revisions"}],"predecessor-version":[{"id":3926,"href":"https:\/\/cultura.sma.gob.ar\/index.php?rest_route=\/wp\/v2\/posts\/3925\/revisions\/3926"}],"wp:featuredmedia":[{"embeddable":true,"href":"https:\/\/cultura.sma.gob.ar\/index.php?rest_route=\/wp\/v2\/media\/297"}],"wp:attachment":[{"href":"https:\/\/cultura.sma.gob.ar\/index.php?rest_route=%2Fwp%2Fv2%2Fmedia&parent=3925"}],"wp:term":[{"taxonomy":"category","embeddable":true,"href":"https:\/\/cultura.sma.gob.ar\/index.php?rest_route=%2Fwp%2Fv2%2Fcategories&post=3925"},{"taxonomy":"post_tag","embeddable":true,"href":"https:\/\/cultura.sma.gob.ar\/index.php?rest_route=%2Fwp%2Fv2%2Ftags&post=3925"}],"curies":[{"name":"wp","href":"https:\/\/api.w.org\/{rel}","templated":true}]}}