{"id":3920,"date":"2022-09-27T09:17:10","date_gmt":"2022-09-27T12:17:10","guid":{"rendered":"http:\/\/cultura.sma.gob.ar\/?p=3920"},"modified":"2022-09-27T09:30:02","modified_gmt":"2022-09-27T12:30:02","slug":"convocatoria-para-fomrar-la-comision-organizadora-del-festival-de-circo-de-san-martin-de-los-andes","status":"publish","type":"post","link":"https:\/\/cultura.sma.gob.ar\/?p=3920","title":{"rendered":"Convocatoria para formar la Comisi\u00f3n Organizadora del Festival de Circo de San Mart\u00edn de los Andes"},"content":{"rendered":"\n<figure class=\"wp-block-image size-large\"><img decoding=\"async\" src=\"https:\/\/scontent.fcpc1-1.fna.fbcdn.net\/v\/t39.30808-6\/308480085_5472934309457175_7189740007567453641_n.jpg?stp=dst-jpg_p180x540&amp;_nc_cat=106&amp;ccb=1-7&amp;_nc_sid=8bfeb9&amp;_nc_ohc=5c8ETljYNa4AX9AQSN8&amp;_nc_ht=scontent.fcpc1-1.fna&amp;oh=00_AT_P7wYzkKEZCsp_43oBGk8JF4tOKLgYOTDqY8t0hH9g8Q&amp;oe=6337C6C9\" alt=\"\"\/><\/figure>\n\n\n\n<p>La Secretar\u00eda de Cultura invita a escuelas, academias, compa\u00f1\u00edas, y artistas de circo de la localidad, a formar parte de la Comisi\u00f3n Organizadora del Festival de Circo de San Mart\u00edn de los Andes.<\/p>\n\n\n\n<p>Deber\u00e1n presentarse con un o una representante en la reuni\u00f3n que se realizar\u00e1 el lunes 3 de octubre a las 13 hs. en la Biblioteca Popular 9 de Julio, General Roca 1223.<\/p>\n\n\n\n<p>Por consultas comunicarse al 424-804 de lunes a viernes de 9 a 15 hs.<\/p>\n","protected":false},"excerpt":{"rendered":"<p>La Secretar\u00eda de Cultura invita a escuelas, academias, compa\u00f1\u00edas, y artistas de circo de la localidad, a formar parte de la Comisi\u00f3n Organizadora del Festival de Circo de San Mart\u00edn de los Andes. Deber\u00e1n presentarse con un o una representante en la reuni\u00f3n que se realizar\u00e1 el lunes 3 de octubre a las 13 hs. en la Biblioteca Popular 9 de Julio, General Roca 1223. &hellip; <a href=\"https:\/\/cultura.sma.gob.ar\/?p=3920\" class=\"more-link\">Continue reading <span class=\"screen-reader-text\">Convocatoria para formar la Comisi\u00f3n Organizadora del Festival de Circo de San Mart\u00edn de los Andes<\/span><\/a><\/p>\n","protected":false},"author":1,"featured_media":293,"comment_status":"closed","ping_status":"","sticky":false,"template":"","format":"image","meta":{"footnotes":""},"categories":[3,9],"tags":[],"class_list":["post-3920","post","type-post","status-publish","format-image","has-post-thumbnail","hentry","category-eventos-cultura","category-ultimas-noticias","post_format-post-format-image"],"_links":{"self":[{"href":"https:\/\/cultura.sma.gob.ar\/index.php?rest_route=\/wp\/v2\/posts\/3920","targetHints":{"allow":["GET"]}}],"collection":[{"href":"https:\/\/cultura.sma.gob.ar\/index.php?rest_route=\/wp\/v2\/posts"}],"about":[{"href":"https:\/\/cultura.sma.gob.ar\/index.php?rest_route=\/wp\/v2\/types\/post"}],"author":[{"embeddable":true,"href":"https:\/\/cultura.sma.gob.ar\/index.php?rest_route=\/wp\/v2\/users\/1"}],"replies":[{"embeddable":true,"href":"https:\/\/cultura.sma.gob.ar\/index.php?rest_route=%2Fwp%2Fv2%2Fcomments&post=3920"}],"version-history":[{"count":3,"href":"https:\/\/cultura.sma.gob.ar\/index.php?rest_route=\/wp\/v2\/posts\/3920\/revisions"}],"predecessor-version":[{"id":3924,"href":"https:\/\/cultura.sma.gob.ar\/index.php?rest_route=\/wp\/v2\/posts\/3920\/revisions\/3924"}],"wp:featuredmedia":[{"embeddable":true,"href":"https:\/\/cultura.sma.gob.ar\/index.php?rest_route=\/wp\/v2\/media\/293"}],"wp:attachment":[{"href":"https:\/\/cultura.sma.gob.ar\/index.php?rest_route=%2Fwp%2Fv2%2Fmedia&parent=3920"}],"wp:term":[{"taxonomy":"category","embeddable":true,"href":"https:\/\/cultura.sma.gob.ar\/index.php?rest_route=%2Fwp%2Fv2%2Fcategories&post=3920"},{"taxonomy":"post_tag","embeddable":true,"href":"https:\/\/cultura.sma.gob.ar\/index.php?rest_route=%2Fwp%2Fv2%2Ftags&post=3920"}],"curies":[{"name":"wp","href":"https:\/\/api.w.org\/{rel}","templated":true}]}}