{"id":3916,"date":"2022-09-25T21:02:43","date_gmt":"2022-09-26T00:02:43","guid":{"rendered":"http:\/\/cultura.sma.gob.ar\/?p=3916"},"modified":"2022-09-25T21:02:43","modified_gmt":"2022-09-26T00:02:43","slug":"malvinas-en-primera-persona","status":"publish","type":"post","link":"https:\/\/cultura.sma.gob.ar\/?p=3916","title":{"rendered":"&#8221;Malvinas en primera persona&#8221;"},"content":{"rendered":"\n<figure class=\"wp-block-image size-large\"><img loading=\"lazy\" decoding=\"async\" width=\"723\" height=\"1024\" src=\"http:\/\/cultura.sma.gob.ar\/wp-content\/uploads\/2022\/09\/INVITACION-DISERTACION-MALVINAS-COTESMA-1-723x1024.jpg\" alt=\"\" class=\"wp-image-3917\" srcset=\"https:\/\/cultura.sma.gob.ar\/wp-content\/uploads\/2022\/09\/INVITACION-DISERTACION-MALVINAS-COTESMA-1-723x1024.jpg 723w, https:\/\/cultura.sma.gob.ar\/wp-content\/uploads\/2022\/09\/INVITACION-DISERTACION-MALVINAS-COTESMA-1-212x300.jpg 212w, https:\/\/cultura.sma.gob.ar\/wp-content\/uploads\/2022\/09\/INVITACION-DISERTACION-MALVINAS-COTESMA-1-768x1087.jpg 768w, https:\/\/cultura.sma.gob.ar\/wp-content\/uploads\/2022\/09\/INVITACION-DISERTACION-MALVINAS-COTESMA-1-64x90.jpg 64w, https:\/\/cultura.sma.gob.ar\/wp-content\/uploads\/2022\/09\/INVITACION-DISERTACION-MALVINAS-COTESMA-1.jpg 904w\" sizes=\"auto, (max-width: 723px) 100vw, 723px\" \/><\/figure>\n\n\n\n<p>El pr\u00f3ximo viernes, 30 de septiembre a las 19hs, en la Sala Amankay, el Regimiento de Caballer\u00eda de Exploraci\u00f3n de Monta\u00f1a 4 presenta \u201cMALVINAS EN PRIMERA PERSONA\u201d, una aproximaci\u00f3n hist\u00f3rica desde el testimonio de sus protagonistas, a 40 a\u00f1os del conflicto b\u00e9lico.<br>Con el marco que brinda la conmemoraci\u00f3n de los 40 A\u00f1os de la Guerra de Malvinas, el Regimiento de Caballer\u00eda de Exploraci\u00f3n de Monta\u00f1a 4, con el acompa\u00f1amiento del Centro Cultural Cotesma, ha decidido organizar un ciclo de conferencias relacionadas con el tema mencionado.<br>La intenci\u00f3n es poder brindar al auditorio una doble aproximaci\u00f3n a los sucesos que ocurrieron entre el 02 de Abril y el 14 de Junio de 1982 a trav\u00e9s de una metodolog\u00eda de presentaci\u00f3n que logre armonizar la secuencia cronol\u00f3gica de los hechos (perspectiva hist\u00f3rica) con el testimonio vivo de los protagonistas (perspectiva afectiva \u2013 emocional), de manera de brindarle al espectador la posibilidad de alcanzar una visi\u00f3n completa de los acontecimientos a la vez que sensibilizarlos emocionalmente a partir del testimonio de algunos protagonistas que tuvieron un rol esencial durante el conflicto. As\u00ed, de esta manera, poder profundizar el conocimiento de los hechos que tuvieron lugar durante el conflicto a fin de estimular la toma de conciencia acerca del accionar de nuestras tropas en cada uno de los combates m\u00e1s importantes que tuvieron lugar durante la guerra.<\/p>\n\n\n\n<p>Entrada libre y gratuita. Se retiran desde el martes 27 de septiembre a las 15:30hs en la boleteria del Centro Cultural.<\/p>\n","protected":false},"excerpt":{"rendered":"<p>El pr\u00f3ximo viernes, 30 de septiembre a las 19hs, en la Sala Amankay, el Regimiento de Caballer\u00eda de Exploraci\u00f3n de Monta\u00f1a 4 presenta \u201cMALVINAS EN PRIMERA PERSONA\u201d, una aproximaci\u00f3n hist\u00f3rica desde el testimonio de sus protagonistas, a 40 a\u00f1os del conflicto b\u00e9lico.Con el marco que brinda la conmemoraci\u00f3n de los 40 A\u00f1os de la Guerra de Malvinas, el Regimiento de Caballer\u00eda de Exploraci\u00f3n de Monta\u00f1a &hellip; <a href=\"https:\/\/cultura.sma.gob.ar\/?p=3916\" class=\"more-link\">Continue reading <span class=\"screen-reader-text\">&#8221;Malvinas en primera persona&#8221;<\/span><\/a><\/p>\n","protected":false},"author":1,"featured_media":297,"comment_status":"closed","ping_status":"","sticky":false,"template":"","format":"image","meta":{"footnotes":""},"categories":[2,9],"tags":[],"class_list":["post-3916","post","type-post","status-publish","format-image","has-post-thumbnail","hentry","category-ciudad-cultural","category-ultimas-noticias","post_format-post-format-image"],"_links":{"self":[{"href":"https:\/\/cultura.sma.gob.ar\/index.php?rest_route=\/wp\/v2\/posts\/3916","targetHints":{"allow":["GET"]}}],"collection":[{"href":"https:\/\/cultura.sma.gob.ar\/index.php?rest_route=\/wp\/v2\/posts"}],"about":[{"href":"https:\/\/cultura.sma.gob.ar\/index.php?rest_route=\/wp\/v2\/types\/post"}],"author":[{"embeddable":true,"href":"https:\/\/cultura.sma.gob.ar\/index.php?rest_route=\/wp\/v2\/users\/1"}],"replies":[{"embeddable":true,"href":"https:\/\/cultura.sma.gob.ar\/index.php?rest_route=%2Fwp%2Fv2%2Fcomments&post=3916"}],"version-history":[{"count":1,"href":"https:\/\/cultura.sma.gob.ar\/index.php?rest_route=\/wp\/v2\/posts\/3916\/revisions"}],"predecessor-version":[{"id":3918,"href":"https:\/\/cultura.sma.gob.ar\/index.php?rest_route=\/wp\/v2\/posts\/3916\/revisions\/3918"}],"wp:featuredmedia":[{"embeddable":true,"href":"https:\/\/cultura.sma.gob.ar\/index.php?rest_route=\/wp\/v2\/media\/297"}],"wp:attachment":[{"href":"https:\/\/cultura.sma.gob.ar\/index.php?rest_route=%2Fwp%2Fv2%2Fmedia&parent=3916"}],"wp:term":[{"taxonomy":"category","embeddable":true,"href":"https:\/\/cultura.sma.gob.ar\/index.php?rest_route=%2Fwp%2Fv2%2Fcategories&post=3916"},{"taxonomy":"post_tag","embeddable":true,"href":"https:\/\/cultura.sma.gob.ar\/index.php?rest_route=%2Fwp%2Fv2%2Ftags&post=3916"}],"curies":[{"name":"wp","href":"https:\/\/api.w.org\/{rel}","templated":true}]}}