{"id":3912,"date":"2022-09-25T21:01:03","date_gmt":"2022-09-26T00:01:03","guid":{"rendered":"http:\/\/cultura.sma.gob.ar\/?p=3912"},"modified":"2022-09-25T21:01:03","modified_gmt":"2022-09-26T00:01:03","slug":"cine-adaptado-dc-liga-de-supermascotas","status":"publish","type":"post","link":"https:\/\/cultura.sma.gob.ar\/?p=3912","title":{"rendered":"Cine Adaptado &#8220;DC Liga de Supermascotas&#8221;"},"content":{"rendered":"\n<figure class=\"wp-block-image size-large\"><img loading=\"lazy\" decoding=\"async\" width=\"1024\" height=\"1024\" src=\"http:\/\/cultura.sma.gob.ar\/wp-content\/uploads\/2022\/09\/Cine-adaptado-1024x1024.jpg\" alt=\"\" class=\"wp-image-3913\" srcset=\"https:\/\/cultura.sma.gob.ar\/wp-content\/uploads\/2022\/09\/Cine-adaptado-1024x1024.jpg 1024w, https:\/\/cultura.sma.gob.ar\/wp-content\/uploads\/2022\/09\/Cine-adaptado-300x300.jpg 300w, https:\/\/cultura.sma.gob.ar\/wp-content\/uploads\/2022\/09\/Cine-adaptado-150x150.jpg 150w, https:\/\/cultura.sma.gob.ar\/wp-content\/uploads\/2022\/09\/Cine-adaptado-768x768.jpg 768w, https:\/\/cultura.sma.gob.ar\/wp-content\/uploads\/2022\/09\/Cine-adaptado-90x90.jpg 90w, https:\/\/cultura.sma.gob.ar\/wp-content\/uploads\/2022\/09\/Cine-adaptado.jpg 1080w\" sizes=\"auto, (max-width: 1024px) 100vw, 1024px\" \/><\/figure>\n\n\n\n<p>Estimados, gusto en saludarlos, les escribo para contarles y a trav\u00e9s suyo a toda la comunidad, que el pr\u00f3ximo mi\u00e9rcoles, 28 de septiembre a las 16hs, la proyecci\u00f3n de &#8220;DC LIGA DE SUPERMASCOTAS&#8221;, ser\u00e1 una proyecci\u00f3n de Cine Adaptado, Inclusivo, de Puertas Abiertas.<\/p>\n\n\n\n<p>\u00bfEn qu\u00e9 consiste esta proyecci\u00f3n, que es especial, pero abierta a todo p\u00fablico?<br>Es una propuesta de esparcimiento para personas que necesiten un ambiente un poco m\u00e1s relajado. La sala se mantiene con una luz tenue, es decir que no est\u00e1 totalmente a oscuras, el volumen es un poco mas suave, si un espectador necesita moverse, puede hacerlo en pasillos o entrar y salir de la sala las veces que lo necesite y es posible conversar de manera respetuosa, si el ni\u00f1o o ni\u00f1a requieren contenci\u00f3n o apoyo para sostener la atenci\u00f3n en la proyecci\u00f3n.<br>Agradecemos el apoyo y la participaci\u00f3n del Centro Cultural Cotesma.<\/p>\n","protected":false},"excerpt":{"rendered":"<p>Estimados, gusto en saludarlos, les escribo para contarles y a trav\u00e9s suyo a toda la comunidad, que el pr\u00f3ximo mi\u00e9rcoles, 28 de septiembre a las 16hs, la proyecci\u00f3n de &#8220;DC LIGA DE SUPERMASCOTAS&#8221;, ser\u00e1 una proyecci\u00f3n de Cine Adaptado, Inclusivo, de Puertas Abiertas. \u00bfEn qu\u00e9 consiste esta proyecci\u00f3n, que es especial, pero abierta a todo p\u00fablico?Es una propuesta de esparcimiento para personas que necesiten un &hellip; <a href=\"https:\/\/cultura.sma.gob.ar\/?p=3912\" class=\"more-link\">Continue reading <span class=\"screen-reader-text\">Cine Adaptado &#8220;DC Liga de Supermascotas&#8221;<\/span><\/a><\/p>\n","protected":false},"author":1,"featured_media":297,"comment_status":"closed","ping_status":"","sticky":false,"template":"","format":"image","meta":{"footnotes":""},"categories":[2,9],"tags":[],"class_list":["post-3912","post","type-post","status-publish","format-image","has-post-thumbnail","hentry","category-ciudad-cultural","category-ultimas-noticias","post_format-post-format-image"],"_links":{"self":[{"href":"https:\/\/cultura.sma.gob.ar\/index.php?rest_route=\/wp\/v2\/posts\/3912","targetHints":{"allow":["GET"]}}],"collection":[{"href":"https:\/\/cultura.sma.gob.ar\/index.php?rest_route=\/wp\/v2\/posts"}],"about":[{"href":"https:\/\/cultura.sma.gob.ar\/index.php?rest_route=\/wp\/v2\/types\/post"}],"author":[{"embeddable":true,"href":"https:\/\/cultura.sma.gob.ar\/index.php?rest_route=\/wp\/v2\/users\/1"}],"replies":[{"embeddable":true,"href":"https:\/\/cultura.sma.gob.ar\/index.php?rest_route=%2Fwp%2Fv2%2Fcomments&post=3912"}],"version-history":[{"count":1,"href":"https:\/\/cultura.sma.gob.ar\/index.php?rest_route=\/wp\/v2\/posts\/3912\/revisions"}],"predecessor-version":[{"id":3914,"href":"https:\/\/cultura.sma.gob.ar\/index.php?rest_route=\/wp\/v2\/posts\/3912\/revisions\/3914"}],"wp:featuredmedia":[{"embeddable":true,"href":"https:\/\/cultura.sma.gob.ar\/index.php?rest_route=\/wp\/v2\/media\/297"}],"wp:attachment":[{"href":"https:\/\/cultura.sma.gob.ar\/index.php?rest_route=%2Fwp%2Fv2%2Fmedia&parent=3912"}],"wp:term":[{"taxonomy":"category","embeddable":true,"href":"https:\/\/cultura.sma.gob.ar\/index.php?rest_route=%2Fwp%2Fv2%2Fcategories&post=3912"},{"taxonomy":"post_tag","embeddable":true,"href":"https:\/\/cultura.sma.gob.ar\/index.php?rest_route=%2Fwp%2Fv2%2Ftags&post=3912"}],"curies":[{"name":"wp","href":"https:\/\/api.w.org\/{rel}","templated":true}]}}