{"id":3903,"date":"2022-09-21T10:00:29","date_gmt":"2022-09-21T13:00:29","guid":{"rendered":"http:\/\/cultura.sma.gob.ar\/?p=3903"},"modified":"2022-09-21T10:00:29","modified_gmt":"2022-09-21T13:00:29","slug":"colombian-cumbia-fest","status":"publish","type":"post","link":"https:\/\/cultura.sma.gob.ar\/?p=3903","title":{"rendered":"Colombian Cumbia Fest"},"content":{"rendered":"\n<figure class=\"wp-block-image size-large\"><img loading=\"lazy\" decoding=\"async\" width=\"516\" height=\"916\" src=\"http:\/\/cultura.sma.gob.ar\/wp-content\/uploads\/2022\/09\/image.png\" alt=\"\" class=\"wp-image-3904\" srcset=\"https:\/\/cultura.sma.gob.ar\/wp-content\/uploads\/2022\/09\/image.png 516w, https:\/\/cultura.sma.gob.ar\/wp-content\/uploads\/2022\/09\/image-169x300.png 169w, https:\/\/cultura.sma.gob.ar\/wp-content\/uploads\/2022\/09\/image-51x90.png 51w\" sizes=\"auto, (max-width: 516px) 100vw, 516px\" \/><\/figure>\n\n\n\n<p>El s\u00e1bado 24 de septiembre en spot cerveceria, recibimos la primavera de la mejor manera,&nbsp; cantando y bailando con dos bandas regionales que fusionan ritmos latinos&nbsp; a trav\u00e9s de la cumbia, el funk, el&nbsp; rock, el rap,&nbsp; murga uruguaya, y&nbsp; las performance circenses.<\/p>\n\n\n\n<p>\u00a1Ser\u00e1 una fiesta!<\/p>\n\n\n\n<p>\u00a1Te presentamos a nuestras protagonistas!<\/p>\n\n\n\n<p>&nbsp;<em><u>UNDE WANDE<\/u><\/em><\/p>\n\n\n\n<p>Undewande es un conjunto de cumbia que se fusiona con el estilo funk, intervenciones circenses y humor. Es una familia de artistas que despliegan una gran variedad de talentos. Undewande se termina de conformar y consolidar en el 2015 en Moreno provincia de Buenos Aires para trasladarse a la Comarca Andina y Bariloche en el verano de 2016. La banda pulsa para ser un canal que eleve la energ\u00eda de quien la escuche: Desde la m\u00fasica y el circo, a partir de la conexi\u00f3n con el p\u00fablico y la intenci\u00f3n de crear felicidad y un estado particular en las personas, a trav\u00e9s de la risa y el baile con un ritmo tan pegajoso como es la cumbia, sum\u00e1ndole una parte de puesta esc\u00e9nica. Siempre incorporando nueva m\u00fasica y performances, estos ocho artistas presentan un espect\u00e1culo que mixtura una fuerte puesta esc\u00e9nica, en donde se puede ver el despliegue diverso de propuestas y colores.<\/p>\n\n\n\n<p>redes:<\/p>\n\n\n\n<p>IG: @_undewande<\/p>\n\n\n\n<p>FB: @undeWandeCumbiaFunk<\/p>\n\n\n\n<p>YB: <a href=\"https:\/\/www.youtube.com\/results?search_query=unde+wande\"><strong>https:\/\/www.youtube.com\/results?search_query=unde+wande<\/strong><\/a><\/p>\n\n\n\n<p><em>LA JUNTERA, cumbia fuerte<\/em><\/p>\n\n\n\n<p>La banda se form\u00f3 en el verano del 2016 en Jun\u00edn de los Andes, hacemos cumbia, tenemos temas propios y tambi\u00e9n interpretamos algunos cl\u00e1sicos.<\/p>\n\n\n\n<p>Somos una banda que autogestiona sus propios shows, pero tambi\u00e9n hemos participado en diferentes eventos como el SaludArte, d\u00eda del estudiante junto a Kapanga, festivales solidarios, Carnaval del pehu\u00e9n, etc. Generalmente convocamos bandas que nos acompa\u00f1en en cada show, aunque no sean del mismo g\u00e9nero, hemos compartido escenario con estilos como el rock, rap, murga uruguaya, cumbia, reggae, pop entre otras. La banda est\u00e1 compuesta por guitarra, bajo, saxo, g\u00fciro, congas, y bater\u00eda en cada uno de sus shows, creando siempre un ambiente festivo, para todas las edades.<\/p>\n\n\n\n<p>redes:<\/p>\n\n\n\n<p>IG: @lajunteracumbiafuerte<\/p>\n\n\n\n<p>FB : @LaJuntera2016<\/p>\n\n\n\n<p>YB: <a href=\"https:\/\/www.youtube.com\/channel\/UCDeR07jQzjediVDwo3jFTJQ\"><strong>https:\/\/www.youtube.com\/channel\/UCDeR07jQzjediVDwo3jFTJQ<\/strong><\/a><\/p>\n\n\n\n<p><strong><u>\u00bf C\u00d3MO ADQUIRIR TU ENTRADA?<\/u><\/strong><\/p>\n\n\n\n<p>nuestros puntos de ventas son:<\/p>\n\n\n\n<p>\u2192 En San Mart\u00edn de los Andes<\/p>\n\n\n\n<p>Pizza bar: gral. Villegas&nbsp; 987<\/p>\n\n\n\n<p>\u2192 En junin de los los Andes: Ego estampados, Cnel Suarez&nbsp; 445.<\/p>\n\n\n\n<p><strong><u>\u00a1 NO TE LO PODES PERDER!<\/u><\/strong><\/p>\n\n\n\n<p><strong><u>Contacto de producci\u00f3n:<\/u><\/strong><\/p>\n\n\n\n<p><strong><u>cel: +549 11 58 22 85 93<\/u><\/strong><\/p>\n\n\n\n<p><strong><u>mail: <\/u><\/strong><a href=\"mailto:ailenponce80@gmail.com\"><strong>ailenponce80@gmail.com<\/strong><\/a><\/p>\n","protected":false},"excerpt":{"rendered":"<p>El s\u00e1bado 24 de septiembre en spot cerveceria, recibimos la primavera de la mejor manera,&nbsp; cantando y bailando con dos bandas regionales que fusionan ritmos latinos&nbsp; a trav\u00e9s de la cumbia, el funk, el&nbsp; rock, el rap,&nbsp; murga uruguaya, y&nbsp; las performance circenses. \u00a1Ser\u00e1 una fiesta! \u00a1Te presentamos a nuestras protagonistas! &nbsp;UNDE WANDE Undewande es un conjunto de cumbia que se fusiona con el estilo &hellip; <a href=\"https:\/\/cultura.sma.gob.ar\/?p=3903\" class=\"more-link\">Continue reading <span class=\"screen-reader-text\">Colombian Cumbia Fest<\/span><\/a><\/p>\n","protected":false},"author":1,"featured_media":297,"comment_status":"closed","ping_status":"","sticky":false,"template":"","format":"image","meta":{"footnotes":""},"categories":[2,9],"tags":[],"class_list":["post-3903","post","type-post","status-publish","format-image","has-post-thumbnail","hentry","category-ciudad-cultural","category-ultimas-noticias","post_format-post-format-image"],"_links":{"self":[{"href":"https:\/\/cultura.sma.gob.ar\/index.php?rest_route=\/wp\/v2\/posts\/3903","targetHints":{"allow":["GET"]}}],"collection":[{"href":"https:\/\/cultura.sma.gob.ar\/index.php?rest_route=\/wp\/v2\/posts"}],"about":[{"href":"https:\/\/cultura.sma.gob.ar\/index.php?rest_route=\/wp\/v2\/types\/post"}],"author":[{"embeddable":true,"href":"https:\/\/cultura.sma.gob.ar\/index.php?rest_route=\/wp\/v2\/users\/1"}],"replies":[{"embeddable":true,"href":"https:\/\/cultura.sma.gob.ar\/index.php?rest_route=%2Fwp%2Fv2%2Fcomments&post=3903"}],"version-history":[{"count":1,"href":"https:\/\/cultura.sma.gob.ar\/index.php?rest_route=\/wp\/v2\/posts\/3903\/revisions"}],"predecessor-version":[{"id":3905,"href":"https:\/\/cultura.sma.gob.ar\/index.php?rest_route=\/wp\/v2\/posts\/3903\/revisions\/3905"}],"wp:featuredmedia":[{"embeddable":true,"href":"https:\/\/cultura.sma.gob.ar\/index.php?rest_route=\/wp\/v2\/media\/297"}],"wp:attachment":[{"href":"https:\/\/cultura.sma.gob.ar\/index.php?rest_route=%2Fwp%2Fv2%2Fmedia&parent=3903"}],"wp:term":[{"taxonomy":"category","embeddable":true,"href":"https:\/\/cultura.sma.gob.ar\/index.php?rest_route=%2Fwp%2Fv2%2Fcategories&post=3903"},{"taxonomy":"post_tag","embeddable":true,"href":"https:\/\/cultura.sma.gob.ar\/index.php?rest_route=%2Fwp%2Fv2%2Ftags&post=3903"}],"curies":[{"name":"wp","href":"https:\/\/api.w.org\/{rel}","templated":true}]}}