{"id":3895,"date":"2022-09-19T21:52:34","date_gmt":"2022-09-20T00:52:34","guid":{"rendered":"http:\/\/cultura.sma.gob.ar\/?p=3895"},"modified":"2022-09-19T21:52:34","modified_gmt":"2022-09-20T00:52:34","slug":"vi-festival-internacional-de-clarinete-andino-patagonico","status":"publish","type":"post","link":"https:\/\/cultura.sma.gob.ar\/?p=3895","title":{"rendered":"VI Festival Internacional de Clarinete Andino Patag\u00f3nico"},"content":{"rendered":"\n<figure class=\"wp-block-image size-large\"><img loading=\"lazy\" decoding=\"async\" width=\"1024\" height=\"1024\" src=\"http:\/\/cultura.sma.gob.ar\/wp-content\/uploads\/2022\/09\/Flyer-Festival-de-Clarinete-Final-1024x1024.jpeg\" alt=\"\" class=\"wp-image-3896\" srcset=\"https:\/\/cultura.sma.gob.ar\/wp-content\/uploads\/2022\/09\/Flyer-Festival-de-Clarinete-Final-1024x1024.jpeg 1024w, https:\/\/cultura.sma.gob.ar\/wp-content\/uploads\/2022\/09\/Flyer-Festival-de-Clarinete-Final-300x300.jpeg 300w, https:\/\/cultura.sma.gob.ar\/wp-content\/uploads\/2022\/09\/Flyer-Festival-de-Clarinete-Final-150x150.jpeg 150w, https:\/\/cultura.sma.gob.ar\/wp-content\/uploads\/2022\/09\/Flyer-Festival-de-Clarinete-Final-768x768.jpeg 768w, https:\/\/cultura.sma.gob.ar\/wp-content\/uploads\/2022\/09\/Flyer-Festival-de-Clarinete-Final-90x90.jpeg 90w, https:\/\/cultura.sma.gob.ar\/wp-content\/uploads\/2022\/09\/Flyer-Festival-de-Clarinete-Final.jpeg 1080w\" sizes=\"auto, (max-width: 1024px) 100vw, 1024px\" \/><\/figure>\n\n\n\n<p>El pr\u00f3ximo jueves, 29 de septiembre a las 21hs en la Sala Amankay del Centro Cultural Cotesma, vamos a disfrutar el \u201cCONCIERTO DE MAESTROS\u201d en el marco del VI Festival Internacional de Clarinete Andino Patag\u00f3nico.<\/p>\n\n\n\n<p>El Festival Internacional de Clarinetes es un espacio de formaci\u00f3n para docentes y alumnos que durante 4 d\u00edas concurrir\u00e1n a masterclasses, ensambles de c\u00e1mara y sinf\u00f3nicos dictados y dirigidos por importantes maestros y solistas de nuestro pa\u00eds y de Chile: David Medina, clarinete solista de la Orquesta Sinf\u00f3nica Nacional de Chile; Benjam\u00edn Vilte, clarinete solista de la Orquesta Sinf\u00f3nica de Santa Fe; Sof\u00eda Kujta, docente del conservatorio \u201cAstor Piazzolla\u201d e integrante de la Orquesta Sinf\u00f3nica Nacional de Argentina; Sebasti\u00e1n Tozzola, clarinete bajo de la Orquesta Filarm\u00f3nica del Teatro Col\u00f3n; Edgardo Palotta, profesor de Orquestaci\u00f3n en la Universidad Nacional de Quilmes, director de la Orquesta y Coro de la localidad de Berazategui. Director y arreglador del Coro de Clarinetes del VI Festival Andino Patag\u00f3nico.<\/p>\n\n\n\n<p>El Festival cuenta con el auspicio y acompa\u00f1amiento de las siguientes marcas e instituciones: Buffet Crampon- Escuela Superior de M\u00fasica de San Mart\u00edn de los Andes[1]ATEN y MUTEN SMAndes- Espacio \u201cTrama\u201d de SMAndes- Centro Cultural COTESMA de SMAndes- Centro de Convenciones de Villa la Angostura- Secretar\u00eda de Turismo de Villa la Angostura- Secretar\u00eda de Cultura de SM Andes y de VLA- Legislatura del Neuqu\u00e9n- Concejo Deliberante de SMAndes y VLA.<\/p>\n\n\n\n<p>Las actividades son libres y gratuitas y abiertas a todo p\u00fablico.<\/p>\n\n\n\n<p>Para clarinetistas interesados en inscribirse est\u00e1 este link:&nbsp;<a href=\"https:\/\/correo.smandes.gov.ar\/owa\/redir.aspx?C=8d66ada6a84f4ac6960a08d072070944&amp;URL=https%3a%2f%2fforms.gle%2fTNfnGceyf5hoz6RM9\" target=\"_blank\" rel=\"noreferrer noopener\">https:\/\/forms.gle\/TNfnGceyf5hoz6RM9<\/a><\/p>\n","protected":false},"excerpt":{"rendered":"<p>El pr\u00f3ximo jueves, 29 de septiembre a las 21hs en la Sala Amankay del Centro Cultural Cotesma, vamos a disfrutar el \u201cCONCIERTO DE MAESTROS\u201d en el marco del VI Festival Internacional de Clarinete Andino Patag\u00f3nico. El Festival Internacional de Clarinetes es un espacio de formaci\u00f3n para docentes y alumnos que durante 4 d\u00edas concurrir\u00e1n a masterclasses, ensambles de c\u00e1mara y sinf\u00f3nicos dictados y dirigidos por &hellip; <a href=\"https:\/\/cultura.sma.gob.ar\/?p=3895\" class=\"more-link\">Continue reading <span class=\"screen-reader-text\">VI Festival Internacional de Clarinete Andino Patag\u00f3nico<\/span><\/a><\/p>\n","protected":false},"author":1,"featured_media":297,"comment_status":"closed","ping_status":"","sticky":false,"template":"","format":"image","meta":{"footnotes":""},"categories":[2,9],"tags":[],"class_list":["post-3895","post","type-post","status-publish","format-image","has-post-thumbnail","hentry","category-ciudad-cultural","category-ultimas-noticias","post_format-post-format-image"],"_links":{"self":[{"href":"https:\/\/cultura.sma.gob.ar\/index.php?rest_route=\/wp\/v2\/posts\/3895","targetHints":{"allow":["GET"]}}],"collection":[{"href":"https:\/\/cultura.sma.gob.ar\/index.php?rest_route=\/wp\/v2\/posts"}],"about":[{"href":"https:\/\/cultura.sma.gob.ar\/index.php?rest_route=\/wp\/v2\/types\/post"}],"author":[{"embeddable":true,"href":"https:\/\/cultura.sma.gob.ar\/index.php?rest_route=\/wp\/v2\/users\/1"}],"replies":[{"embeddable":true,"href":"https:\/\/cultura.sma.gob.ar\/index.php?rest_route=%2Fwp%2Fv2%2Fcomments&post=3895"}],"version-history":[{"count":1,"href":"https:\/\/cultura.sma.gob.ar\/index.php?rest_route=\/wp\/v2\/posts\/3895\/revisions"}],"predecessor-version":[{"id":3897,"href":"https:\/\/cultura.sma.gob.ar\/index.php?rest_route=\/wp\/v2\/posts\/3895\/revisions\/3897"}],"wp:featuredmedia":[{"embeddable":true,"href":"https:\/\/cultura.sma.gob.ar\/index.php?rest_route=\/wp\/v2\/media\/297"}],"wp:attachment":[{"href":"https:\/\/cultura.sma.gob.ar\/index.php?rest_route=%2Fwp%2Fv2%2Fmedia&parent=3895"}],"wp:term":[{"taxonomy":"category","embeddable":true,"href":"https:\/\/cultura.sma.gob.ar\/index.php?rest_route=%2Fwp%2Fv2%2Fcategories&post=3895"},{"taxonomy":"post_tag","embeddable":true,"href":"https:\/\/cultura.sma.gob.ar\/index.php?rest_route=%2Fwp%2Fv2%2Ftags&post=3895"}],"curies":[{"name":"wp","href":"https:\/\/api.w.org\/{rel}","templated":true}]}}