{"id":3890,"date":"2022-09-19T21:50:12","date_gmt":"2022-09-20T00:50:12","guid":{"rendered":"http:\/\/cultura.sma.gob.ar\/?p=3890"},"modified":"2022-09-19T21:50:12","modified_gmt":"2022-09-20T00:50:12","slug":"sofia-rei-en-formato-duo-en-la-sala-amankay","status":"publish","type":"post","link":"https:\/\/cultura.sma.gob.ar\/?p=3890","title":{"rendered":"Sof\u00eda Rei en formato D\u00fao en la Sala Amankay"},"content":{"rendered":"\n<figure class=\"wp-block-image size-large\"><img loading=\"lazy\" decoding=\"async\" width=\"500\" height=\"500\" src=\"http:\/\/cultura.sma.gob.ar\/wp-content\/uploads\/2022\/09\/Sofia-Rei-Umbral.jpeg\" alt=\"\" class=\"wp-image-3891\" srcset=\"https:\/\/cultura.sma.gob.ar\/wp-content\/uploads\/2022\/09\/Sofia-Rei-Umbral.jpeg 500w, https:\/\/cultura.sma.gob.ar\/wp-content\/uploads\/2022\/09\/Sofia-Rei-Umbral-300x300.jpeg 300w, https:\/\/cultura.sma.gob.ar\/wp-content\/uploads\/2022\/09\/Sofia-Rei-Umbral-150x150.jpeg 150w, https:\/\/cultura.sma.gob.ar\/wp-content\/uploads\/2022\/09\/Sofia-Rei-Umbral-90x90.jpeg 90w\" sizes=\"auto, (max-width: 500px) 100vw, 500px\" \/><\/figure>\n\n\n\n<p>El pr\u00f3ximo viernes, 07 de octubre a las 20:30hs, llega, en formato D\u00fao a la Sala Amankay, la talentosa artista argentina radicada en Nueva York desde hace m\u00e1s de dos d\u00e9cadas SOF\u00cdA REI.<\/p>\n\n\n\n<p>Luego de cinco a\u00f1os, Sof\u00eda Rei volver\u00e1 a tocar en nuestro pa\u00eds. La cantante y compositora argentina est\u00e1 radicada hace m\u00e1s de dos d\u00e9cadas en Nueva York, donde ocupa un lugar destacado en la escena actual de la world music, el jazz y la m\u00fasica experimental. Viene acompa\u00f1ada de su productor y m\u00fasico JC Maillard (Angelique Kidjo, Richard Bona), adem\u00e1s de invitados especiales. Durante el concierto sonar\u00e1n los temas de \u201cUmbral\u201d, el disco que lanz\u00f3 en 2021 y que viene presentando en vivo en numerosas ciudades de Estados Unidos y Europa. Este show se enmarca en una gira por Argentina que incluye Tucum\u00e1n, Santiago del Estero y Neuqu\u00e9n, entre otras provincias.<\/p>\n\n\n\n<p>EL S\u00c1BADO 8 de OCTUBRE REALIZA UN TALLER DE IMPROVISACI\u00d3N VOCAL EN JUN\u00cdN DE LOS ANDES EN LA NECO ESPACIO CULTURAL.<\/p>\n\n\n\n<p>\u201cPocas artistas latinoamericanas han transformado tanto su obra como Sof\u00eda Rei. En la b\u00fasqueda de explorar nuevas formas de compartir su perspectiva del universo, Rei ha entregado algunos de los discos m\u00e1s innovadores dentro de la regi\u00f3n, y su m\u00e1s reciente producci\u00f3n discogr\u00e1fica, Umbral, no es la excepci\u00f3n\u201d, ha publicado la revista Rolling Stone M\u00e9xico. Considerada \u201c\u00edcono vocal femenino de la esfera de la m\u00fasica de vanguardia\u201d y \u201cpotente embajadora de la voz experimental de Latinoam\u00e9rica\u201d, la m\u00fasica de Sof\u00eda explora conexiones entre diferentes tradiciones del folklore sudamericano, el jazz, las m\u00fasicas del mundo y sonidos electr\u00f3nicos. Rei sostiene un nutrido historial art\u00edstico que incluye seis \u00e1lbumes editados bajo su nombre, m\u00faltiples colaboraciones (con John Zorn, entre otras), premios y distinciones (estuvo nominada al Grammy) y continuas giras por el mundo. \u201cUmbral\u201d combina tradici\u00f3n y modernidad a los largo de siete temas propios que surgieron a ra\u00edz del viaje por el Valle de Elqui, en Chile: una traves\u00eda hacia tierras remotas que la puso frente a s\u00ed misma y le sirvi\u00f3 como catalizador de un \u00e1lbum que explora los confines de la propia creatividad. \u201cUmbral\u201d no deja de ser el recorrido de una mujer que busca su lugar en el mundo. Sof\u00eda Rei sali\u00f3 a caminar por las monta\u00f1as chilenas con la mochila cargada de equipos para grabar y con la cabeza desbordada por las complejidades de la vida moderna. De ese viaje nacieron canciones que conjugan la tradici\u00f3n folcl\u00f3rica de Am\u00e9rica del Sur con el futuro digital, dando forma a una serie de autorretratos \u00edntimos, fragmentos de historias y pensamientos, capturas de un aqu\u00ed y ahora de introspecci\u00f3n y de vuelo a la vez. El material fue producido por JC Maillard. La mezcla estuvo a cargo de Fab Dupont (Shakira, Bebel Gilberto, David Crosby, Juan Luis Guerra, Nat King Cole, entre otros) y la masterizaci\u00f3n corri\u00f3 por cuenta de Bob Power (Miles Davis, The Roots, David Byrne y Quincy Jones).<\/p>\n\n\n\n<p>SOBRE EL PRODUCTOR Jean-Christophe (JC) Maillard es compositor, guitarrista, pianista, m\u00fasico electr\u00f3nico, productor y arreglador franc\u00e9s, nativo de Pointe-\u00e0-P\u00eetre, Guadalupe, en el Caribe. Durante los \u00faltimos veinte a\u00f1os se dedic\u00f3 a salir de gira, producir, arreglar, dirigir y grabar con los grandes nombres de la escena del jazz mundial. Colabor\u00f3, entre otros, con Lisa Fischer, Angelique Kidjo, Richard Bona, Toure Kunda. JC es tambi\u00e9n conocido por ser el primer int\u00e9rprete de SazBass, un novedoso bajo de ocho cuerdas de acero inspirado en un antiguo instrumento de cuerdas de origen turco.<\/p>\n\n\n\n<p>Ha dicho la prensa internacional sobre Umbral: \u201cUna masterclass\u2026 sublime\u201d (Songlines Magazine, Reino Unido) \u201cSalvaje, ecl\u00e9ctica y casi alucinatoria mezcla de g\u00e9neros y naciones\u2026 Fiel a la misi\u00f3n de derrumbar las fronteras\u201d (The New York Times, Estados Unidos) \u201cEs una exploraci\u00f3n fascinante de su proceso creativo, al mismo tiempo que una c\u00e1psula de historia de las tradiciones musicales del extremo sur del continente americano\u201d (NPR Alt.Latino, Estados Unidos) \u201cSof\u00eda Rei combina las tradiciones musicales sudamericanas con el pop experimental y la m\u00fasica electr\u00f3nica. La mezcla de tradici\u00f3n y modernidad se expande en una propuesta que mezcla iconograf\u00eda tradicional con \u2018santos rob\u00f3ticos\u2019, plantas exuberantes y looperas a pedal\u201d (NPR Tiny Desk Concert, Estados Unidos).<\/p>\n\n\n\n<p>M\u00e1s sobre Sof\u00eda Rei: Educada dentro de la tradici\u00f3n de la m\u00fasica acad\u00e9mica, y a la vez ardiente investigadora de las complejidades de la m\u00fasica folcl\u00f3rica sudamericana, lleva editados cinco \u00e1lbumes de manera independiente: el flamante Umbral de 2021 que est\u00e1 presentando actualmente y que fue seleccionado por el Club del Disco como disco del mes en enero de este a\u00f1o; Ojal\u00e1, de 2006; Sube Azul, de 2009; De tierra y oro, de 2012 y El Gavil\u00e1n, de 2017, en el que reversiona canciones de Violeta Parra. Las canciones de El Gavil\u00e1n fueron estrenadas en Buenos Aires en el marco de una residencia de la artista en el Centro de Experimentaci\u00f3n del Teatro Col\u00f3n (CETC). Grab\u00f3 tambi\u00e9n cinco discos junto al reconocido m\u00fasico, productor y arreglador John Zorn. En 2011 recibi\u00f3 una nominaci\u00f3n al Grammy como cantante del proyecto Aurea junto al pianista Geoffrey Keezer, en la categor\u00eda Latin Jazz. Particip\u00f3, entre otros, del global FEST 2021, del que se desprende su segunda participaci\u00f3n en el ciclo de conciertos NPR Tiny Desk, en esta oportunidad bajo el formato (Home) Concert. En 2020 fue co-curadora junto a Pablo Aslan de Jazz Across The Americas. Argentina &#8211; Tribute to Lalo Schifrin, Arturo O\u2019Farrill &amp; the Afro Latin Jazz Orchestra, evento del que tambi\u00e9n particip\u00f3 como artista. Como docente, se desempe\u00f1a actualmente en el NYU Tisch Clive Davis Institute, donde desarroll\u00f3 la c\u00e1tedra \u201cNuevas perspectivas en la m\u00fasica latinoamericana\u201d. Desde ese lugar, contin\u00faa la tarea de descubrir la inmensa diversidad de estilos tradicionales latinoamericanos e integrarlos a las nuevas tecnolog\u00edas y tendencias. M\u00e1s info en<\/p>\n\n\n\n<p><a href=\"https:\/\/correo.smandes.gov.ar\/owa\/redir.aspx?C=8d66ada6a84f4ac6960a08d072070944&amp;URL=http%3a%2f%2fwww.sofiamusic.com\" target=\"_blank\" rel=\"noreferrer noopener\">www.sofiamusic.com<\/a><\/p>\n\n\n\n<figure class=\"wp-block-embed-youtube wp-block-embed is-type-video is-provider-youtube wp-embed-aspect-16-9 wp-has-aspect-ratio\"><div class=\"wp-block-embed__wrapper\">\n<iframe loading=\"lazy\" title=\"Sofia Rei: Tiny Desk (Home) Concert\" width=\"720\" height=\"405\" src=\"https:\/\/www.youtube.com\/embed\/6cQUKZXoHlE?feature=oembed\" frameborder=\"0\" allow=\"accelerometer; autoplay; clipboard-write; encrypted-media; gyroscope; picture-in-picture\" allowfullscreen><\/iframe>\n<\/div><\/figure>\n\n\n\n<figure class=\"wp-block-embed-youtube wp-block-embed is-type-video is-provider-youtube wp-embed-aspect-16-9 wp-has-aspect-ratio\"><div class=\"wp-block-embed__wrapper\">\n<iframe loading=\"lazy\" title=\"Sof\u00eda Rei &quot;Un Mismo Cielo&quot;\" width=\"720\" height=\"405\" src=\"https:\/\/www.youtube.com\/embed\/IiMHe1XgtZI?feature=oembed\" frameborder=\"0\" allow=\"accelerometer; autoplay; clipboard-write; encrypted-media; gyroscope; picture-in-picture\" allowfullscreen title=\"Sof\u00eda Rei \"Un Mismo Cielo\"\"><\/iframe>\n<\/div><\/figure>\n\n\n\n<p>Entrada Anticipada $1.500, el mismo d\u00eda $2.000. En venta en la boleteria del Centro Cultural. De martes a domingo de 16hs a 22hs.<\/p>\n","protected":false},"excerpt":{"rendered":"<p>El pr\u00f3ximo viernes, 07 de octubre a las 20:30hs, llega, en formato D\u00fao a la Sala Amankay, la talentosa artista argentina radicada en Nueva York desde hace m\u00e1s de dos d\u00e9cadas SOF\u00cdA REI. Luego de cinco a\u00f1os, Sof\u00eda Rei volver\u00e1 a tocar en nuestro pa\u00eds. La cantante y compositora argentina est\u00e1 radicada hace m\u00e1s de dos d\u00e9cadas en Nueva York, donde ocupa un lugar destacado &hellip; <a href=\"https:\/\/cultura.sma.gob.ar\/?p=3890\" class=\"more-link\">Continue reading <span class=\"screen-reader-text\">Sof\u00eda Rei en formato D\u00fao en la Sala Amankay<\/span><\/a><\/p>\n","protected":false},"author":1,"featured_media":297,"comment_status":"closed","ping_status":"","sticky":false,"template":"","format":"image","meta":{"footnotes":""},"categories":[2,9],"tags":[],"class_list":["post-3890","post","type-post","status-publish","format-image","has-post-thumbnail","hentry","category-ciudad-cultural","category-ultimas-noticias","post_format-post-format-image"],"_links":{"self":[{"href":"https:\/\/cultura.sma.gob.ar\/index.php?rest_route=\/wp\/v2\/posts\/3890","targetHints":{"allow":["GET"]}}],"collection":[{"href":"https:\/\/cultura.sma.gob.ar\/index.php?rest_route=\/wp\/v2\/posts"}],"about":[{"href":"https:\/\/cultura.sma.gob.ar\/index.php?rest_route=\/wp\/v2\/types\/post"}],"author":[{"embeddable":true,"href":"https:\/\/cultura.sma.gob.ar\/index.php?rest_route=\/wp\/v2\/users\/1"}],"replies":[{"embeddable":true,"href":"https:\/\/cultura.sma.gob.ar\/index.php?rest_route=%2Fwp%2Fv2%2Fcomments&post=3890"}],"version-history":[{"count":1,"href":"https:\/\/cultura.sma.gob.ar\/index.php?rest_route=\/wp\/v2\/posts\/3890\/revisions"}],"predecessor-version":[{"id":3892,"href":"https:\/\/cultura.sma.gob.ar\/index.php?rest_route=\/wp\/v2\/posts\/3890\/revisions\/3892"}],"wp:featuredmedia":[{"embeddable":true,"href":"https:\/\/cultura.sma.gob.ar\/index.php?rest_route=\/wp\/v2\/media\/297"}],"wp:attachment":[{"href":"https:\/\/cultura.sma.gob.ar\/index.php?rest_route=%2Fwp%2Fv2%2Fmedia&parent=3890"}],"wp:term":[{"taxonomy":"category","embeddable":true,"href":"https:\/\/cultura.sma.gob.ar\/index.php?rest_route=%2Fwp%2Fv2%2Fcategories&post=3890"},{"taxonomy":"post_tag","embeddable":true,"href":"https:\/\/cultura.sma.gob.ar\/index.php?rest_route=%2Fwp%2Fv2%2Ftags&post=3890"}],"curies":[{"name":"wp","href":"https:\/\/api.w.org\/{rel}","templated":true}]}}