{"id":3885,"date":"2022-09-14T20:29:44","date_gmt":"2022-09-14T23:29:44","guid":{"rendered":"http:\/\/cultura.sma.gob.ar\/?p=3885"},"modified":"2022-09-14T20:29:44","modified_gmt":"2022-09-14T23:29:44","slug":"llega-el-1-ciclo-trabunero","status":"publish","type":"post","link":"https:\/\/cultura.sma.gob.ar\/?p=3885","title":{"rendered":"Llega el 1\u00b0 Ciclo Trabunero"},"content":{"rendered":"\n<figure class=\"wp-block-image size-large\"><img loading=\"lazy\" decoding=\"async\" width=\"1024\" height=\"1024\" src=\"http:\/\/cultura.sma.gob.ar\/wp-content\/uploads\/2022\/09\/ciclo-trabunero-25-septiembre-1024x1024.png\" alt=\"\" class=\"wp-image-3886\" srcset=\"https:\/\/cultura.sma.gob.ar\/wp-content\/uploads\/2022\/09\/ciclo-trabunero-25-septiembre-1024x1024.png 1024w, https:\/\/cultura.sma.gob.ar\/wp-content\/uploads\/2022\/09\/ciclo-trabunero-25-septiembre-300x300.png 300w, https:\/\/cultura.sma.gob.ar\/wp-content\/uploads\/2022\/09\/ciclo-trabunero-25-septiembre-150x150.png 150w, https:\/\/cultura.sma.gob.ar\/wp-content\/uploads\/2022\/09\/ciclo-trabunero-25-septiembre-768x768.png 768w, https:\/\/cultura.sma.gob.ar\/wp-content\/uploads\/2022\/09\/ciclo-trabunero-25-septiembre-90x90.png 90w, https:\/\/cultura.sma.gob.ar\/wp-content\/uploads\/2022\/09\/ciclo-trabunero-25-septiembre.png 1080w\" sizes=\"auto, (max-width: 1024px) 100vw, 1024px\" \/><\/figure>\n\n\n\n<p>El pr\u00f3ximo domingo, 25 de septiembre a las 20hs, en nuestra querida Sala Amankay, disfrutaremos el Primer \u201cCICLO TRABUNERO\u201d del a\u00f1o, realizado por la Comisi\u00f3n Organizadora del Trab\u00fan.<\/p>\n\n\n\n<p>Una nueva ocasi\u00f3n para volver a encontrarse, tanto con los y las artistas, como con la gente que acompa\u00f1a a\u00f1o a a\u00f1o, aqu\u00ed en San Mart\u00edn de los Andes como en la regi\u00f3n y latinoam\u00e9rica, la fiesta popular de nuestra ciudad: el \u201cTRABUN, ENCUENTRO DE LOS PUEBLOS\u201d.<br>Este evento contar\u00e1 con la participaci\u00f3n del Grupo de Danzas \u201cAlbricias\u201d dirigido por Ruben Cabrera, el d\u00fao \u201cPolemma\u201d y con la invitaci\u00f3n especial de un gran bandoneonista de la regi\u00f3n \u201cToby Villa\u201d.<\/p>\n\n\n\n<p>Los esperamos para vivir una noche con muchas alegr\u00edas, buena m\u00fasica y una linda jornada de encuentro.<\/p>\n\n\n\n<p>Entrada general $800, en venta en la boleteria del Centro Cultural Cotesma de martes a domingo de 16hs a 22hs.<\/p>\n","protected":false},"excerpt":{"rendered":"<p>El pr\u00f3ximo domingo, 25 de septiembre a las 20hs, en nuestra querida Sala Amankay, disfrutaremos el Primer \u201cCICLO TRABUNERO\u201d del a\u00f1o, realizado por la Comisi\u00f3n Organizadora del Trab\u00fan. Una nueva ocasi\u00f3n para volver a encontrarse, tanto con los y las artistas, como con la gente que acompa\u00f1a a\u00f1o a a\u00f1o, aqu\u00ed en San Mart\u00edn de los Andes como en la regi\u00f3n y latinoam\u00e9rica, la fiesta &hellip; <a href=\"https:\/\/cultura.sma.gob.ar\/?p=3885\" class=\"more-link\">Continue reading <span class=\"screen-reader-text\">Llega el 1\u00b0 Ciclo Trabunero<\/span><\/a><\/p>\n","protected":false},"author":1,"featured_media":297,"comment_status":"closed","ping_status":"","sticky":false,"template":"","format":"image","meta":{"footnotes":""},"categories":[2,9],"tags":[],"class_list":["post-3885","post","type-post","status-publish","format-image","has-post-thumbnail","hentry","category-ciudad-cultural","category-ultimas-noticias","post_format-post-format-image"],"_links":{"self":[{"href":"https:\/\/cultura.sma.gob.ar\/index.php?rest_route=\/wp\/v2\/posts\/3885","targetHints":{"allow":["GET"]}}],"collection":[{"href":"https:\/\/cultura.sma.gob.ar\/index.php?rest_route=\/wp\/v2\/posts"}],"about":[{"href":"https:\/\/cultura.sma.gob.ar\/index.php?rest_route=\/wp\/v2\/types\/post"}],"author":[{"embeddable":true,"href":"https:\/\/cultura.sma.gob.ar\/index.php?rest_route=\/wp\/v2\/users\/1"}],"replies":[{"embeddable":true,"href":"https:\/\/cultura.sma.gob.ar\/index.php?rest_route=%2Fwp%2Fv2%2Fcomments&post=3885"}],"version-history":[{"count":1,"href":"https:\/\/cultura.sma.gob.ar\/index.php?rest_route=\/wp\/v2\/posts\/3885\/revisions"}],"predecessor-version":[{"id":3887,"href":"https:\/\/cultura.sma.gob.ar\/index.php?rest_route=\/wp\/v2\/posts\/3885\/revisions\/3887"}],"wp:featuredmedia":[{"embeddable":true,"href":"https:\/\/cultura.sma.gob.ar\/index.php?rest_route=\/wp\/v2\/media\/297"}],"wp:attachment":[{"href":"https:\/\/cultura.sma.gob.ar\/index.php?rest_route=%2Fwp%2Fv2%2Fmedia&parent=3885"}],"wp:term":[{"taxonomy":"category","embeddable":true,"href":"https:\/\/cultura.sma.gob.ar\/index.php?rest_route=%2Fwp%2Fv2%2Fcategories&post=3885"},{"taxonomy":"post_tag","embeddable":true,"href":"https:\/\/cultura.sma.gob.ar\/index.php?rest_route=%2Fwp%2Fv2%2Ftags&post=3885"}],"curies":[{"name":"wp","href":"https:\/\/api.w.org\/{rel}","templated":true}]}}