{"id":3881,"date":"2022-09-14T20:25:25","date_gmt":"2022-09-14T23:25:25","guid":{"rendered":"http:\/\/cultura.sma.gob.ar\/?p=3881"},"modified":"2022-09-19T21:51:37","modified_gmt":"2022-09-20T00:51:37","slug":"milo-locket-intervendra-de-forma-artistica-los-juegos-de-una-plaza-de-nuestra-ciudad","status":"publish","type":"post","link":"https:\/\/cultura.sma.gob.ar\/?p=3881","title":{"rendered":"Milo Lockett har\u00e1 una intervenci\u00f3n art\u00edstica en nuestra ciudad"},"content":{"rendered":"\n<figure class=\"wp-block-image size-large\"><img loading=\"lazy\" decoding=\"async\" width=\"1024\" height=\"1024\" src=\"http:\/\/cultura.sma.gob.ar\/wp-content\/uploads\/2022\/09\/WhatsApp-Image-2022-09-14-at-14.26.56-1024x1024.jpeg\" alt=\"\" class=\"wp-image-3882\" srcset=\"https:\/\/cultura.sma.gob.ar\/wp-content\/uploads\/2022\/09\/WhatsApp-Image-2022-09-14-at-14.26.56-1024x1024.jpeg 1024w, https:\/\/cultura.sma.gob.ar\/wp-content\/uploads\/2022\/09\/WhatsApp-Image-2022-09-14-at-14.26.56-300x300.jpeg 300w, https:\/\/cultura.sma.gob.ar\/wp-content\/uploads\/2022\/09\/WhatsApp-Image-2022-09-14-at-14.26.56-150x150.jpeg 150w, https:\/\/cultura.sma.gob.ar\/wp-content\/uploads\/2022\/09\/WhatsApp-Image-2022-09-14-at-14.26.56-768x768.jpeg 768w, https:\/\/cultura.sma.gob.ar\/wp-content\/uploads\/2022\/09\/WhatsApp-Image-2022-09-14-at-14.26.56-90x90.jpeg 90w, https:\/\/cultura.sma.gob.ar\/wp-content\/uploads\/2022\/09\/WhatsApp-Image-2022-09-14-at-14.26.56.jpeg 1200w\" sizes=\"auto, (max-width: 1024px) 100vw, 1024px\" \/><\/figure>\n\n\n\n<p>La actividad ser\u00e1 el 20 de septiembre, de 14 a 17 hs en la Plaza de la Terminal de \u00d3mnibus.<\/p>\n\n\n\n<p>Milo Lockett realizar\u00e1 una intervenci\u00f3n art\u00edstica en los juegos de la plaza por su gran compromiso con las infancias. <\/p>\n\n\n\n<p>En caso de lluvia el evento ser\u00e1 reprogramado y redirigido a un lugar a definir.<\/p>\n\n\n\n<p>Es una actividad gratuita y abierta para que la comunidad pueda ver en acci\u00f3n a unos de los grandes y renombrados artistas de Argentina.<\/p>\n\n\n\n<p>Esta acci\u00f3n es un trabajo en equipo entre la Secretar\u00eda de Cultura de San Mart\u00edn de los Andes y la Legislatura de la Provincia del Neuqu\u00e9n, con el apoyo de la Casa de las Leyes, en el marco del programa &#8221;Legislatura Activa Neuqu\u00e9n&#8221;.<\/p>\n\n\n\n<p><\/p>\n","protected":false},"excerpt":{"rendered":"<p>La actividad ser\u00e1 el 20 de septiembre, de 14 a 17 hs en la Plaza de la Terminal de \u00d3mnibus. Milo Lockett realizar\u00e1 una intervenci\u00f3n art\u00edstica en los juegos de la plaza por su gran compromiso con las infancias. En caso de lluvia el evento ser\u00e1 reprogramado y redirigido a un lugar a definir. Es una actividad gratuita y abierta para que la comunidad pueda &hellip; <a href=\"https:\/\/cultura.sma.gob.ar\/?p=3881\" class=\"more-link\">Continue reading <span class=\"screen-reader-text\">Milo Lockett har\u00e1 una intervenci\u00f3n art\u00edstica en nuestra ciudad<\/span><\/a><\/p>\n","protected":false},"author":1,"featured_media":295,"comment_status":"closed","ping_status":"","sticky":false,"template":"","format":"image","meta":{"footnotes":""},"categories":[6,9],"tags":[],"class_list":["post-3881","post","type-post","status-publish","format-image","has-post-thumbnail","hentry","category-sala-lidaura-chapitel","category-ultimas-noticias","post_format-post-format-image"],"_links":{"self":[{"href":"https:\/\/cultura.sma.gob.ar\/index.php?rest_route=\/wp\/v2\/posts\/3881","targetHints":{"allow":["GET"]}}],"collection":[{"href":"https:\/\/cultura.sma.gob.ar\/index.php?rest_route=\/wp\/v2\/posts"}],"about":[{"href":"https:\/\/cultura.sma.gob.ar\/index.php?rest_route=\/wp\/v2\/types\/post"}],"author":[{"embeddable":true,"href":"https:\/\/cultura.sma.gob.ar\/index.php?rest_route=\/wp\/v2\/users\/1"}],"replies":[{"embeddable":true,"href":"https:\/\/cultura.sma.gob.ar\/index.php?rest_route=%2Fwp%2Fv2%2Fcomments&post=3881"}],"version-history":[{"count":3,"href":"https:\/\/cultura.sma.gob.ar\/index.php?rest_route=\/wp\/v2\/posts\/3881\/revisions"}],"predecessor-version":[{"id":3894,"href":"https:\/\/cultura.sma.gob.ar\/index.php?rest_route=\/wp\/v2\/posts\/3881\/revisions\/3894"}],"wp:featuredmedia":[{"embeddable":true,"href":"https:\/\/cultura.sma.gob.ar\/index.php?rest_route=\/wp\/v2\/media\/295"}],"wp:attachment":[{"href":"https:\/\/cultura.sma.gob.ar\/index.php?rest_route=%2Fwp%2Fv2%2Fmedia&parent=3881"}],"wp:term":[{"taxonomy":"category","embeddable":true,"href":"https:\/\/cultura.sma.gob.ar\/index.php?rest_route=%2Fwp%2Fv2%2Fcategories&post=3881"},{"taxonomy":"post_tag","embeddable":true,"href":"https:\/\/cultura.sma.gob.ar\/index.php?rest_route=%2Fwp%2Fv2%2Ftags&post=3881"}],"curies":[{"name":"wp","href":"https:\/\/api.w.org\/{rel}","templated":true}]}}