{"id":3876,"date":"2022-09-12T19:24:18","date_gmt":"2022-09-12T22:24:18","guid":{"rendered":"http:\/\/cultura.sma.gob.ar\/?p=3876"},"modified":"2022-09-12T19:24:18","modified_gmt":"2022-09-12T22:24:18","slug":"grupo-de-danzas-albricias-danzando-el-camino","status":"publish","type":"post","link":"https:\/\/cultura.sma.gob.ar\/?p=3876","title":{"rendered":"Grupo de danzas &#8221;Albricias&#8221;: &#8221;Danzando el camino&#8221;"},"content":{"rendered":"\n<figure class=\"wp-block-image size-large\"><img loading=\"lazy\" decoding=\"async\" width=\"1024\" height=\"343\" src=\"http:\/\/cultura.sma.gob.ar\/wp-content\/uploads\/2022\/09\/Albricias-DANZANDO-EL-CAMINO-Flyer-1024x343.jpg\" alt=\"\" class=\"wp-image-3877\" srcset=\"https:\/\/cultura.sma.gob.ar\/wp-content\/uploads\/2022\/09\/Albricias-DANZANDO-EL-CAMINO-Flyer-1024x343.jpg 1024w, https:\/\/cultura.sma.gob.ar\/wp-content\/uploads\/2022\/09\/Albricias-DANZANDO-EL-CAMINO-Flyer-300x101.jpg 300w, https:\/\/cultura.sma.gob.ar\/wp-content\/uploads\/2022\/09\/Albricias-DANZANDO-EL-CAMINO-Flyer-768x257.jpg 768w, https:\/\/cultura.sma.gob.ar\/wp-content\/uploads\/2022\/09\/Albricias-DANZANDO-EL-CAMINO-Flyer-1536x515.jpg 1536w, https:\/\/cultura.sma.gob.ar\/wp-content\/uploads\/2022\/09\/Albricias-DANZANDO-EL-CAMINO-Flyer-269x90.jpg 269w, https:\/\/cultura.sma.gob.ar\/wp-content\/uploads\/2022\/09\/Albricias-DANZANDO-EL-CAMINO-Flyer.jpg 2000w\" sizes=\"auto, (max-width: 1024px) 100vw, 1024px\" \/><\/figure>\n\n\n\n<p>El pr\u00f3ximo domingo, 02 de octubre, a las 19hs, en nuestra querida Sala Amankay, tendremos el enorme placer de volver a recibir al Grupo de Danzas Albricias, que en esta oportunidad nos presentar\u00e1n \u201cDANZANDO EL CAMINO\u201d, su nueva obra.<\/p>\n\n\n\n<p>El Grupo de Danzas Albricias de San Mart\u00edn de los Andes, presenta &#8220;Danzando el camino&#8221;, un recorrido por los estilos de danzas folkl\u00f3ricas m\u00e1s caracter\u00edsticas de nuestro pa\u00eds, de la mano de su Director y Core\u00f3grafo Rub\u00e9n Cabrera.<br>Este espect\u00e1culo condensa sus 44 a\u00f1os de trayectoria.<br>La obra reflexiona sobre el paso del tiempo, los cambios, la superaci\u00f3n del artista ante la adversidad, el dolor y el miedo a ser olvidado.<\/p>\n\n\n\n<p>Entrada General $800 \u2013 en venta en la boleter\u00eda del Centro Cultural. De martes a Domingo de 16hs a 22hs.<\/p>\n","protected":false},"excerpt":{"rendered":"<p>El pr\u00f3ximo domingo, 02 de octubre, a las 19hs, en nuestra querida Sala Amankay, tendremos el enorme placer de volver a recibir al Grupo de Danzas Albricias, que en esta oportunidad nos presentar\u00e1n \u201cDANZANDO EL CAMINO\u201d, su nueva obra. El Grupo de Danzas Albricias de San Mart\u00edn de los Andes, presenta &#8220;Danzando el camino&#8221;, un recorrido por los estilos de danzas folkl\u00f3ricas m\u00e1s caracter\u00edsticas de &hellip; <a href=\"https:\/\/cultura.sma.gob.ar\/?p=3876\" class=\"more-link\">Continue reading <span class=\"screen-reader-text\">Grupo de danzas &#8221;Albricias&#8221;: &#8221;Danzando el camino&#8221;<\/span><\/a><\/p>\n","protected":false},"author":1,"featured_media":297,"comment_status":"closed","ping_status":"","sticky":false,"template":"","format":"image","meta":{"footnotes":""},"categories":[2,9],"tags":[],"class_list":["post-3876","post","type-post","status-publish","format-image","has-post-thumbnail","hentry","category-ciudad-cultural","category-ultimas-noticias","post_format-post-format-image"],"_links":{"self":[{"href":"https:\/\/cultura.sma.gob.ar\/index.php?rest_route=\/wp\/v2\/posts\/3876","targetHints":{"allow":["GET"]}}],"collection":[{"href":"https:\/\/cultura.sma.gob.ar\/index.php?rest_route=\/wp\/v2\/posts"}],"about":[{"href":"https:\/\/cultura.sma.gob.ar\/index.php?rest_route=\/wp\/v2\/types\/post"}],"author":[{"embeddable":true,"href":"https:\/\/cultura.sma.gob.ar\/index.php?rest_route=\/wp\/v2\/users\/1"}],"replies":[{"embeddable":true,"href":"https:\/\/cultura.sma.gob.ar\/index.php?rest_route=%2Fwp%2Fv2%2Fcomments&post=3876"}],"version-history":[{"count":1,"href":"https:\/\/cultura.sma.gob.ar\/index.php?rest_route=\/wp\/v2\/posts\/3876\/revisions"}],"predecessor-version":[{"id":3878,"href":"https:\/\/cultura.sma.gob.ar\/index.php?rest_route=\/wp\/v2\/posts\/3876\/revisions\/3878"}],"wp:featuredmedia":[{"embeddable":true,"href":"https:\/\/cultura.sma.gob.ar\/index.php?rest_route=\/wp\/v2\/media\/297"}],"wp:attachment":[{"href":"https:\/\/cultura.sma.gob.ar\/index.php?rest_route=%2Fwp%2Fv2%2Fmedia&parent=3876"}],"wp:term":[{"taxonomy":"category","embeddable":true,"href":"https:\/\/cultura.sma.gob.ar\/index.php?rest_route=%2Fwp%2Fv2%2Fcategories&post=3876"},{"taxonomy":"post_tag","embeddable":true,"href":"https:\/\/cultura.sma.gob.ar\/index.php?rest_route=%2Fwp%2Fv2%2Ftags&post=3876"}],"curies":[{"name":"wp","href":"https:\/\/api.w.org\/{rel}","templated":true}]}}