{"id":3866,"date":"2022-08-31T09:44:46","date_gmt":"2022-08-31T12:44:46","guid":{"rendered":"http:\/\/cultura.sma.gob.ar\/?p=3866"},"modified":"2022-08-31T10:13:18","modified_gmt":"2022-08-31T13:13:18","slug":"1o-congreso-de-patrimonio-cultural-de-san-martin-de-los-andes-8-9-y-10-de-setiembre-de-2022","status":"publish","type":"post","link":"https:\/\/cultura.sma.gob.ar\/?p=3866","title":{"rendered":"1\u00ba Congreso de Patrimonio Cultural de San Mart\u00edn de los Andes: 8, 9 y 10 de setiembre de 2022"},"content":{"rendered":"\n<figure class=\"wp-block-image size-large\"><img loading=\"lazy\" decoding=\"async\" width=\"1000\" height=\"1000\" src=\"http:\/\/cultura.sma.gob.ar\/wp-content\/uploads\/2022\/08\/redes-01.jpg\" alt=\"\" class=\"wp-image-3867\" srcset=\"https:\/\/cultura.sma.gob.ar\/wp-content\/uploads\/2022\/08\/redes-01.jpg 1000w, https:\/\/cultura.sma.gob.ar\/wp-content\/uploads\/2022\/08\/redes-01-300x300.jpg 300w, https:\/\/cultura.sma.gob.ar\/wp-content\/uploads\/2022\/08\/redes-01-150x150.jpg 150w, https:\/\/cultura.sma.gob.ar\/wp-content\/uploads\/2022\/08\/redes-01-768x768.jpg 768w, https:\/\/cultura.sma.gob.ar\/wp-content\/uploads\/2022\/08\/redes-01-90x90.jpg 90w\" sizes=\"auto, (max-width: 1000px) 100vw, 1000px\" \/><\/figure>\n\n\n\n<p>La Secretar\u00eda de Cultura y Educaci\u00f3n invita a la comunidad a participar en el 1\u00ba Congreso de Patrimonio Cultural de San Mart\u00edn de los Andes, que se realizar\u00e1 el 8, 9 y 10 de septiembre de 2022 en la sala Lidaura Chapitel.&nbsp;<\/p>\n\n\n\n<p>La programaci\u00f3n del Congreso incluye ponencias de destacados profesionales de diferentes ciudades de la Provincia, propuestas de vecinos y vecinas de nuestra localidad, conferencias magistrales y foros de debate.<\/p>\n\n\n\n<p>Habr\u00e1 un foro por cada eje tem\u00e1tico, con el fin de exponer y considerar propuestas de incorporaci\u00f3n de bienes tangibles e intangibles a las diferentes categor\u00edas que contempla la nueva Ordenanza de Patrimonio Cultural. Los foros tendr\u00e1n la finalidad de garantizar una amplia participaci\u00f3n ciudadana en el Congreso, y las conclusiones formar\u00e1n parte del documento final.&nbsp;<\/p>\n\n\n\n<p>Quienes deseen participar en el Congreso en calidad de participante activo, deben inscribirse y abonar un arancel de $1.000 (mil pesos) o $ 500 (quinientos pesos) en el caso de estudiantes. Esta modalidad otorga certificado de asistencia, con un requisito de 90% de presencialidad. Las inscripciones se realizan a trav\u00e9s del mail congresoculturalsma@gmail.com, hasta el d\u00eda 7 de septiembre inclusive.<br>La participaci\u00f3n como p\u00fablico en cualquiera de las exposiciones y en los foros debate es gratuita y no requiere inscripci\u00f3n previa.<\/p>\n\n\n\n<p>El 1\u00ba Congreso de Patrimonio Cultural de San Mart\u00edn de los Andes ser\u00e1 el marco apropiado para profundizar el tratamiento de las pol\u00edticas p\u00fablicas destinadas a identificar, difundir y proteger los distintos elementos identitarios de la ciudad.<br>Est\u00e1 organizado por&nbsp;la&nbsp;Secretaria de Cultura y Educaci\u00f3n, la Comisi\u00f3n Municipal de<br>Preservaci\u00f3n del Patrimonio Cultural, la Secretar\u00eda de Planeamiento y Desarrollo Sustentable, la Secretar\u00eda de Turismo y el Consejo de Planificaci\u00f3n Estrat\u00e9gica.&nbsp;<br>Forman parte del Comit\u00e9 Acad\u00e9mico la Facultad de Turismo de la Universidad Nacional del Comahue, la Universidad Tecnol\u00f3gica Nacional, el Colegio de Arquitectos de la Provincia del Neuqu\u00e9n, sede regional N\u00ba 3, y el Colegio de Ingenieros de la Provincia del Neuqu\u00e9n, delegaci\u00f3n sur.<\/p>\n\n\n\n<p>El 1\u00ba Congreso de Patrimonio Cultural de San Mart\u00edn de los Andes propone generar instancias de participaci\u00f3n ciudadana para incorporar bienes tangibles e intangibles a las categor\u00edas de patrimonio cultural que contempla la Ordenanza N\u00ba 13532\/22. Ser\u00e1 el marco apropiado para profundizar el tratamiento de las pol\u00edticas p\u00fablicas destinadas a identificar, difundir y proteger los distintos elementos identitarios de la ciudad.<\/p>\n\n\n\n<p><strong>PROGRAMA.<\/strong><\/p>\n\n\n\n<p><strong>JUEVES 8.<\/strong><br>09:30 h. Acreditaciones.<br>10:00 h. Acto de Apertura.<br>10:30 h. Taller. \u201cProcedimientos t\u00e9cnicos y participativos para la identificaci\u00f3n en territorio de bienes<br>de valor patrimonial. Restricciones al dominio\u201d. Por Tom\u00e1s Vaccaro y Pedro Delheye.<br>12:00 h. Receso.<br>16:00 h. Propuesta. Patrimonio art\u00edstico. Ana Mar\u00eda de Mena. \u201cObras de Bellocq y Olmos Mu\u00f1oz\u201d.<br>16:30 hs Propuesta. Patrimonio urbano. Alejandro I\u00f3dice. \u201cBuzones de pilar y estafeta postal\u201d.<br>17:00 h. Propuesta. Patrimonio art\u00edstico. Salom\u00e9 Audisio. \u201cColecci\u00f3n de \u00f3leos de Georg Miciu pintados en Patagonia\u201d.<br>17:30 h. Refrigerio.<br>18:00 h. Foro debate. Patrimonio arquitect\u00f3nico, urbano y paisaj\u00edstico.19:30 h. Conferencia magistral. Laura Arruzazabala.<\/p>\n\n\n\n<p><br><strong>VIERNES 9.<\/strong><br>10:30 h. Propuesta. Patrimonio urbano. Tom\u00e1s Iglesias. \u201cMonumentos de San Mart\u00edn de los Andes\u201d.<br>11:00 h. Comunicaci\u00f3n. Nicol\u00e1s Pad\u00edn, Romina Braicovih, Marta Proto. \u201cGu\u00eda del Patrimonio Hist\u00f3rico Neuquino. Avances y presentaci\u00f3n de caso. Villa La Angostura\u201d.<br>11:30 h. Comunicaci\u00f3n. Marta Proto. \u201cAspectos a considerar en la intervenci\u00f3n del patrimonio urbano\u201d.<br>12:00 h. Receso.<br>16.00 h. Comunicaci\u00f3n. Franco Mattighello, Noe Rouco de Urquiza, Pablo Bestard. \u201cPuesta en valor del arte rupestre\u201d.<br>16.30 h. Comunicaci\u00f3n. Claudia Hunko. \u201cLa tecnolog\u00eda aplicada a la puesta en valor del patrimonio\u201d.<br>17.00 h. Comunicaci\u00f3n. Soledad Cabezas. \u201cCantoras del norte neuquino. Experiencias de abordaje para su difusi\u00f3n\u201d.<br>17.30 h. Refrigerio.<br>18:00 h. Foro debate. Patrimonio art\u00edstico y social.19:30 h. Conferencia magistral. M\u00f3nica Capano.<\/p>\n\n\n\n<p><br><strong>SABADO 10.<\/strong><br>10:30 h. Comunicaci\u00f3n. Agust\u00edn A. Antonow, Mariana Martinese. \u201cArchivos estatales del Neuqu\u00e9n. Patrimonio cultural, ciudadan\u00eda y acceso a la informaci\u00f3n p\u00fablica en el s. XXI\u201d.<br>11:00 h. Comunicaci\u00f3n. Mar\u00eda Victoria Neira. \u201cAntecedentes de la arquitectura regional de monta\u00f1a y planificaci\u00f3n territorial en las ciudades tur\u00edsticas de la Patagonia norte\u201d.<br>11:30 h. Comunicaci\u00f3n. Adriana Maddaleni, Mar\u00eda Victoria Neira. \u201cPlan de vivienda rural para comunidades mapuche\u201d.<br>12:00 h. Receso.<br>16:00 h. Comunicaci\u00f3n. Ana Mar\u00eda de Mena. \u201cEl Cristo de la frontera de Pakarati\u201d.<br>16:30 h. Comunicaci\u00f3n. Paula Constantini. \u201cMapeando el Nahuel Huapi. Archivos del Sur\u201d.<br>17:00 h. Mesa Redonda. Carlos Cides, Ra\u00fal Mansilla, Estefan\u00eda Petersen. \u201cPol\u00edticas p\u00fablicas sobre patrimonio cultural neuquino\u201d.<br>17.30 h. Refrigerio.<\/p>\n\n\n\n<p>18:00 h. Foro debate. Patrimonio inmaterial.<br>19:30 h. Conferencia magistral. Guillermo Tella.<br>20:30 h. Lectura del documento final.<br>21:00 h. Cierre del Congreso con brindis.<\/p>\n","protected":false},"excerpt":{"rendered":"<p>La Secretar\u00eda de Cultura y Educaci\u00f3n invita a la comunidad a participar en el 1\u00ba Congreso de Patrimonio Cultural de San Mart\u00edn de los Andes, que se realizar\u00e1 el 8, 9 y 10 de septiembre de 2022 en la sala Lidaura Chapitel.&nbsp; La programaci\u00f3n del Congreso incluye ponencias de destacados profesionales de diferentes ciudades de la Provincia, propuestas de vecinos y vecinas de nuestra localidad, &hellip; <a href=\"https:\/\/cultura.sma.gob.ar\/?p=3866\" class=\"more-link\">Continue reading <span class=\"screen-reader-text\">1\u00ba Congreso de Patrimonio Cultural de San Mart\u00edn de los Andes: 8, 9 y 10 de setiembre de 2022<\/span><\/a><\/p>\n","protected":false},"author":1,"featured_media":294,"comment_status":"closed","ping_status":"","sticky":false,"template":"","format":"image","meta":{"footnotes":""},"categories":[4,9],"tags":[],"class_list":["post-3866","post","type-post","status-publish","format-image","has-post-thumbnail","hentry","category-museo-primeros-pobladores","category-ultimas-noticias","post_format-post-format-image"],"_links":{"self":[{"href":"https:\/\/cultura.sma.gob.ar\/index.php?rest_route=\/wp\/v2\/posts\/3866","targetHints":{"allow":["GET"]}}],"collection":[{"href":"https:\/\/cultura.sma.gob.ar\/index.php?rest_route=\/wp\/v2\/posts"}],"about":[{"href":"https:\/\/cultura.sma.gob.ar\/index.php?rest_route=\/wp\/v2\/types\/post"}],"author":[{"embeddable":true,"href":"https:\/\/cultura.sma.gob.ar\/index.php?rest_route=\/wp\/v2\/users\/1"}],"replies":[{"embeddable":true,"href":"https:\/\/cultura.sma.gob.ar\/index.php?rest_route=%2Fwp%2Fv2%2Fcomments&post=3866"}],"version-history":[{"count":2,"href":"https:\/\/cultura.sma.gob.ar\/index.php?rest_route=\/wp\/v2\/posts\/3866\/revisions"}],"predecessor-version":[{"id":3870,"href":"https:\/\/cultura.sma.gob.ar\/index.php?rest_route=\/wp\/v2\/posts\/3866\/revisions\/3870"}],"wp:featuredmedia":[{"embeddable":true,"href":"https:\/\/cultura.sma.gob.ar\/index.php?rest_route=\/wp\/v2\/media\/294"}],"wp:attachment":[{"href":"https:\/\/cultura.sma.gob.ar\/index.php?rest_route=%2Fwp%2Fv2%2Fmedia&parent=3866"}],"wp:term":[{"taxonomy":"category","embeddable":true,"href":"https:\/\/cultura.sma.gob.ar\/index.php?rest_route=%2Fwp%2Fv2%2Fcategories&post=3866"},{"taxonomy":"post_tag","embeddable":true,"href":"https:\/\/cultura.sma.gob.ar\/index.php?rest_route=%2Fwp%2Fv2%2Ftags&post=3866"}],"curies":[{"name":"wp","href":"https:\/\/api.w.org\/{rel}","templated":true}]}}