{"id":3861,"date":"2022-08-30T18:41:21","date_gmt":"2022-08-30T21:41:21","guid":{"rendered":"http:\/\/cultura.sma.gob.ar\/?p=3861"},"modified":"2022-08-30T18:52:53","modified_gmt":"2022-08-30T21:52:53","slug":"llega-trazos-de-una-ciudad-croquiseros-urbanos-a-la-sala-lidaura-chapitel","status":"publish","type":"post","link":"https:\/\/cultura.sma.gob.ar\/?p=3861","title":{"rendered":"Llega &#8221;Trazos de una ciudad, Croquiseros Urbanos&#8221; a la Sala Lidaura Chapitel"},"content":{"rendered":"\n<figure class=\"wp-block-image size-large\"><img loading=\"lazy\" decoding=\"async\" width=\"1024\" height=\"1024\" src=\"http:\/\/cultura.sma.gob.ar\/wp-content\/uploads\/2022\/08\/expo-02-3-1024x1024.jpg\" alt=\"\" class=\"wp-image-3862\" srcset=\"https:\/\/cultura.sma.gob.ar\/wp-content\/uploads\/2022\/08\/expo-02-3-1024x1024.jpg 1024w, https:\/\/cultura.sma.gob.ar\/wp-content\/uploads\/2022\/08\/expo-02-3-300x300.jpg 300w, https:\/\/cultura.sma.gob.ar\/wp-content\/uploads\/2022\/08\/expo-02-3-150x150.jpg 150w, https:\/\/cultura.sma.gob.ar\/wp-content\/uploads\/2022\/08\/expo-02-3-768x768.jpg 768w, https:\/\/cultura.sma.gob.ar\/wp-content\/uploads\/2022\/08\/expo-02-3-1536x1536.jpg 1536w, https:\/\/cultura.sma.gob.ar\/wp-content\/uploads\/2022\/08\/expo-02-3-90x90.jpg 90w, https:\/\/cultura.sma.gob.ar\/wp-content\/uploads\/2022\/08\/expo-02-3.jpg 1875w\" sizes=\"auto, (max-width: 1024px) 100vw, 1024px\" \/><\/figure>\n\n\n\n<p>&#8220;\u00bfC\u00f3mo era San Mart\u00edn de los Andes en otros tiempos? \u00bfQu\u00e9 historias nos pueden contar sus casas? \u00bfC\u00f3mo influ\u00eda la predominante naturaleza en ese peque\u00f1o n\u00facleo de pobladores? \u00bfQu\u00e9 elementos hacen a la identidad de nuestra ciudad?&#8221;<\/p>\n\n\n\n<p>Estas preguntas disparadoras animaron la producci\u00f3n del taller de Croquiseros Urbanos que se realiza en la sala Municipal de Exposiciones Chapitel desde 2021.<\/p>\n\n\n\n<p>Los invitamos a conocer y redescubrir parte de la historia de nuestra ciudad contada por su arquitectura y habitantes, en esta nueva muestra disponible hasta el 17 de septiembre, con entrada abierta y gratuita. <\/p>\n\n\n\n<p>Inauguramos el 2 de septiembre a las 20 hs, y luego la exposici\u00f3n estar\u00e1 abierta al p\u00fablico de lunes a viernes de 10 a 12, y de 16 a 20 hs, y s\u00e1bados de 16 a 20 hs.<\/p>\n\n\n\n<p>Los esperamos!<\/p>\n","protected":false},"excerpt":{"rendered":"<p>&#8220;\u00bfC\u00f3mo era San Mart\u00edn de los Andes en otros tiempos? \u00bfQu\u00e9 historias nos pueden contar sus casas? \u00bfC\u00f3mo influ\u00eda la predominante naturaleza en ese peque\u00f1o n\u00facleo de pobladores? \u00bfQu\u00e9 elementos hacen a la identidad de nuestra ciudad?&#8221; Estas preguntas disparadoras animaron la producci\u00f3n del taller de Croquiseros Urbanos que se realiza en la sala Municipal de Exposiciones Chapitel desde 2021. Los invitamos a conocer y &hellip; <a href=\"https:\/\/cultura.sma.gob.ar\/?p=3861\" class=\"more-link\">Continue reading <span class=\"screen-reader-text\">Llega &#8221;Trazos de una ciudad, Croquiseros Urbanos&#8221; a la Sala Lidaura Chapitel<\/span><\/a><\/p>\n","protected":false},"author":1,"featured_media":295,"comment_status":"closed","ping_status":"","sticky":false,"template":"","format":"image","meta":{"footnotes":""},"categories":[6,9],"tags":[],"class_list":["post-3861","post","type-post","status-publish","format-image","has-post-thumbnail","hentry","category-sala-lidaura-chapitel","category-ultimas-noticias","post_format-post-format-image"],"_links":{"self":[{"href":"https:\/\/cultura.sma.gob.ar\/index.php?rest_route=\/wp\/v2\/posts\/3861","targetHints":{"allow":["GET"]}}],"collection":[{"href":"https:\/\/cultura.sma.gob.ar\/index.php?rest_route=\/wp\/v2\/posts"}],"about":[{"href":"https:\/\/cultura.sma.gob.ar\/index.php?rest_route=\/wp\/v2\/types\/post"}],"author":[{"embeddable":true,"href":"https:\/\/cultura.sma.gob.ar\/index.php?rest_route=\/wp\/v2\/users\/1"}],"replies":[{"embeddable":true,"href":"https:\/\/cultura.sma.gob.ar\/index.php?rest_route=%2Fwp%2Fv2%2Fcomments&post=3861"}],"version-history":[{"count":2,"href":"https:\/\/cultura.sma.gob.ar\/index.php?rest_route=\/wp\/v2\/posts\/3861\/revisions"}],"predecessor-version":[{"id":3865,"href":"https:\/\/cultura.sma.gob.ar\/index.php?rest_route=\/wp\/v2\/posts\/3861\/revisions\/3865"}],"wp:featuredmedia":[{"embeddable":true,"href":"https:\/\/cultura.sma.gob.ar\/index.php?rest_route=\/wp\/v2\/media\/295"}],"wp:attachment":[{"href":"https:\/\/cultura.sma.gob.ar\/index.php?rest_route=%2Fwp%2Fv2%2Fmedia&parent=3861"}],"wp:term":[{"taxonomy":"category","embeddable":true,"href":"https:\/\/cultura.sma.gob.ar\/index.php?rest_route=%2Fwp%2Fv2%2Fcategories&post=3861"},{"taxonomy":"post_tag","embeddable":true,"href":"https:\/\/cultura.sma.gob.ar\/index.php?rest_route=%2Fwp%2Fv2%2Ftags&post=3861"}],"curies":[{"name":"wp","href":"https:\/\/api.w.org\/{rel}","templated":true}]}}