{"id":3857,"date":"2022-08-28T16:18:49","date_gmt":"2022-08-28T19:18:49","guid":{"rendered":"http:\/\/cultura.sma.gob.ar\/?p=3857"},"modified":"2022-08-28T16:18:49","modified_gmt":"2022-08-28T19:18:49","slug":"llega-la-octava-edicion-de-cine-a-la-vista","status":"publish","type":"post","link":"https:\/\/cultura.sma.gob.ar\/?p=3857","title":{"rendered":"Llega la octava edici\u00f3n de Cine a la Vista!"},"content":{"rendered":"\n<figure class=\"wp-block-image size-large\"><img loading=\"lazy\" decoding=\"async\" width=\"500\" height=\"708\" src=\"http:\/\/cultura.sma.gob.ar\/wp-content\/uploads\/2022\/08\/cine-a-la-vista-8.png\" alt=\"\" class=\"wp-image-3858\" srcset=\"https:\/\/cultura.sma.gob.ar\/wp-content\/uploads\/2022\/08\/cine-a-la-vista-8.png 500w, https:\/\/cultura.sma.gob.ar\/wp-content\/uploads\/2022\/08\/cine-a-la-vista-8-212x300.png 212w, https:\/\/cultura.sma.gob.ar\/wp-content\/uploads\/2022\/08\/cine-a-la-vista-8-64x90.png 64w\" sizes=\"auto, (max-width: 500px) 100vw, 500px\" \/><\/figure>\n\n\n\n<p><\/p>\n\n\n\n<p><strong>Del 5 al 14 de septiembre se desarrollar\u00e1 la octava edici\u00f3n del Festival Internacional de Cine para Adolescentes Cine a la Vista! en el Centro Cultural Cotesma de San Mart\u00edn de los Andes<\/strong>; con la proyecci\u00f3n de pel\u00edculas nacionales e internacionales, que s\u00f3lo vas a poder disfrutar en la gran pantalla durante este festival.<\/p>\n\n\n\n<p>Cine a la Vista! tiene la particularidad de que el jurado est\u00e1 conformado exclusivamente por adolescentes. Este a\u00f1o, adem\u00e1s de representantes locales y de distintas comunidades vecinas, contaremos con la participaci\u00f3n de decenas de j\u00f3venes de todas las provincias argentinas. Tambi\u00e9n recibiremos participantes de Paraguay, Uruguay y Chile.<\/p>\n\n\n\n<p><br>Como en cada edici\u00f3n, Cine a la Vista! presenta pel\u00edculas diversas para pensar, imaginar, emocionarse y divertirse. Por eso, toda la programaci\u00f3n estar\u00e1 disponible para el p\u00fablico general en Cotesma a partir del 6 de septiembre.&nbsp;<\/p>\n\n\n\n<p><br>Este a\u00f1o, las producciones en competencia son:<\/p>\n\n\n\n<p><strong>Pel\u00edculas internacionales<\/strong><\/p>\n\n\n\n<ul class=\"wp-block-list\"><li>Qu\u00e9 vemos cuando miramos al cielo (Georgia)<\/li><li>Triple trouble (Polonia)<\/li><li>Ninjababy (Noruega)<\/li><li>Mateina (Uruguay)<\/li><li>Conectando los puntos (Canad\u00e1)<\/li><li>Como yo quiera (Co-producci\u00f3n entre Egipto, Francia, Noruega, Palestina y Alemania)<\/li><\/ul>\n\n\n\n<p><strong><br>Pel\u00edculas nacionales<\/strong><\/p>\n\n\n\n<ul class=\"wp-block-list\"><li>Los inventados<\/li><li>Yo nena, yo princesa<\/li><li>Lavander\u00eda Nancy Sport<\/li><li>La estrella roja<\/li><li>Jes\u00fas L\u00f3pez<\/li><li>Esqu\u00ed<\/li><li>Ese fin de semana<\/li><li>El Monte<\/li><\/ul>\n\n\n\n<p><br>Adem\u00e1s, habr\u00e1 una secci\u00f3n en competencia de cortometrajes realizados por adolescentes y una muestra paralela, fuera de competencia, de los Festivales FICWALLMAPU, proveniente de Chile, y NIEVE ROJA, el Festival Internacional de terror, ciencia ficci\u00f3n, bizarro y fant\u00e1stico de El Bols\u00f3n.<\/p>\n\n\n\n<p>Otra novedad este a\u00f1o es la creaci\u00f3n de un Laboratorio de guion dictado por Samantha Victoria y Federico Marcello, cuya convocatoria cont\u00f3 con la participaci\u00f3n de 17 proyectos de largometrajes de ficci\u00f3n, 14 de ellos nacionales y 3 internacionales. Resultando ganadores los guiones: \u201cIberah\u201d de Alejo Estrabou (El Bols\u00f3n), \u201cMalense\u00f1ado\u201d de Davis Eira Pire (Rosario) y \u201cCimarr\u00f3n\u201d de Mariana Chiesa (Bariloche); quienes realizar\u00e1n las tutor\u00edas durante el Festival.<\/p>\n\n\n\n<p><strong>Para poder disfrutar de toda la programaci\u00f3n, les esperamos del 6 al 14 de septiembre en el Centro Cultural Cotesma.<\/strong><\/p>\n\n\n\n<p>Toda la informaci\u00f3n, adem\u00e1s, la pod\u00e9s encontrar en nuestra web&nbsp;<a href=\"https:\/\/correo.smandes.gov.ar\/owa\/redir.aspx?C=3883011cb79a480692103a48cb78d9a9&amp;URL=http%3a%2f%2fwww.cinealavista.com\" target=\"_blank\" rel=\"noreferrer noopener\">www.cinealavista.com<\/a>&nbsp; y en redes como @festivalcinealavista&nbsp;&nbsp;<\/p>\n","protected":false},"excerpt":{"rendered":"<p>Del 5 al 14 de septiembre se desarrollar\u00e1 la octava edici\u00f3n del Festival Internacional de Cine para Adolescentes Cine a la Vista! en el Centro Cultural Cotesma de San Mart\u00edn de los Andes; con la proyecci\u00f3n de pel\u00edculas nacionales e internacionales, que s\u00f3lo vas a poder disfrutar en la gran pantalla durante este festival. Cine a la Vista! tiene la particularidad de que el jurado &hellip; <a href=\"https:\/\/cultura.sma.gob.ar\/?p=3857\" class=\"more-link\">Continue reading <span class=\"screen-reader-text\">Llega la octava edici\u00f3n de Cine a la Vista!<\/span><\/a><\/p>\n","protected":false},"author":1,"featured_media":297,"comment_status":"closed","ping_status":"","sticky":false,"template":"","format":"image","meta":{"footnotes":""},"categories":[2,9],"tags":[],"class_list":["post-3857","post","type-post","status-publish","format-image","has-post-thumbnail","hentry","category-ciudad-cultural","category-ultimas-noticias","post_format-post-format-image"],"_links":{"self":[{"href":"https:\/\/cultura.sma.gob.ar\/index.php?rest_route=\/wp\/v2\/posts\/3857","targetHints":{"allow":["GET"]}}],"collection":[{"href":"https:\/\/cultura.sma.gob.ar\/index.php?rest_route=\/wp\/v2\/posts"}],"about":[{"href":"https:\/\/cultura.sma.gob.ar\/index.php?rest_route=\/wp\/v2\/types\/post"}],"author":[{"embeddable":true,"href":"https:\/\/cultura.sma.gob.ar\/index.php?rest_route=\/wp\/v2\/users\/1"}],"replies":[{"embeddable":true,"href":"https:\/\/cultura.sma.gob.ar\/index.php?rest_route=%2Fwp%2Fv2%2Fcomments&post=3857"}],"version-history":[{"count":1,"href":"https:\/\/cultura.sma.gob.ar\/index.php?rest_route=\/wp\/v2\/posts\/3857\/revisions"}],"predecessor-version":[{"id":3859,"href":"https:\/\/cultura.sma.gob.ar\/index.php?rest_route=\/wp\/v2\/posts\/3857\/revisions\/3859"}],"wp:featuredmedia":[{"embeddable":true,"href":"https:\/\/cultura.sma.gob.ar\/index.php?rest_route=\/wp\/v2\/media\/297"}],"wp:attachment":[{"href":"https:\/\/cultura.sma.gob.ar\/index.php?rest_route=%2Fwp%2Fv2%2Fmedia&parent=3857"}],"wp:term":[{"taxonomy":"category","embeddable":true,"href":"https:\/\/cultura.sma.gob.ar\/index.php?rest_route=%2Fwp%2Fv2%2Fcategories&post=3857"},{"taxonomy":"post_tag","embeddable":true,"href":"https:\/\/cultura.sma.gob.ar\/index.php?rest_route=%2Fwp%2Fv2%2Ftags&post=3857"}],"curies":[{"name":"wp","href":"https:\/\/api.w.org\/{rel}","templated":true}]}}