{"id":3853,"date":"2022-08-28T16:13:28","date_gmt":"2022-08-28T19:13:28","guid":{"rendered":"http:\/\/cultura.sma.gob.ar\/?p=3853"},"modified":"2022-08-28T16:13:28","modified_gmt":"2022-08-28T19:13:28","slug":"proyecciones-a-la-gorra-el-golpe","status":"publish","type":"post","link":"https:\/\/cultura.sma.gob.ar\/?p=3853","title":{"rendered":"Proyecciones a la gorra: &#8221;El Golpe&#8221;"},"content":{"rendered":"\n<figure class=\"wp-block-image size-large\"><img loading=\"lazy\" decoding=\"async\" width=\"1024\" height=\"578\" src=\"http:\/\/cultura.sma.gob.ar\/wp-content\/uploads\/2022\/08\/elgolpe-1024x578.jpg\" alt=\"\" class=\"wp-image-3854\" srcset=\"https:\/\/cultura.sma.gob.ar\/wp-content\/uploads\/2022\/08\/elgolpe-1024x578.jpg 1024w, https:\/\/cultura.sma.gob.ar\/wp-content\/uploads\/2022\/08\/elgolpe-300x169.jpg 300w, https:\/\/cultura.sma.gob.ar\/wp-content\/uploads\/2022\/08\/elgolpe-768x433.jpg 768w, https:\/\/cultura.sma.gob.ar\/wp-content\/uploads\/2022\/08\/elgolpe-160x90.jpg 160w, https:\/\/cultura.sma.gob.ar\/wp-content\/uploads\/2022\/08\/elgolpe.jpg 1450w\" sizes=\"auto, (max-width: 1024px) 100vw, 1024px\" \/><\/figure>\n\n\n\n<p><a>El jueves, 01 de Septiembre a las 20:30hs en la Sala G\u00fcnther Blaas del Centro Cultural Cotesma, continuamos con la 6ta. Temporada de Proyecciones a la gorra. Como los a\u00f1os anteriores, la programaci\u00f3n y la presentaci\u00f3n est\u00e1 a cargo de Guillermo Ianniello, este a\u00f1o a beneficio del Club de Leones San Mart\u00edn de los Andes \u2013 Chapelco.<br>Luego de finalizado el Ciclo N\u00b035 (Quinto de este a\u00f1o), llega la Primer Funci\u00f3n Especial 2022, con la proyecci\u00f3n de \u201cEL GOLPE\u201d dirigida por&nbsp;<strong>George Roy Hill<\/strong>&nbsp;y protagonizada por&nbsp;Paul Newman, Robert Redford, Robert Shaw y Charles Durning.<\/a><\/p>\n\n\n\n<p><br><strong><u>\u201cEl golpe\u201d.<\/u><\/strong>&nbsp; (1973 &#8211; Color)<\/p>\n\n\n\n<p>Hay pocas obras tan redondas como \u201cEl Golpe\u201d en la Historia del s\u00e9ptimo arte. A menudo, el gui\u00f3n suele ser masacrado por productores, directores y estrellas a su antojo.<\/p>\n\n\n\n<p>En este caso, la historia era inamovible por la sencilla raz\u00f3n de poseer la rara cualidad de lo perfecto.<\/p>\n\n\n\n<p>Todo el que observa por primera vez este film disfruta las dos horas que dura y se entusiasma con su enorme final. Los que adoramos esta pel\u00edcula querr\u00edamos no haberla visto nunca para sentir su magia como la primera vez.<\/p>\n\n\n\n<p>Pero aclaro que no es problema haberla visto antes, pues se puede volver a ver mil veces. Ni envejece ni defrauda.<br><br>Robert Redford y Paul Newman estaban en la cima de sus carreras y sus interpretaciones -nominaci\u00f3n para Newman- son sobresalientes.<\/p>\n\n\n\n<p>Adem\u00e1s, la actuaci\u00f3n como contrapeso de Robert Shaw es endiabladamente buena. Pocas veces un \u201cmalo\u201d te convence de serlo, y si encima consigue caerte simp\u00e1tico todo est\u00e1 dicho.<\/p>\n\n\n\n<p>Toda la galer\u00eda de personajes secundarios, unos treinta -lo cual es impresionante-, van pasando ante nuestros ojos en el momento adecuado y sin cansarnos, bien repartidos en el tiempo f\u00edlmico y con las frases justas y exactas. Todo el mundo tiene un papel atractivo de interpretar y cada uno es una pieza que encaja perfecta.<br><br>El vestuario y la decoraci\u00f3n son impecables otorgando a la obra una grandiosidad visual que pocas pel\u00edculas logran igualar.<\/p>\n\n\n\n<p>La m\u00fasica sincopada del piano, t\u00edpica de la segunda d\u00e9cada del siglo veinte y el recurso de las cortinillas utilizado de forma muy original por el director Roy Hill consiguen adentrar al espectador en una \u00e9poca tan dura como rom\u00e1ntica.<\/p>\n\n\n\n<p>Un film magistral. Una obra que no envejecer\u00e1 jam\u00e1s y que encumbr\u00f3 a dos de los mejores actores de la Historia del Cine.<\/p>\n\n\n\n<p>No se pierdan esta maravilla.&nbsp; Rara vez nos regalar\u00e1n algo tan cautivante de mirar y gozar\u2026<\/p>\n\n\n\n<p>Duraci\u00f3n: 2 h.09\u2019.-<\/p>\n","protected":false},"excerpt":{"rendered":"<p>El jueves, 01 de Septiembre a las 20:30hs en la Sala G\u00fcnther Blaas del Centro Cultural Cotesma, continuamos con la 6ta. Temporada de Proyecciones a la gorra. Como los a\u00f1os anteriores, la programaci\u00f3n y la presentaci\u00f3n est\u00e1 a cargo de Guillermo Ianniello, este a\u00f1o a beneficio del Club de Leones San Mart\u00edn de los Andes \u2013 Chapelco.Luego de finalizado el Ciclo N\u00b035 (Quinto de este &hellip; <a href=\"https:\/\/cultura.sma.gob.ar\/?p=3853\" class=\"more-link\">Continue reading <span class=\"screen-reader-text\">Proyecciones a la gorra: &#8221;El Golpe&#8221;<\/span><\/a><\/p>\n","protected":false},"author":1,"featured_media":297,"comment_status":"closed","ping_status":"","sticky":false,"template":"","format":"image","meta":{"footnotes":""},"categories":[2,9],"tags":[],"class_list":["post-3853","post","type-post","status-publish","format-image","has-post-thumbnail","hentry","category-ciudad-cultural","category-ultimas-noticias","post_format-post-format-image"],"_links":{"self":[{"href":"https:\/\/cultura.sma.gob.ar\/index.php?rest_route=\/wp\/v2\/posts\/3853","targetHints":{"allow":["GET"]}}],"collection":[{"href":"https:\/\/cultura.sma.gob.ar\/index.php?rest_route=\/wp\/v2\/posts"}],"about":[{"href":"https:\/\/cultura.sma.gob.ar\/index.php?rest_route=\/wp\/v2\/types\/post"}],"author":[{"embeddable":true,"href":"https:\/\/cultura.sma.gob.ar\/index.php?rest_route=\/wp\/v2\/users\/1"}],"replies":[{"embeddable":true,"href":"https:\/\/cultura.sma.gob.ar\/index.php?rest_route=%2Fwp%2Fv2%2Fcomments&post=3853"}],"version-history":[{"count":1,"href":"https:\/\/cultura.sma.gob.ar\/index.php?rest_route=\/wp\/v2\/posts\/3853\/revisions"}],"predecessor-version":[{"id":3855,"href":"https:\/\/cultura.sma.gob.ar\/index.php?rest_route=\/wp\/v2\/posts\/3853\/revisions\/3855"}],"wp:featuredmedia":[{"embeddable":true,"href":"https:\/\/cultura.sma.gob.ar\/index.php?rest_route=\/wp\/v2\/media\/297"}],"wp:attachment":[{"href":"https:\/\/cultura.sma.gob.ar\/index.php?rest_route=%2Fwp%2Fv2%2Fmedia&parent=3853"}],"wp:term":[{"taxonomy":"category","embeddable":true,"href":"https:\/\/cultura.sma.gob.ar\/index.php?rest_route=%2Fwp%2Fv2%2Fcategories&post=3853"},{"taxonomy":"post_tag","embeddable":true,"href":"https:\/\/cultura.sma.gob.ar\/index.php?rest_route=%2Fwp%2Fv2%2Ftags&post=3853"}],"curies":[{"name":"wp","href":"https:\/\/api.w.org\/{rel}","templated":true}]}}