{"id":3849,"date":"2022-08-28T16:09:57","date_gmt":"2022-08-28T19:09:57","guid":{"rendered":"http:\/\/cultura.sma.gob.ar\/?p=3849"},"modified":"2022-08-28T16:09:57","modified_gmt":"2022-08-28T19:09:57","slug":"premiere-de-patagonia-sincera","status":"publish","type":"post","link":"https:\/\/cultura.sma.gob.ar\/?p=3849","title":{"rendered":"Premiere de \u201cPATAGONIA SINCERA\u201d"},"content":{"rendered":"\n<figure class=\"wp-block-image size-large\"><img loading=\"lazy\" decoding=\"async\" width=\"729\" height=\"1024\" src=\"http:\/\/cultura.sma.gob.ar\/wp-content\/uploads\/2022\/08\/Patagonia-Sincera-729x1024.jpg\" alt=\"\" class=\"wp-image-3850\" srcset=\"https:\/\/cultura.sma.gob.ar\/wp-content\/uploads\/2022\/08\/Patagonia-Sincera-729x1024.jpg 729w, https:\/\/cultura.sma.gob.ar\/wp-content\/uploads\/2022\/08\/Patagonia-Sincera-214x300.jpg 214w, https:\/\/cultura.sma.gob.ar\/wp-content\/uploads\/2022\/08\/Patagonia-Sincera-768x1079.jpg 768w, https:\/\/cultura.sma.gob.ar\/wp-content\/uploads\/2022\/08\/Patagonia-Sincera-64x90.jpg 64w, https:\/\/cultura.sma.gob.ar\/wp-content\/uploads\/2022\/08\/Patagonia-Sincera.jpg 911w\" sizes=\"auto, (max-width: 729px) 100vw, 729px\" \/><\/figure>\n\n\n\n<p>En esta oportunidad les acercamos otra gran propuesta cinematogr\u00e1fica. Luego de la excelente Edici\u00f3n 2022 del BANFF (Festival de Cine Aventura), llega a nuestra sala la Premiere de \u201cPATAGONIA SINCERA\u201d, imperdible realizaci\u00f3n audiovisual regional.<\/p>\n\n\n\n<p><br>Sinopsis:<\/p>\n\n\n\n<p>&#8220;Esta pel\u00edcula de la mano de la naturaleza recorre, a trav\u00e9s de variadas experiencias; no solo lugares y sitios imponentes, sino que tambi\u00e9n refleja las emociones por las cuales el ser humano pasa cuando se enfrenta consigo mismo y con un todo tan poderoso al cual merece cuidar y respetar a medida que lo va describiendo. En ese enfrentamiento y b\u00fasqueda de satisfacci\u00f3n mezclada con superaci\u00f3n, los deportistas locales, tan audaces como fr\u00e1giles, no dejan de esperar cada invierno para una nueva aventura; contemplando y admirando en cada instante a nuestro personaje principal, la Patagonia&#8221;.<\/p>\n\n\n\n<ul class=\"wp-block-list\"><li>Producci\u00f3n: BQP FILMS<\/li><li>Realizaci\u00f3n: Grego y Mart\u00edn Campi<\/li><li>Deportistas locales: Seba Quiroga, I\u00f1aki Odriozola, Santiago Guzman, Diego Simari, Yago Najda, Juli\u00e1n Ardengui, Tom\u00e1s Orol, Gaspar Lamunier, Nicol\u00e1s Salencon, Facundo Carrasco, Manuel Dominguez, Mat\u00edas Radaelli, Mart\u00edn Bisi, Juan Carranza, Tomi Blanc, Facundo Aguirre, Lucas Swieykowski, Emilio Arcienaga, Agust\u00edn Piccolo, Esteban Erdocia, Rodrigo Villuendas, Lucas Dahir, Rodrigo Aguirre, Jenny Somweber.<\/li><li>M\u00fasicos: Pedro Zanca, Nicol\u00e1s Simari, Diego Marchionatti, CaraDaNam<\/li><\/ul>\n\n\n\n<p>Trailer:&nbsp;<a href=\"https:\/\/correo.smandes.gov.ar\/owa\/redir.aspx?C=3883011cb79a480692103a48cb78d9a9&amp;URL=https%3a%2f%2fwww.youtube.com%2fwatch%3fv%3dSKAvzhN_6uI\" target=\"_blank\" rel=\"noreferrer noopener\">https:\/\/www.youtube.com\/watch?v=SKAvzhN_6uI<\/a><\/p>\n\n\n\n<p>Adjuntamos la Info de difusi\u00f3n completa.<\/p>\n\n\n\n<p><strong>Muy pronto entradas en venta.<\/strong><\/p>\n","protected":false},"excerpt":{"rendered":"<p>En esta oportunidad les acercamos otra gran propuesta cinematogr\u00e1fica. Luego de la excelente Edici\u00f3n 2022 del BANFF (Festival de Cine Aventura), llega a nuestra sala la Premiere de \u201cPATAGONIA SINCERA\u201d, imperdible realizaci\u00f3n audiovisual regional. Sinopsis: &#8220;Esta pel\u00edcula de la mano de la naturaleza recorre, a trav\u00e9s de variadas experiencias; no solo lugares y sitios imponentes, sino que tambi\u00e9n refleja las emociones por las cuales el &hellip; <a href=\"https:\/\/cultura.sma.gob.ar\/?p=3849\" class=\"more-link\">Continue reading <span class=\"screen-reader-text\">Premiere de \u201cPATAGONIA SINCERA\u201d<\/span><\/a><\/p>\n","protected":false},"author":1,"featured_media":297,"comment_status":"closed","ping_status":"","sticky":false,"template":"","format":"image","meta":{"footnotes":""},"categories":[2,9],"tags":[],"class_list":["post-3849","post","type-post","status-publish","format-image","has-post-thumbnail","hentry","category-ciudad-cultural","category-ultimas-noticias","post_format-post-format-image"],"_links":{"self":[{"href":"https:\/\/cultura.sma.gob.ar\/index.php?rest_route=\/wp\/v2\/posts\/3849","targetHints":{"allow":["GET"]}}],"collection":[{"href":"https:\/\/cultura.sma.gob.ar\/index.php?rest_route=\/wp\/v2\/posts"}],"about":[{"href":"https:\/\/cultura.sma.gob.ar\/index.php?rest_route=\/wp\/v2\/types\/post"}],"author":[{"embeddable":true,"href":"https:\/\/cultura.sma.gob.ar\/index.php?rest_route=\/wp\/v2\/users\/1"}],"replies":[{"embeddable":true,"href":"https:\/\/cultura.sma.gob.ar\/index.php?rest_route=%2Fwp%2Fv2%2Fcomments&post=3849"}],"version-history":[{"count":1,"href":"https:\/\/cultura.sma.gob.ar\/index.php?rest_route=\/wp\/v2\/posts\/3849\/revisions"}],"predecessor-version":[{"id":3851,"href":"https:\/\/cultura.sma.gob.ar\/index.php?rest_route=\/wp\/v2\/posts\/3849\/revisions\/3851"}],"wp:featuredmedia":[{"embeddable":true,"href":"https:\/\/cultura.sma.gob.ar\/index.php?rest_route=\/wp\/v2\/media\/297"}],"wp:attachment":[{"href":"https:\/\/cultura.sma.gob.ar\/index.php?rest_route=%2Fwp%2Fv2%2Fmedia&parent=3849"}],"wp:term":[{"taxonomy":"category","embeddable":true,"href":"https:\/\/cultura.sma.gob.ar\/index.php?rest_route=%2Fwp%2Fv2%2Fcategories&post=3849"},{"taxonomy":"post_tag","embeddable":true,"href":"https:\/\/cultura.sma.gob.ar\/index.php?rest_route=%2Fwp%2Fv2%2Ftags&post=3849"}],"curies":[{"name":"wp","href":"https:\/\/api.w.org\/{rel}","templated":true}]}}