{"id":3845,"date":"2022-08-28T16:06:59","date_gmt":"2022-08-28T19:06:59","guid":{"rendered":"http:\/\/cultura.sma.gob.ar\/?p=3845"},"modified":"2022-08-28T16:06:59","modified_gmt":"2022-08-28T19:06:59","slug":"sacar-la-voz-taller-con-micaela-castro-y-kevin-burkiewicz","status":"publish","type":"post","link":"https:\/\/cultura.sma.gob.ar\/?p=3845","title":{"rendered":"&#8221;Sacar la voz&#8221;, taller con Micaela Castro y Kevin Burkiewicz"},"content":{"rendered":"\n<figure class=\"wp-block-image size-large\"><img loading=\"lazy\" decoding=\"async\" width=\"724\" height=\"1024\" src=\"http:\/\/cultura.sma.gob.ar\/wp-content\/uploads\/2022\/08\/Canto-Cotesma-2022-724x1024.jpg\" alt=\"\" class=\"wp-image-3846\" srcset=\"https:\/\/cultura.sma.gob.ar\/wp-content\/uploads\/2022\/08\/Canto-Cotesma-2022-724x1024.jpg 724w, https:\/\/cultura.sma.gob.ar\/wp-content\/uploads\/2022\/08\/Canto-Cotesma-2022-212x300.jpg 212w, https:\/\/cultura.sma.gob.ar\/wp-content\/uploads\/2022\/08\/Canto-Cotesma-2022-768x1086.jpg 768w, https:\/\/cultura.sma.gob.ar\/wp-content\/uploads\/2022\/08\/Canto-Cotesma-2022-1086x1536.jpg 1086w, https:\/\/cultura.sma.gob.ar\/wp-content\/uploads\/2022\/08\/Canto-Cotesma-2022-64x90.jpg 64w, https:\/\/cultura.sma.gob.ar\/wp-content\/uploads\/2022\/08\/Canto-Cotesma-2022.jpg 1414w\" sizes=\"auto, (max-width: 724px) 100vw, 724px\" \/><\/figure>\n\n\n\n<p>Micaela Castro y Kevin Burkiewicz presentan \u201cSACAR LA VOZ\u201d<\/p>\n\n\n\n<p><em>\u201cSacar la voz\u201d&nbsp;<\/em>es un taller especial, donde se compartir\u00e1n diversas herramientas para que puedas potenciar el artista que hay en vos.<\/p>\n\n\n\n<p>Se trabajar\u00e1 registrando al cuerpo como instrumento, el control y dominio de la respiraci\u00f3n, registro de la t\u00e9cnica vocal, expresi\u00f3n e interpretaci\u00f3n y ampliaci\u00f3n del repertorio.<\/p>\n\n\n\n<p>Adem\u00e1s, se buscar\u00e1 que los alumnos encuentren un lugar de contenci\u00f3n y de recreaci\u00f3n en cada encuentro.<\/p>\n\n\n\n<p><em>\u201cSabemos que el arte libera, el arte sana, el arte Forma y Transforma.\u201d<\/em><\/p>\n\n\n\n<p>Los encuentros&nbsp;se dictar\u00e1n los d\u00edas:<\/p>\n\n\n\n<p>Martes a la tarde de 16:45 a 17:45hs<\/p>\n\n\n\n<p>Mi\u00e9rcoles a la ma\u00f1ana de 9:30 a 10:30hs<\/p>\n\n\n\n<p>En el Sal\u00f3n de Usos M\u00faltiples del Centro Cultural Cotesma.<\/p>\n\n\n\n<p>Info de Inscripci\u00f3n: Whatsapp 1167252610<\/p>\n\n\n\n<p>&nbsp;&nbsp;&nbsp;&nbsp;&nbsp;&nbsp;&nbsp;&nbsp;&nbsp;&nbsp;&nbsp;&nbsp;&nbsp;&nbsp;&nbsp;&nbsp;&nbsp;&nbsp;&nbsp;&nbsp;&nbsp;&nbsp;&nbsp;&nbsp;<a href=\"https:\/\/correo.smandes.gov.ar\/owa\/redir.aspx?C=3883011cb79a480692103a48cb78d9a9&amp;URL=mailto%3aSacarlavoz.micaela%40gmail.com\">Sacarlavoz.micaela@gmail.com<\/a><\/p>\n","protected":false},"excerpt":{"rendered":"<p>Micaela Castro y Kevin Burkiewicz presentan \u201cSACAR LA VOZ\u201d \u201cSacar la voz\u201d&nbsp;es un taller especial, donde se compartir\u00e1n diversas herramientas para que puedas potenciar el artista que hay en vos. Se trabajar\u00e1 registrando al cuerpo como instrumento, el control y dominio de la respiraci\u00f3n, registro de la t\u00e9cnica vocal, expresi\u00f3n e interpretaci\u00f3n y ampliaci\u00f3n del repertorio. Adem\u00e1s, se buscar\u00e1 que los alumnos encuentren un lugar &hellip; <a href=\"https:\/\/cultura.sma.gob.ar\/?p=3845\" class=\"more-link\">Continue reading <span class=\"screen-reader-text\">&#8221;Sacar la voz&#8221;, taller con Micaela Castro y Kevin Burkiewicz<\/span><\/a><\/p>\n","protected":false},"author":1,"featured_media":297,"comment_status":"closed","ping_status":"","sticky":false,"template":"","format":"image","meta":{"footnotes":""},"categories":[2,9],"tags":[],"class_list":["post-3845","post","type-post","status-publish","format-image","has-post-thumbnail","hentry","category-ciudad-cultural","category-ultimas-noticias","post_format-post-format-image"],"_links":{"self":[{"href":"https:\/\/cultura.sma.gob.ar\/index.php?rest_route=\/wp\/v2\/posts\/3845","targetHints":{"allow":["GET"]}}],"collection":[{"href":"https:\/\/cultura.sma.gob.ar\/index.php?rest_route=\/wp\/v2\/posts"}],"about":[{"href":"https:\/\/cultura.sma.gob.ar\/index.php?rest_route=\/wp\/v2\/types\/post"}],"author":[{"embeddable":true,"href":"https:\/\/cultura.sma.gob.ar\/index.php?rest_route=\/wp\/v2\/users\/1"}],"replies":[{"embeddable":true,"href":"https:\/\/cultura.sma.gob.ar\/index.php?rest_route=%2Fwp%2Fv2%2Fcomments&post=3845"}],"version-history":[{"count":1,"href":"https:\/\/cultura.sma.gob.ar\/index.php?rest_route=\/wp\/v2\/posts\/3845\/revisions"}],"predecessor-version":[{"id":3847,"href":"https:\/\/cultura.sma.gob.ar\/index.php?rest_route=\/wp\/v2\/posts\/3845\/revisions\/3847"}],"wp:featuredmedia":[{"embeddable":true,"href":"https:\/\/cultura.sma.gob.ar\/index.php?rest_route=\/wp\/v2\/media\/297"}],"wp:attachment":[{"href":"https:\/\/cultura.sma.gob.ar\/index.php?rest_route=%2Fwp%2Fv2%2Fmedia&parent=3845"}],"wp:term":[{"taxonomy":"category","embeddable":true,"href":"https:\/\/cultura.sma.gob.ar\/index.php?rest_route=%2Fwp%2Fv2%2Fcategories&post=3845"},{"taxonomy":"post_tag","embeddable":true,"href":"https:\/\/cultura.sma.gob.ar\/index.php?rest_route=%2Fwp%2Fv2%2Ftags&post=3845"}],"curies":[{"name":"wp","href":"https:\/\/api.w.org\/{rel}","templated":true}]}}