{"id":3841,"date":"2022-08-28T16:04:00","date_gmt":"2022-08-28T19:04:00","guid":{"rendered":"http:\/\/cultura.sma.gob.ar\/?p=3841"},"modified":"2022-08-28T16:04:00","modified_gmt":"2022-08-28T19:04:00","slug":"jornada-de-teatro-italiano-il-fantasma-del-povero-piero","status":"publish","type":"post","link":"https:\/\/cultura.sma.gob.ar\/?p=3841","title":{"rendered":"Jornada de Teatro Italiano: \u201cIl fantasma del povero Piero&#8221;"},"content":{"rendered":"\n<figure class=\"wp-block-image size-large\"><img loading=\"lazy\" decoding=\"async\" width=\"608\" height=\"1024\" src=\"http:\/\/cultura.sma.gob.ar\/wp-content\/uploads\/2022\/08\/Flyer-Teatro-Italiano-Final-608x1024.jpg\" alt=\"\" class=\"wp-image-3842\" srcset=\"https:\/\/cultura.sma.gob.ar\/wp-content\/uploads\/2022\/08\/Flyer-Teatro-Italiano-Final-608x1024.jpg 608w, https:\/\/cultura.sma.gob.ar\/wp-content\/uploads\/2022\/08\/Flyer-Teatro-Italiano-Final-178x300.jpg 178w, https:\/\/cultura.sma.gob.ar\/wp-content\/uploads\/2022\/08\/Flyer-Teatro-Italiano-Final-53x90.jpg 53w, https:\/\/cultura.sma.gob.ar\/wp-content\/uploads\/2022\/08\/Flyer-Teatro-Italiano-Final.jpg 760w\" sizes=\"auto, (max-width: 608px) 100vw, 608px\" \/><\/figure>\n\n\n\n<p>El pr\u00f3ximo s\u00e1bado, 1\u00b0 de octubre a las 19hs, en la Sala Amankay, volveremos a disfrutar una jornada de Teatro Italiano. Organizado por la Asociaci\u00f3n Italiana de San Mart\u00edn de los Andes, llega \u201cIL FANTASMA DEL POVERO PIERO (El fantasma del pobre Piero)\u201d, de la Scuola D\u2019Italiano Dante Alighieri de Villa Regina.<\/p>\n\n\n\n<p><strong>IL FANTASMA DEL POVERO PIERO<\/strong>La storia si svolge nel soggiorno di una casa modesta della periferia della citt\u00e0 di Roma in due giorni successivi.<br>La moglie del Piero del Menga :Teresa e le figlie Pina e Beppina sono disperate perch\u00e9 Piero ha vinto una grossa somma al totocalcio ma non sanno dove l\u2019ha messa. Per scoprire dove il padre ha nascosto il denaro, si rivolgono ad&nbsp; una medium e organizzano una seduta spiritica. Ed infatti il Piero appare, ma purtroppo non \u00e8 il padre, ma un altro Piero. &nbsp;Lui dice chiamarsi Piero Saponeta. Terminata la seduta, tuttavia, il fantasma non ne vuol sapere di andarsene e la condizione per partire \u00e8 piuttosto complessa e impraticabile: deve morire qualcuno in quella casa cos\u00ed lui potr\u00e1 partire.<br>L\u2019indomani Teresa ha un\u2019idea brillante e chiama il prete, ma arriva la sagrestana donna Maria. Lei vuole recitare una preghiera in latino, ma Piero non capisce niente e non si pu\u00f3 fare nulla, il Piero non se ne va . Solo la presenza di Lucrezia Saponeta soluzioner\u00e1 il problema.<br>Il finale dell\u2019opera porter\u00e1 un conclusione inaspettata per la famiglia.&nbsp;&nbsp;&nbsp;&nbsp;&nbsp;&nbsp;&nbsp;&nbsp;&nbsp;&nbsp;&nbsp;&nbsp;&nbsp;&nbsp;&nbsp;&nbsp;&nbsp;&nbsp;<\/p>\n\n\n\n<p><strong>EL FANTASMA DEL POBRE PIERO.<\/strong>La historia se desarrolla en la morada de una casa modesta en la perifer\u00eda de la ciudad de Roma durante dos d\u00edas sucesivos.<br>La esposa de Piero del Menga, Teresa, y sus hijas Pina y Beppina, est\u00e1n desesperadas porque Piero ha ganado una suma importante en la quiniela, pero no recuerda d\u00f3nde la ha guardado. Para descubrir d\u00f3nde el padre ha escondido el dinero, se dirigen a una medium y organizan una sesi\u00f3n espiritual. En efecto Piero aparece, pero desgraciadamente no es su padre, es otro Piero.&nbsp; \u00c9l dice llamarse Piero Saponeta. Terminada la sesi\u00f3n, no obstante, el fantasma, no quiere saber nada de irse y la condici\u00f3n que pone para partir es, m\u00e1s bien, compleja e impracticable: debe morir alguier de aquella casa as\u00ed \u00c9l podr\u00e1 partir.<br>Al d\u00eda siguiente Teresa tiene una idea brillante y llama al cura, pero llega una sacristana llamada Do\u00f1a Mar\u00eda. Ella quiere recitar una plegaria en lat\u00edn, pero Piero no entiende nada y como esto no da resultado, Piero no se va. Solo la presencia de Lucrecia Saponeta solucionar\u00e1 el problema.<br>El final de la obra traer\u00e1 una conclusi\u00f3n inesperada para la familia.<\/p>\n\n\n\n<p>Entrada General $500.- En venta en la Boleteria del Centro Cultural Cotesma.<\/p>\n","protected":false},"excerpt":{"rendered":"<p>El pr\u00f3ximo s\u00e1bado, 1\u00b0 de octubre a las 19hs, en la Sala Amankay, volveremos a disfrutar una jornada de Teatro Italiano. Organizado por la Asociaci\u00f3n Italiana de San Mart\u00edn de los Andes, llega \u201cIL FANTASMA DEL POVERO PIERO (El fantasma del pobre Piero)\u201d, de la Scuola D\u2019Italiano Dante Alighieri de Villa Regina. IL FANTASMA DEL POVERO PIEROLa storia si svolge nel soggiorno di una casa &hellip; <a href=\"https:\/\/cultura.sma.gob.ar\/?p=3841\" class=\"more-link\">Continue reading <span class=\"screen-reader-text\">Jornada de Teatro Italiano: \u201cIl fantasma del povero Piero&#8221;<\/span><\/a><\/p>\n","protected":false},"author":1,"featured_media":297,"comment_status":"closed","ping_status":"","sticky":false,"template":"","format":"image","meta":{"footnotes":""},"categories":[2,9],"tags":[],"class_list":["post-3841","post","type-post","status-publish","format-image","has-post-thumbnail","hentry","category-ciudad-cultural","category-ultimas-noticias","post_format-post-format-image"],"_links":{"self":[{"href":"https:\/\/cultura.sma.gob.ar\/index.php?rest_route=\/wp\/v2\/posts\/3841","targetHints":{"allow":["GET"]}}],"collection":[{"href":"https:\/\/cultura.sma.gob.ar\/index.php?rest_route=\/wp\/v2\/posts"}],"about":[{"href":"https:\/\/cultura.sma.gob.ar\/index.php?rest_route=\/wp\/v2\/types\/post"}],"author":[{"embeddable":true,"href":"https:\/\/cultura.sma.gob.ar\/index.php?rest_route=\/wp\/v2\/users\/1"}],"replies":[{"embeddable":true,"href":"https:\/\/cultura.sma.gob.ar\/index.php?rest_route=%2Fwp%2Fv2%2Fcomments&post=3841"}],"version-history":[{"count":1,"href":"https:\/\/cultura.sma.gob.ar\/index.php?rest_route=\/wp\/v2\/posts\/3841\/revisions"}],"predecessor-version":[{"id":3843,"href":"https:\/\/cultura.sma.gob.ar\/index.php?rest_route=\/wp\/v2\/posts\/3841\/revisions\/3843"}],"wp:featuredmedia":[{"embeddable":true,"href":"https:\/\/cultura.sma.gob.ar\/index.php?rest_route=\/wp\/v2\/media\/297"}],"wp:attachment":[{"href":"https:\/\/cultura.sma.gob.ar\/index.php?rest_route=%2Fwp%2Fv2%2Fmedia&parent=3841"}],"wp:term":[{"taxonomy":"category","embeddable":true,"href":"https:\/\/cultura.sma.gob.ar\/index.php?rest_route=%2Fwp%2Fv2%2Fcategories&post=3841"},{"taxonomy":"post_tag","embeddable":true,"href":"https:\/\/cultura.sma.gob.ar\/index.php?rest_route=%2Fwp%2Fv2%2Ftags&post=3841"}],"curies":[{"name":"wp","href":"https:\/\/api.w.org\/{rel}","templated":true}]}}