{"id":382,"date":"2020-10-06T15:49:35","date_gmt":"2020-10-06T18:49:35","guid":{"rendered":"http:\/\/cultura.sma.gob.ar\/?p=382"},"modified":"2020-10-06T15:49:35","modified_gmt":"2020-10-06T18:49:35","slug":"14-feria-regional-del-libro-2020-convocatoria-abierta","status":"publish","type":"post","link":"https:\/\/cultura.sma.gob.ar\/?p=382","title":{"rendered":"14\u00b0 Feria Regional del libro 2020: Convocatoria abierta"},"content":{"rendered":"\n<figure class=\"wp-block-image\"><img decoding=\"async\" src=\"https:\/\/www.comunidadbaratz.com\/wp-content\/uploads\/En-el-mundo-existen-150.000.000-de-libros%E2%80%A6-y-estos-son-los-100-mejores.jpg\" alt=\"Los 100 mejores libros del mundo y de todos los tiempos\"\/><\/figure>\n\n\n\n<p>Entre\u00a0<strong>el 9 y el 15 de noviembre<\/strong>\u00a0se realizar\u00e1 la 14\u00aa Feria Regional del Libro, que contar\u00e1 con una serie de actividades presenciales a cargo de residentes de la localidad y enmarcadas dentro de los protocolos sanitarios vigentes.<\/p>\n\n\n\n<p>Tambi\u00e9n incluir\u00e1 presentaciones virtuales a cargo de escritores regionales y nacionales.<\/p>\n\n\n\n<p>La propuesta presencial incluir\u00e1:<\/p>\n\n\n\n<p>\u25cf&nbsp;&nbsp;&nbsp;&nbsp;&nbsp;El sector de venta y exposici\u00f3n de libros, que funcionar\u00e1 en la Sala Municipal de Exposiciones Lidaura Chapitel con el protocolo sanitario correspondiente a ferias, que autoriza la Resoluci\u00f3n 44 MJG.<\/p>\n\n\n\n<p>\u25cf&nbsp;&nbsp;&nbsp;&nbsp;&nbsp;Las presentaciones de libros, conferencias literarias y mesas redondas, que se llevar\u00e1n a cabo en locales gastron\u00f3micos seg\u00fan lo establecido por la Resoluci\u00f3n 58 MJG.<\/p>\n\n\n\n<p>\u25cf&nbsp;&nbsp;&nbsp;&nbsp;&nbsp;Los talleres, que se realizar\u00e1n en espacios habilitados y para un m\u00e1ximo de 10 personas de acuerdo a lo que establece el Decreto 609.<\/p>\n\n\n\n<p><strong><u>Convocatorias<\/u><\/strong><\/p>\n\n\n\n<p>Informamos a la comunidad que ya se encuentra abierta la convocatoria para presentar propuestas de:<\/p>\n\n\n\n<p>\u25cf&nbsp;&nbsp;&nbsp;&nbsp;&nbsp;Presentaciones de libros<\/p>\n\n\n\n<p>\u25cf&nbsp;&nbsp;&nbsp;&nbsp;&nbsp;Actividades literarias (conferencias, mesas redondas, talleres, etc.)<\/p>\n\n\n\n<p>\u25cf&nbsp;&nbsp;&nbsp;&nbsp;&nbsp;Stands para la exposici\u00f3n y\/o venta de libros<\/p>\n\n\n\n<p>Las mismas deber\u00e1n ser enviadas por mail a&nbsp;<a href=\"mailto:eventos.cultura@smandes.gov.ar\" target=\"_blank\" rel=\"noreferrer noopener\">eventos.cultura@smandes.gov.ar<\/a>&nbsp;previa descarga y llenado del formulario correspondiente.<\/p>\n\n\n\n<p>Las planillas de inscripci\u00f3n se encuentran disponibles en el siguiente link:&nbsp;<a href=\"https:\/\/cutt.ly\/cgqO8iM\" target=\"_blank\" rel=\"noreferrer noopener\">https:\/\/cutt.ly\/cgqO8iM<\/a><\/p>\n\n\n\n<p>IMPORTANTE:&nbsp;el plazo para la postulaci\u00f3n de presentaciones vence el&nbsp;<strong>viernes 16 de octubre<\/strong>.<\/p>\n\n\n\n<p>Desde ya, invitamos a toda la comunidad a participar y disfrutar de este evento tan importante. Este a\u00f1o ser\u00e1 de una forma diferente, cuid\u00e1ndonos y aplicando las medidas necesarias para poder transitarlo juntos con responsabilidad.<\/p>\n","protected":false},"excerpt":{"rendered":"<p>C\u00f3mo ser\u00e1 la Feria del Libro 2020 y apertura de convocatoria para presentaci\u00f3n de propuestas. <a href=\"https:\/\/cultura.sma.gob.ar\/?p=382\" class=\"more-link\">Continue reading <span class=\"screen-reader-text\">14\u00b0 Feria Regional del libro 2020: Convocatoria abierta<\/span><\/a><\/p>\n","protected":false},"author":1,"featured_media":296,"comment_status":"closed","ping_status":"","sticky":false,"template":"","format":"image","meta":{"footnotes":""},"categories":[3,9],"tags":[],"class_list":["post-382","post","type-post","status-publish","format-image","has-post-thumbnail","hentry","category-eventos-cultura","category-ultimas-noticias","post_format-post-format-image"],"_links":{"self":[{"href":"https:\/\/cultura.sma.gob.ar\/index.php?rest_route=\/wp\/v2\/posts\/382","targetHints":{"allow":["GET"]}}],"collection":[{"href":"https:\/\/cultura.sma.gob.ar\/index.php?rest_route=\/wp\/v2\/posts"}],"about":[{"href":"https:\/\/cultura.sma.gob.ar\/index.php?rest_route=\/wp\/v2\/types\/post"}],"author":[{"embeddable":true,"href":"https:\/\/cultura.sma.gob.ar\/index.php?rest_route=\/wp\/v2\/users\/1"}],"replies":[{"embeddable":true,"href":"https:\/\/cultura.sma.gob.ar\/index.php?rest_route=%2Fwp%2Fv2%2Fcomments&post=382"}],"version-history":[{"count":1,"href":"https:\/\/cultura.sma.gob.ar\/index.php?rest_route=\/wp\/v2\/posts\/382\/revisions"}],"predecessor-version":[{"id":383,"href":"https:\/\/cultura.sma.gob.ar\/index.php?rest_route=\/wp\/v2\/posts\/382\/revisions\/383"}],"wp:featuredmedia":[{"embeddable":true,"href":"https:\/\/cultura.sma.gob.ar\/index.php?rest_route=\/wp\/v2\/media\/296"}],"wp:attachment":[{"href":"https:\/\/cultura.sma.gob.ar\/index.php?rest_route=%2Fwp%2Fv2%2Fmedia&parent=382"}],"wp:term":[{"taxonomy":"category","embeddable":true,"href":"https:\/\/cultura.sma.gob.ar\/index.php?rest_route=%2Fwp%2Fv2%2Fcategories&post=382"},{"taxonomy":"post_tag","embeddable":true,"href":"https:\/\/cultura.sma.gob.ar\/index.php?rest_route=%2Fwp%2Fv2%2Ftags&post=382"}],"curies":[{"name":"wp","href":"https:\/\/api.w.org\/{rel}","templated":true}]}}