{"id":3797,"date":"2022-08-22T21:39:09","date_gmt":"2022-08-23T00:39:09","guid":{"rendered":"http:\/\/cultura.sma.gob.ar\/?p=3797"},"modified":"2022-08-22T21:39:09","modified_gmt":"2022-08-23T00:39:09","slug":"paso-otro-gran-concurso-de-hacheros","status":"publish","type":"post","link":"https:\/\/cultura.sma.gob.ar\/?p=3797","title":{"rendered":"PAS\u00d3 OTRO GRAN CONCURSO DE HACHEROS"},"content":{"rendered":"\n<figure class=\"wp-block-image size-large\"><img loading=\"lazy\" decoding=\"async\" width=\"1024\" height=\"684\" src=\"http:\/\/cultura.sma.gob.ar\/wp-content\/uploads\/2022\/08\/PODIOWEB-13-1024x684.jpg\" alt=\"\" class=\"wp-image-3798\" srcset=\"https:\/\/cultura.sma.gob.ar\/wp-content\/uploads\/2022\/08\/PODIOWEB-13-1024x684.jpg 1024w, https:\/\/cultura.sma.gob.ar\/wp-content\/uploads\/2022\/08\/PODIOWEB-13-300x200.jpg 300w, https:\/\/cultura.sma.gob.ar\/wp-content\/uploads\/2022\/08\/PODIOWEB-13-768x513.jpg 768w, https:\/\/cultura.sma.gob.ar\/wp-content\/uploads\/2022\/08\/PODIOWEB-13-1536x1025.jpg 1536w, https:\/\/cultura.sma.gob.ar\/wp-content\/uploads\/2022\/08\/PODIOWEB-13-2048x1367.jpg 2048w, https:\/\/cultura.sma.gob.ar\/wp-content\/uploads\/2022\/08\/PODIOWEB-13-135x90.jpg 135w\" sizes=\"auto, (max-width: 1024px) 100vw, 1024px\" \/><\/figure>\n\n\n\n<p>Durante la tarde del domingo se realiz\u00f3 el Concurso de Hacheros, Hacheras, Hacheritos, Motosierristas y Sierras Corvina correspondiente a la 41\u00aa Fiesta Nacional del Monta\u00f1\u00e9s.<\/p>\n\n\n\n<p>Este evento, organizado por la Secretar\u00eda Municipal de Cultura, volvi\u00f3 a realizarse en el centro de la ciudad, convocando la presencia de mil quinientos residentes y turistas, que disfrutaron de 4 horas de pura emoci\u00f3n. Todos los rollizos utilizados fueron donados por Corfone S.A y Estancia Quechuquina, con una gran gesti\u00f3n y trabajo de Alejandro Concha (padre) y todo su equipo de trabajo.<\/p>\n\n\n\n<p>En la categor\u00eda hacheros se puso en juego, por segunda vez, la Copa \u201cMadereros del Lago L\u00e1car\u201d, que quedar\u00e1 en forma definitiva para aquel hachero que la gane en 5 oportunidades alternadas o en 3 consecutivas. El 1\u00ba puesto en esta categor\u00eda fue para el sanmartinense Alejandro Cruz Concha Monsalve, de 24 a\u00f1os, representando a Estancia y Aserradero Quechuquina, con un tiempo en la ronda final de 14\u201924\u2019\u2019, partiendo un rollizo de 70 cm de di\u00e1metro. El podio se complet\u00f3 con el barilochense Daniel Monsalve (18\u201923\u2019\u2019) y el sanmartinense Lucas San Mart\u00edn (18\u201928\u2019\u2019).<\/p>\n\n\n\n<p>En la categor\u00eda \u201chacheras\u201d, con rollizos de 25 cm de di\u00e1metro, la sanmartinense Rosa Valeska Monsalve obtuvo el primer lugar con un tiempo de 4\u201930\u2019\u2019. El segundo puesto fue para Mar\u00eda In\u00e9s Bascu\u00f1\u00e1n 5\u201926\u2019\u2019, tambi\u00e9n de San Mart\u00edn de los Andes, y el tercero para Nancy Monsalve (5\u201929\u2019\u2019) de Bariloche.<\/p>\n\n\n\n<p>En la categor\u00eda \u201chacheritos\u201d el triunfo fue para Tatiana Figueroa de 14 a\u00f1os, que parti\u00f3 un rollizo de 25 cm de di\u00e1metro en 6\u201904\u2019\u2019. El podio se complet\u00f3 con los sanmartinenses Josu\u00e9 Marko Curruhuinca, de Trompul (6\u201933\u2019\u2019) y Benjam\u00edn Godoy de Pil Pil (7\u201907\u2019\u2019).<\/p>\n\n\n\n<p>En Motosierristas, el primer puesto fue, una vez m\u00e1s, para Oscar Matamala, con un tiempo 2\u2019 27\u2019\u2019. El segundo lugar fue para H\u00e9ctor Curruhuinca (3\u201913\u2019\u2019), tambi\u00e9n de San Mart\u00edn de los Andes, y el 3\u00ba fue para Luis Obando (3\u201928\u2019\u2019) de Villa La Angostura.<\/p>\n\n\n\n<p>En la categor\u00eda Sierra Corvina el 1\u00ba puesto fue para Emilio Hern\u00e1ndez y V\u00edctor Garnica, con un tiempo de 1\u2019 24\u2019\u2019. El segundo lugar para Juan y Francisco Concha, con 1\u2019 58\u2019\u2019, y el tercero para Richard y Juan Bautista M\u00e9ndez (2\u201927\u2019\u2019), todos de San Mart\u00edn de los Andes.<\/p>\n\n\n\n<p>Antes de la ronda final de \u201chacheros\u201d y de la premiaci\u00f3n, apareci\u00f3 en escena la fanfarria \u201cEl Hinojal\u201d, que recibi\u00f3 el aplauso y reconocimiento del p\u00fablico presente.<\/p>\n\n\n\n<p>Tambi\u00e9n estuvo presente el Grupo de Artiller\u00eda de Monta\u00f1a 6, de Jun\u00edn de los Andes, que se encargo de preparar el tradicional \u201cchocolate caliente\u201d que, junto a las tortas fritas elaboradas por el personal municipal, se distribuyeron entre el p\u00fablico presente.<\/p>\n\n\n\n<p>En el momento de la premiaci\u00f3n estuvieron el Intendente Carlos Saloniti, la Secretaria de Gobierno Natalia Vita, la Concejal Eliana Rivera; la Secretaria del Consejo de Planificaci\u00f3n Estrat\u00e9gica Gisela Delgado; el Secretario de Cultura Gustavo Santos y el Subsecretario de Cultura Andr\u00e9s Aburto.<\/p>\n\n\n\n<p>Tambi\u00e9n estuvo presente Eberardo Hoepke, el precursor de este Concurso, junto a Omar de Zavaleta y Alejandro H\u00e9rnandez, represntando a OyZ Forestal y el Sindicato\u00a0de Obreros y Empleados de la Industria\u00a0Maderera del Neuqu\u00e9n, que aportaron los premios mayores de esta competencia.<\/p>\n\n\n\n<p>La Secretar\u00eda de Cultura quiere hacer extensivo el agradecimiento a todos los participantes y sus familias, Y a las organizaciones, empresas y comerciantes que volvieron a apoyar este evento tan significativo para nuestro pueblo.<\/p>\n\n\n\n<p>El Concurso de Hacheros se realiz\u00f3 en el marco de la 41\u00aa Fiesta Nacional del Monta\u00f1\u00e9s, que cuenta con el apoyo del Ministerio de Cultura de la Naci\u00f3n, a trav\u00e9s del Programa Festivales Argentinos.<\/p>\n\n\n\n<p>Asimismo, esta celebraci\u00f3n ha sido posible gracias a la colaboraci\u00f3n del gobierno de la Provincia del Neuqu\u00e9n, en el marco del convenio de financiamiento para la promoci\u00f3n de la producci\u00f3n, el turismo sustentable y el desarrollo de industrias culturales, suscripto entre el Consejo Federal de Inversiones, COPADE y el Ministerio de Turismo.<\/p>\n\n\n\n<figure class=\"wp-block-gallery columns-3 is-cropped wp-block-gallery-1 is-layout-flex wp-block-gallery-is-layout-flex\"><ul class=\"blocks-gallery-grid\"><li class=\"blocks-gallery-item\"><figure><img loading=\"lazy\" decoding=\"async\" width=\"1024\" height=\"684\" src=\"http:\/\/cultura.sma.gob.ar\/wp-content\/uploads\/2022\/08\/PODIOWEB-15-1024x684.jpg\" alt=\"\" data-id=\"3799\" data-full-url=\"http:\/\/cultura.sma.gob.ar\/wp-content\/uploads\/2022\/08\/PODIOWEB-15-scaled.jpg\" data-link=\"http:\/\/cultura.sma.gob.ar\/?attachment_id=3799\" class=\"wp-image-3799\" srcset=\"https:\/\/cultura.sma.gob.ar\/wp-content\/uploads\/2022\/08\/PODIOWEB-15-1024x684.jpg 1024w, https:\/\/cultura.sma.gob.ar\/wp-content\/uploads\/2022\/08\/PODIOWEB-15-300x200.jpg 300w, https:\/\/cultura.sma.gob.ar\/wp-content\/uploads\/2022\/08\/PODIOWEB-15-768x513.jpg 768w, https:\/\/cultura.sma.gob.ar\/wp-content\/uploads\/2022\/08\/PODIOWEB-15-1536x1025.jpg 1536w, https:\/\/cultura.sma.gob.ar\/wp-content\/uploads\/2022\/08\/PODIOWEB-15-2048x1367.jpg 2048w, https:\/\/cultura.sma.gob.ar\/wp-content\/uploads\/2022\/08\/PODIOWEB-15-135x90.jpg 135w\" sizes=\"auto, (max-width: 1024px) 100vw, 1024px\" \/><\/figure><\/li><li class=\"blocks-gallery-item\"><figure><img loading=\"lazy\" decoding=\"async\" width=\"1024\" height=\"684\" src=\"http:\/\/cultura.sma.gob.ar\/wp-content\/uploads\/2022\/08\/PODIOWEB-13-1-1024x684.jpg\" alt=\"\" data-id=\"3800\" data-full-url=\"http:\/\/cultura.sma.gob.ar\/wp-content\/uploads\/2022\/08\/PODIOWEB-13-1-scaled.jpg\" data-link=\"http:\/\/cultura.sma.gob.ar\/?attachment_id=3800\" class=\"wp-image-3800\" srcset=\"https:\/\/cultura.sma.gob.ar\/wp-content\/uploads\/2022\/08\/PODIOWEB-13-1-1024x684.jpg 1024w, https:\/\/cultura.sma.gob.ar\/wp-content\/uploads\/2022\/08\/PODIOWEB-13-1-300x200.jpg 300w, https:\/\/cultura.sma.gob.ar\/wp-content\/uploads\/2022\/08\/PODIOWEB-13-1-768x513.jpg 768w, https:\/\/cultura.sma.gob.ar\/wp-content\/uploads\/2022\/08\/PODIOWEB-13-1-1536x1025.jpg 1536w, https:\/\/cultura.sma.gob.ar\/wp-content\/uploads\/2022\/08\/PODIOWEB-13-1-2048x1367.jpg 2048w, https:\/\/cultura.sma.gob.ar\/wp-content\/uploads\/2022\/08\/PODIOWEB-13-1-135x90.jpg 135w\" sizes=\"auto, (max-width: 1024px) 100vw, 1024px\" \/><\/figure><\/li><li class=\"blocks-gallery-item\"><figure><img loading=\"lazy\" decoding=\"async\" width=\"1024\" height=\"684\" src=\"http:\/\/cultura.sma.gob.ar\/wp-content\/uploads\/2022\/08\/PODIOWEB-12-1024x684.jpg\" alt=\"\" data-id=\"3801\" data-full-url=\"http:\/\/cultura.sma.gob.ar\/wp-content\/uploads\/2022\/08\/PODIOWEB-12-scaled.jpg\" data-link=\"http:\/\/cultura.sma.gob.ar\/?attachment_id=3801\" class=\"wp-image-3801\" srcset=\"https:\/\/cultura.sma.gob.ar\/wp-content\/uploads\/2022\/08\/PODIOWEB-12-1024x684.jpg 1024w, https:\/\/cultura.sma.gob.ar\/wp-content\/uploads\/2022\/08\/PODIOWEB-12-300x200.jpg 300w, https:\/\/cultura.sma.gob.ar\/wp-content\/uploads\/2022\/08\/PODIOWEB-12-768x513.jpg 768w, https:\/\/cultura.sma.gob.ar\/wp-content\/uploads\/2022\/08\/PODIOWEB-12-1536x1025.jpg 1536w, https:\/\/cultura.sma.gob.ar\/wp-content\/uploads\/2022\/08\/PODIOWEB-12-2048x1367.jpg 2048w, https:\/\/cultura.sma.gob.ar\/wp-content\/uploads\/2022\/08\/PODIOWEB-12-135x90.jpg 135w\" sizes=\"auto, (max-width: 1024px) 100vw, 1024px\" \/><\/figure><\/li><li class=\"blocks-gallery-item\"><figure><img loading=\"lazy\" decoding=\"async\" width=\"1024\" height=\"684\" src=\"http:\/\/cultura.sma.gob.ar\/wp-content\/uploads\/2022\/08\/PODIOWEB-9-1024x684.jpg\" alt=\"\" data-id=\"3802\" data-full-url=\"http:\/\/cultura.sma.gob.ar\/wp-content\/uploads\/2022\/08\/PODIOWEB-9-scaled.jpg\" data-link=\"http:\/\/cultura.sma.gob.ar\/?attachment_id=3802\" class=\"wp-image-3802\" srcset=\"https:\/\/cultura.sma.gob.ar\/wp-content\/uploads\/2022\/08\/PODIOWEB-9-1024x684.jpg 1024w, https:\/\/cultura.sma.gob.ar\/wp-content\/uploads\/2022\/08\/PODIOWEB-9-300x200.jpg 300w, https:\/\/cultura.sma.gob.ar\/wp-content\/uploads\/2022\/08\/PODIOWEB-9-768x513.jpg 768w, https:\/\/cultura.sma.gob.ar\/wp-content\/uploads\/2022\/08\/PODIOWEB-9-1536x1025.jpg 1536w, https:\/\/cultura.sma.gob.ar\/wp-content\/uploads\/2022\/08\/PODIOWEB-9-2048x1367.jpg 2048w, https:\/\/cultura.sma.gob.ar\/wp-content\/uploads\/2022\/08\/PODIOWEB-9-135x90.jpg 135w\" sizes=\"auto, (max-width: 1024px) 100vw, 1024px\" \/><\/figure><\/li><li class=\"blocks-gallery-item\"><figure><img loading=\"lazy\" decoding=\"async\" width=\"1024\" height=\"684\" src=\"http:\/\/cultura.sma.gob.ar\/wp-content\/uploads\/2022\/08\/PODIOWEB-8-1024x684.jpg\" alt=\"\" data-id=\"3803\" data-full-url=\"http:\/\/cultura.sma.gob.ar\/wp-content\/uploads\/2022\/08\/PODIOWEB-8-scaled.jpg\" data-link=\"http:\/\/cultura.sma.gob.ar\/?attachment_id=3803\" class=\"wp-image-3803\" srcset=\"https:\/\/cultura.sma.gob.ar\/wp-content\/uploads\/2022\/08\/PODIOWEB-8-1024x684.jpg 1024w, https:\/\/cultura.sma.gob.ar\/wp-content\/uploads\/2022\/08\/PODIOWEB-8-300x200.jpg 300w, https:\/\/cultura.sma.gob.ar\/wp-content\/uploads\/2022\/08\/PODIOWEB-8-768x513.jpg 768w, https:\/\/cultura.sma.gob.ar\/wp-content\/uploads\/2022\/08\/PODIOWEB-8-1536x1025.jpg 1536w, https:\/\/cultura.sma.gob.ar\/wp-content\/uploads\/2022\/08\/PODIOWEB-8-2048x1367.jpg 2048w, https:\/\/cultura.sma.gob.ar\/wp-content\/uploads\/2022\/08\/PODIOWEB-8-135x90.jpg 135w\" sizes=\"auto, (max-width: 1024px) 100vw, 1024px\" \/><\/figure><\/li><li class=\"blocks-gallery-item\"><figure><img loading=\"lazy\" decoding=\"async\" width=\"1024\" height=\"684\" src=\"http:\/\/cultura.sma.gob.ar\/wp-content\/uploads\/2022\/08\/PODIOWEB-3-1024x684.jpg\" alt=\"\" data-id=\"3804\" data-full-url=\"http:\/\/cultura.sma.gob.ar\/wp-content\/uploads\/2022\/08\/PODIOWEB-3-scaled.jpg\" data-link=\"http:\/\/cultura.sma.gob.ar\/?attachment_id=3804\" class=\"wp-image-3804\" srcset=\"https:\/\/cultura.sma.gob.ar\/wp-content\/uploads\/2022\/08\/PODIOWEB-3-1024x684.jpg 1024w, https:\/\/cultura.sma.gob.ar\/wp-content\/uploads\/2022\/08\/PODIOWEB-3-300x200.jpg 300w, https:\/\/cultura.sma.gob.ar\/wp-content\/uploads\/2022\/08\/PODIOWEB-3-768x513.jpg 768w, https:\/\/cultura.sma.gob.ar\/wp-content\/uploads\/2022\/08\/PODIOWEB-3-1536x1025.jpg 1536w, https:\/\/cultura.sma.gob.ar\/wp-content\/uploads\/2022\/08\/PODIOWEB-3-2048x1367.jpg 2048w, https:\/\/cultura.sma.gob.ar\/wp-content\/uploads\/2022\/08\/PODIOWEB-3-135x90.jpg 135w\" sizes=\"auto, (max-width: 1024px) 100vw, 1024px\" \/><\/figure><\/li><li class=\"blocks-gallery-item\"><figure><img loading=\"lazy\" decoding=\"async\" width=\"1024\" height=\"684\" src=\"http:\/\/cultura.sma.gob.ar\/wp-content\/uploads\/2022\/08\/PODIOWEB-1-1024x684.jpg\" alt=\"\" data-id=\"3805\" data-full-url=\"http:\/\/cultura.sma.gob.ar\/wp-content\/uploads\/2022\/08\/PODIOWEB-1-scaled.jpg\" data-link=\"http:\/\/cultura.sma.gob.ar\/?attachment_id=3805\" class=\"wp-image-3805\" srcset=\"https:\/\/cultura.sma.gob.ar\/wp-content\/uploads\/2022\/08\/PODIOWEB-1-1024x684.jpg 1024w, https:\/\/cultura.sma.gob.ar\/wp-content\/uploads\/2022\/08\/PODIOWEB-1-300x200.jpg 300w, https:\/\/cultura.sma.gob.ar\/wp-content\/uploads\/2022\/08\/PODIOWEB-1-768x513.jpg 768w, https:\/\/cultura.sma.gob.ar\/wp-content\/uploads\/2022\/08\/PODIOWEB-1-1536x1025.jpg 1536w, https:\/\/cultura.sma.gob.ar\/wp-content\/uploads\/2022\/08\/PODIOWEB-1-2048x1367.jpg 2048w, https:\/\/cultura.sma.gob.ar\/wp-content\/uploads\/2022\/08\/PODIOWEB-1-135x90.jpg 135w\" sizes=\"auto, (max-width: 1024px) 100vw, 1024px\" \/><\/figure><\/li><li class=\"blocks-gallery-item\"><figure><img loading=\"lazy\" decoding=\"async\" width=\"1024\" height=\"684\" src=\"http:\/\/cultura.sma.gob.ar\/wp-content\/uploads\/2022\/08\/MONTANESWEB-52-1024x684.jpg\" alt=\"\" data-id=\"3806\" data-full-url=\"http:\/\/cultura.sma.gob.ar\/wp-content\/uploads\/2022\/08\/MONTANESWEB-52-scaled.jpg\" data-link=\"http:\/\/cultura.sma.gob.ar\/?attachment_id=3806\" class=\"wp-image-3806\" srcset=\"https:\/\/cultura.sma.gob.ar\/wp-content\/uploads\/2022\/08\/MONTANESWEB-52-1024x684.jpg 1024w, https:\/\/cultura.sma.gob.ar\/wp-content\/uploads\/2022\/08\/MONTANESWEB-52-300x200.jpg 300w, https:\/\/cultura.sma.gob.ar\/wp-content\/uploads\/2022\/08\/MONTANESWEB-52-768x513.jpg 768w, https:\/\/cultura.sma.gob.ar\/wp-content\/uploads\/2022\/08\/MONTANESWEB-52-1536x1025.jpg 1536w, https:\/\/cultura.sma.gob.ar\/wp-content\/uploads\/2022\/08\/MONTANESWEB-52-2048x1367.jpg 2048w, https:\/\/cultura.sma.gob.ar\/wp-content\/uploads\/2022\/08\/MONTANESWEB-52-135x90.jpg 135w\" sizes=\"auto, (max-width: 1024px) 100vw, 1024px\" \/><\/figure><\/li><li class=\"blocks-gallery-item\"><figure><img loading=\"lazy\" decoding=\"async\" width=\"1024\" height=\"684\" src=\"http:\/\/cultura.sma.gob.ar\/wp-content\/uploads\/2022\/08\/MONTANESWEB-48-1024x684.jpg\" alt=\"\" data-id=\"3807\" data-full-url=\"http:\/\/cultura.sma.gob.ar\/wp-content\/uploads\/2022\/08\/MONTANESWEB-48-scaled.jpg\" data-link=\"http:\/\/cultura.sma.gob.ar\/?attachment_id=3807\" class=\"wp-image-3807\" srcset=\"https:\/\/cultura.sma.gob.ar\/wp-content\/uploads\/2022\/08\/MONTANESWEB-48-1024x684.jpg 1024w, https:\/\/cultura.sma.gob.ar\/wp-content\/uploads\/2022\/08\/MONTANESWEB-48-300x200.jpg 300w, https:\/\/cultura.sma.gob.ar\/wp-content\/uploads\/2022\/08\/MONTANESWEB-48-768x513.jpg 768w, https:\/\/cultura.sma.gob.ar\/wp-content\/uploads\/2022\/08\/MONTANESWEB-48-1536x1025.jpg 1536w, https:\/\/cultura.sma.gob.ar\/wp-content\/uploads\/2022\/08\/MONTANESWEB-48-2048x1367.jpg 2048w, https:\/\/cultura.sma.gob.ar\/wp-content\/uploads\/2022\/08\/MONTANESWEB-48-135x90.jpg 135w\" sizes=\"auto, (max-width: 1024px) 100vw, 1024px\" \/><\/figure><\/li><li class=\"blocks-gallery-item\"><figure><img loading=\"lazy\" decoding=\"async\" width=\"1024\" height=\"684\" src=\"http:\/\/cultura.sma.gob.ar\/wp-content\/uploads\/2022\/08\/MONTANESWEB-46-1024x684.jpg\" alt=\"\" data-id=\"3808\" data-full-url=\"http:\/\/cultura.sma.gob.ar\/wp-content\/uploads\/2022\/08\/MONTANESWEB-46-scaled.jpg\" data-link=\"http:\/\/cultura.sma.gob.ar\/?attachment_id=3808\" class=\"wp-image-3808\" srcset=\"https:\/\/cultura.sma.gob.ar\/wp-content\/uploads\/2022\/08\/MONTANESWEB-46-1024x684.jpg 1024w, https:\/\/cultura.sma.gob.ar\/wp-content\/uploads\/2022\/08\/MONTANESWEB-46-300x200.jpg 300w, https:\/\/cultura.sma.gob.ar\/wp-content\/uploads\/2022\/08\/MONTANESWEB-46-768x513.jpg 768w, https:\/\/cultura.sma.gob.ar\/wp-content\/uploads\/2022\/08\/MONTANESWEB-46-1536x1025.jpg 1536w, https:\/\/cultura.sma.gob.ar\/wp-content\/uploads\/2022\/08\/MONTANESWEB-46-2048x1367.jpg 2048w, https:\/\/cultura.sma.gob.ar\/wp-content\/uploads\/2022\/08\/MONTANESWEB-46-135x90.jpg 135w\" sizes=\"auto, (max-width: 1024px) 100vw, 1024px\" \/><\/figure><\/li><li class=\"blocks-gallery-item\"><figure><img loading=\"lazy\" decoding=\"async\" width=\"1024\" height=\"684\" src=\"http:\/\/cultura.sma.gob.ar\/wp-content\/uploads\/2022\/08\/MONTANESWEB-34-1024x684.jpg\" alt=\"\" data-id=\"3809\" data-full-url=\"http:\/\/cultura.sma.gob.ar\/wp-content\/uploads\/2022\/08\/MONTANESWEB-34-scaled.jpg\" data-link=\"http:\/\/cultura.sma.gob.ar\/?attachment_id=3809\" class=\"wp-image-3809\" srcset=\"https:\/\/cultura.sma.gob.ar\/wp-content\/uploads\/2022\/08\/MONTANESWEB-34-1024x684.jpg 1024w, https:\/\/cultura.sma.gob.ar\/wp-content\/uploads\/2022\/08\/MONTANESWEB-34-300x200.jpg 300w, https:\/\/cultura.sma.gob.ar\/wp-content\/uploads\/2022\/08\/MONTANESWEB-34-768x513.jpg 768w, https:\/\/cultura.sma.gob.ar\/wp-content\/uploads\/2022\/08\/MONTANESWEB-34-1536x1025.jpg 1536w, https:\/\/cultura.sma.gob.ar\/wp-content\/uploads\/2022\/08\/MONTANESWEB-34-2048x1367.jpg 2048w, https:\/\/cultura.sma.gob.ar\/wp-content\/uploads\/2022\/08\/MONTANESWEB-34-135x90.jpg 135w\" sizes=\"auto, (max-width: 1024px) 100vw, 1024px\" \/><\/figure><\/li><li class=\"blocks-gallery-item\"><figure><img loading=\"lazy\" decoding=\"async\" width=\"1024\" height=\"684\" src=\"http:\/\/cultura.sma.gob.ar\/wp-content\/uploads\/2022\/08\/MONTANESWEB-31-1024x684.jpg\" alt=\"\" data-id=\"3810\" data-full-url=\"http:\/\/cultura.sma.gob.ar\/wp-content\/uploads\/2022\/08\/MONTANESWEB-31-scaled.jpg\" data-link=\"http:\/\/cultura.sma.gob.ar\/?attachment_id=3810\" class=\"wp-image-3810\" srcset=\"https:\/\/cultura.sma.gob.ar\/wp-content\/uploads\/2022\/08\/MONTANESWEB-31-1024x684.jpg 1024w, https:\/\/cultura.sma.gob.ar\/wp-content\/uploads\/2022\/08\/MONTANESWEB-31-300x200.jpg 300w, https:\/\/cultura.sma.gob.ar\/wp-content\/uploads\/2022\/08\/MONTANESWEB-31-768x513.jpg 768w, https:\/\/cultura.sma.gob.ar\/wp-content\/uploads\/2022\/08\/MONTANESWEB-31-1536x1025.jpg 1536w, https:\/\/cultura.sma.gob.ar\/wp-content\/uploads\/2022\/08\/MONTANESWEB-31-2048x1367.jpg 2048w, https:\/\/cultura.sma.gob.ar\/wp-content\/uploads\/2022\/08\/MONTANESWEB-31-135x90.jpg 135w\" sizes=\"auto, (max-width: 1024px) 100vw, 1024px\" \/><\/figure><\/li><li class=\"blocks-gallery-item\"><figure><img loading=\"lazy\" decoding=\"async\" width=\"1024\" height=\"684\" src=\"http:\/\/cultura.sma.gob.ar\/wp-content\/uploads\/2022\/08\/MONTANESWEB-26-1024x684.jpg\" alt=\"\" data-id=\"3811\" data-full-url=\"http:\/\/cultura.sma.gob.ar\/wp-content\/uploads\/2022\/08\/MONTANESWEB-26-scaled.jpg\" data-link=\"http:\/\/cultura.sma.gob.ar\/?attachment_id=3811\" class=\"wp-image-3811\" srcset=\"https:\/\/cultura.sma.gob.ar\/wp-content\/uploads\/2022\/08\/MONTANESWEB-26-1024x684.jpg 1024w, https:\/\/cultura.sma.gob.ar\/wp-content\/uploads\/2022\/08\/MONTANESWEB-26-300x200.jpg 300w, https:\/\/cultura.sma.gob.ar\/wp-content\/uploads\/2022\/08\/MONTANESWEB-26-768x513.jpg 768w, https:\/\/cultura.sma.gob.ar\/wp-content\/uploads\/2022\/08\/MONTANESWEB-26-1536x1025.jpg 1536w, https:\/\/cultura.sma.gob.ar\/wp-content\/uploads\/2022\/08\/MONTANESWEB-26-2048x1367.jpg 2048w, https:\/\/cultura.sma.gob.ar\/wp-content\/uploads\/2022\/08\/MONTANESWEB-26-135x90.jpg 135w\" sizes=\"auto, (max-width: 1024px) 100vw, 1024px\" \/><\/figure><\/li><li class=\"blocks-gallery-item\"><figure><img loading=\"lazy\" decoding=\"async\" width=\"1024\" height=\"684\" src=\"http:\/\/cultura.sma.gob.ar\/wp-content\/uploads\/2022\/08\/MONTANESWEB-12-1024x684.jpg\" alt=\"\" data-id=\"3812\" data-full-url=\"http:\/\/cultura.sma.gob.ar\/wp-content\/uploads\/2022\/08\/MONTANESWEB-12-scaled.jpg\" data-link=\"http:\/\/cultura.sma.gob.ar\/?attachment_id=3812\" class=\"wp-image-3812\" srcset=\"https:\/\/cultura.sma.gob.ar\/wp-content\/uploads\/2022\/08\/MONTANESWEB-12-1024x684.jpg 1024w, https:\/\/cultura.sma.gob.ar\/wp-content\/uploads\/2022\/08\/MONTANESWEB-12-300x200.jpg 300w, https:\/\/cultura.sma.gob.ar\/wp-content\/uploads\/2022\/08\/MONTANESWEB-12-768x513.jpg 768w, https:\/\/cultura.sma.gob.ar\/wp-content\/uploads\/2022\/08\/MONTANESWEB-12-1536x1025.jpg 1536w, https:\/\/cultura.sma.gob.ar\/wp-content\/uploads\/2022\/08\/MONTANESWEB-12-2048x1367.jpg 2048w, https:\/\/cultura.sma.gob.ar\/wp-content\/uploads\/2022\/08\/MONTANESWEB-12-135x90.jpg 135w\" sizes=\"auto, (max-width: 1024px) 100vw, 1024px\" \/><\/figure><\/li><li class=\"blocks-gallery-item\"><figure><img loading=\"lazy\" decoding=\"async\" width=\"1024\" height=\"684\" src=\"http:\/\/cultura.sma.gob.ar\/wp-content\/uploads\/2022\/08\/MONTANESWEB-11-1024x684.jpg\" alt=\"\" data-id=\"3813\" data-full-url=\"http:\/\/cultura.sma.gob.ar\/wp-content\/uploads\/2022\/08\/MONTANESWEB-11-scaled.jpg\" data-link=\"http:\/\/cultura.sma.gob.ar\/?attachment_id=3813\" class=\"wp-image-3813\" srcset=\"https:\/\/cultura.sma.gob.ar\/wp-content\/uploads\/2022\/08\/MONTANESWEB-11-1024x684.jpg 1024w, https:\/\/cultura.sma.gob.ar\/wp-content\/uploads\/2022\/08\/MONTANESWEB-11-300x200.jpg 300w, https:\/\/cultura.sma.gob.ar\/wp-content\/uploads\/2022\/08\/MONTANESWEB-11-768x513.jpg 768w, https:\/\/cultura.sma.gob.ar\/wp-content\/uploads\/2022\/08\/MONTANESWEB-11-1536x1025.jpg 1536w, https:\/\/cultura.sma.gob.ar\/wp-content\/uploads\/2022\/08\/MONTANESWEB-11-2048x1367.jpg 2048w, https:\/\/cultura.sma.gob.ar\/wp-content\/uploads\/2022\/08\/MONTANESWEB-11-135x90.jpg 135w\" sizes=\"auto, (max-width: 1024px) 100vw, 1024px\" \/><\/figure><\/li><li class=\"blocks-gallery-item\"><figure><img loading=\"lazy\" decoding=\"async\" width=\"1024\" height=\"684\" src=\"http:\/\/cultura.sma.gob.ar\/wp-content\/uploads\/2022\/08\/MONTANESWEB-9-1024x684.jpg\" alt=\"\" data-id=\"3814\" data-full-url=\"http:\/\/cultura.sma.gob.ar\/wp-content\/uploads\/2022\/08\/MONTANESWEB-9-scaled.jpg\" data-link=\"http:\/\/cultura.sma.gob.ar\/?attachment_id=3814\" class=\"wp-image-3814\" srcset=\"https:\/\/cultura.sma.gob.ar\/wp-content\/uploads\/2022\/08\/MONTANESWEB-9-1024x684.jpg 1024w, https:\/\/cultura.sma.gob.ar\/wp-content\/uploads\/2022\/08\/MONTANESWEB-9-300x200.jpg 300w, https:\/\/cultura.sma.gob.ar\/wp-content\/uploads\/2022\/08\/MONTANESWEB-9-768x513.jpg 768w, https:\/\/cultura.sma.gob.ar\/wp-content\/uploads\/2022\/08\/MONTANESWEB-9-1536x1025.jpg 1536w, https:\/\/cultura.sma.gob.ar\/wp-content\/uploads\/2022\/08\/MONTANESWEB-9-2048x1367.jpg 2048w, https:\/\/cultura.sma.gob.ar\/wp-content\/uploads\/2022\/08\/MONTANESWEB-9-135x90.jpg 135w\" sizes=\"auto, (max-width: 1024px) 100vw, 1024px\" \/><\/figure><\/li><li class=\"blocks-gallery-item\"><figure><img loading=\"lazy\" decoding=\"async\" width=\"1024\" height=\"684\" src=\"http:\/\/cultura.sma.gob.ar\/wp-content\/uploads\/2022\/08\/MONTANESWEB-5-1024x684.jpg\" alt=\"\" data-id=\"3815\" data-full-url=\"http:\/\/cultura.sma.gob.ar\/wp-content\/uploads\/2022\/08\/MONTANESWEB-5-scaled.jpg\" data-link=\"http:\/\/cultura.sma.gob.ar\/?attachment_id=3815\" class=\"wp-image-3815\" srcset=\"https:\/\/cultura.sma.gob.ar\/wp-content\/uploads\/2022\/08\/MONTANESWEB-5-1024x684.jpg 1024w, https:\/\/cultura.sma.gob.ar\/wp-content\/uploads\/2022\/08\/MONTANESWEB-5-300x200.jpg 300w, https:\/\/cultura.sma.gob.ar\/wp-content\/uploads\/2022\/08\/MONTANESWEB-5-768x513.jpg 768w, https:\/\/cultura.sma.gob.ar\/wp-content\/uploads\/2022\/08\/MONTANESWEB-5-1536x1025.jpg 1536w, https:\/\/cultura.sma.gob.ar\/wp-content\/uploads\/2022\/08\/MONTANESWEB-5-2048x1367.jpg 2048w, https:\/\/cultura.sma.gob.ar\/wp-content\/uploads\/2022\/08\/MONTANESWEB-5-135x90.jpg 135w\" sizes=\"auto, (max-width: 1024px) 100vw, 1024px\" \/><\/figure><\/li><li class=\"blocks-gallery-item\"><figure><img loading=\"lazy\" decoding=\"async\" width=\"1024\" height=\"684\" src=\"http:\/\/cultura.sma.gob.ar\/wp-content\/uploads\/2022\/08\/MONTANESWEB-2-1024x684.jpg\" alt=\"\" data-id=\"3816\" data-full-url=\"http:\/\/cultura.sma.gob.ar\/wp-content\/uploads\/2022\/08\/MONTANESWEB-2-scaled.jpg\" data-link=\"http:\/\/cultura.sma.gob.ar\/?attachment_id=3816\" class=\"wp-image-3816\" srcset=\"https:\/\/cultura.sma.gob.ar\/wp-content\/uploads\/2022\/08\/MONTANESWEB-2-1024x684.jpg 1024w, https:\/\/cultura.sma.gob.ar\/wp-content\/uploads\/2022\/08\/MONTANESWEB-2-300x200.jpg 300w, https:\/\/cultura.sma.gob.ar\/wp-content\/uploads\/2022\/08\/MONTANESWEB-2-768x513.jpg 768w, https:\/\/cultura.sma.gob.ar\/wp-content\/uploads\/2022\/08\/MONTANESWEB-2-1536x1025.jpg 1536w, https:\/\/cultura.sma.gob.ar\/wp-content\/uploads\/2022\/08\/MONTANESWEB-2-2048x1367.jpg 2048w, https:\/\/cultura.sma.gob.ar\/wp-content\/uploads\/2022\/08\/MONTANESWEB-2-135x90.jpg 135w\" sizes=\"auto, (max-width: 1024px) 100vw, 1024px\" \/><\/figure><\/li><\/ul><\/figure>\n","protected":false},"excerpt":{"rendered":"<p>Durante la tarde del domingo se realiz\u00f3 el Concurso de Hacheros, Hacheras, Hacheritos, Motosierristas y Sierras Corvina correspondiente a la 41\u00aa Fiesta Nacional del Monta\u00f1\u00e9s. Este evento, organizado por la Secretar\u00eda Municipal de Cultura, volvi\u00f3 a realizarse en el centro de la ciudad, convocando la presencia de mil quinientos residentes y turistas, que disfrutaron de 4 horas de pura emoci\u00f3n. Todos los rollizos utilizados fueron &hellip; <a href=\"https:\/\/cultura.sma.gob.ar\/?p=3797\" class=\"more-link\">Continue reading <span class=\"screen-reader-text\">PAS\u00d3 OTRO GRAN CONCURSO DE HACHEROS<\/span><\/a><\/p>\n","protected":false},"author":1,"featured_media":293,"comment_status":"closed","ping_status":"","sticky":false,"template":"","format":"image","meta":{"footnotes":""},"categories":[3,9],"tags":[],"class_list":["post-3797","post","type-post","status-publish","format-image","has-post-thumbnail","hentry","category-eventos-cultura","category-ultimas-noticias","post_format-post-format-image"],"_links":{"self":[{"href":"https:\/\/cultura.sma.gob.ar\/index.php?rest_route=\/wp\/v2\/posts\/3797","targetHints":{"allow":["GET"]}}],"collection":[{"href":"https:\/\/cultura.sma.gob.ar\/index.php?rest_route=\/wp\/v2\/posts"}],"about":[{"href":"https:\/\/cultura.sma.gob.ar\/index.php?rest_route=\/wp\/v2\/types\/post"}],"author":[{"embeddable":true,"href":"https:\/\/cultura.sma.gob.ar\/index.php?rest_route=\/wp\/v2\/users\/1"}],"replies":[{"embeddable":true,"href":"https:\/\/cultura.sma.gob.ar\/index.php?rest_route=%2Fwp%2Fv2%2Fcomments&post=3797"}],"version-history":[{"count":1,"href":"https:\/\/cultura.sma.gob.ar\/index.php?rest_route=\/wp\/v2\/posts\/3797\/revisions"}],"predecessor-version":[{"id":3817,"href":"https:\/\/cultura.sma.gob.ar\/index.php?rest_route=\/wp\/v2\/posts\/3797\/revisions\/3817"}],"wp:featuredmedia":[{"embeddable":true,"href":"https:\/\/cultura.sma.gob.ar\/index.php?rest_route=\/wp\/v2\/media\/293"}],"wp:attachment":[{"href":"https:\/\/cultura.sma.gob.ar\/index.php?rest_route=%2Fwp%2Fv2%2Fmedia&parent=3797"}],"wp:term":[{"taxonomy":"category","embeddable":true,"href":"https:\/\/cultura.sma.gob.ar\/index.php?rest_route=%2Fwp%2Fv2%2Fcategories&post=3797"},{"taxonomy":"post_tag","embeddable":true,"href":"https:\/\/cultura.sma.gob.ar\/index.php?rest_route=%2Fwp%2Fv2%2Ftags&post=3797"}],"curies":[{"name":"wp","href":"https:\/\/api.w.org\/{rel}","templated":true}]}}