{"id":3792,"date":"2022-08-21T16:13:56","date_gmt":"2022-08-21T19:13:56","guid":{"rendered":"http:\/\/cultura.sma.gob.ar\/?p=3792"},"modified":"2022-08-21T16:13:56","modified_gmt":"2022-08-21T19:13:56","slug":"nueva-muestra-de-fotografia-de-naturaleza-de-alejandro-ferrand-en-coleccion-georg","status":"publish","type":"post","link":"https:\/\/cultura.sma.gob.ar\/?p=3792","title":{"rendered":"Nueva muestra de fotograf\u00eda de naturaleza de Alejandro Ferrand en Colecci\u00f3n Georg"},"content":{"rendered":"\n<figure class=\"wp-block-image size-large\"><img loading=\"lazy\" decoding=\"async\" width=\"1024\" height=\"627\" src=\"http:\/\/cultura.sma.gob.ar\/wp-content\/uploads\/2022\/08\/WhatsApp-Image-2022-08-18-at-5.26.09-PM-1024x627.jpeg\" alt=\"\" class=\"wp-image-3793\" srcset=\"https:\/\/cultura.sma.gob.ar\/wp-content\/uploads\/2022\/08\/WhatsApp-Image-2022-08-18-at-5.26.09-PM-1024x627.jpeg 1024w, https:\/\/cultura.sma.gob.ar\/wp-content\/uploads\/2022\/08\/WhatsApp-Image-2022-08-18-at-5.26.09-PM-300x184.jpeg 300w, https:\/\/cultura.sma.gob.ar\/wp-content\/uploads\/2022\/08\/WhatsApp-Image-2022-08-18-at-5.26.09-PM-768x470.jpeg 768w, https:\/\/cultura.sma.gob.ar\/wp-content\/uploads\/2022\/08\/WhatsApp-Image-2022-08-18-at-5.26.09-PM-147x90.jpeg 147w, https:\/\/cultura.sma.gob.ar\/wp-content\/uploads\/2022\/08\/WhatsApp-Image-2022-08-18-at-5.26.09-PM.jpeg 1280w\" sizes=\"auto, (max-width: 1024px) 100vw, 1024px\" \/><\/figure>\n\n\n\n<p>No se pierdan esta exclusiva muestra de FOTOGRAF\u00cdA de naturaleza de Alejandro Ferrand en Colecci\u00f3n Georg. <\/p>\n\n\n\n<p>SOLO con RESERVA. Inauguramos el s\u00e1bado 27 de Agosto a las 19h y los CUPOS son LIMITADOS. <\/p>\n\n\n\n<p>La muestra estar\u00e1 disponible todo el mes de septiembre, solo con cita previa.<\/p>\n","protected":false},"excerpt":{"rendered":"<p>No se pierdan esta exclusiva muestra de FOTOGRAF\u00cdA de naturaleza de Alejandro Ferrand en Colecci\u00f3n Georg. SOLO con RESERVA. Inauguramos el s\u00e1bado 27 de Agosto a las 19h y los CUPOS son LIMITADOS. La muestra estar\u00e1 disponible todo el mes de septiembre, solo con cita previa. <a href=\"https:\/\/cultura.sma.gob.ar\/?p=3792\" class=\"more-link\">Continue reading <span class=\"screen-reader-text\">Nueva muestra de fotograf\u00eda de naturaleza de Alejandro Ferrand en Colecci\u00f3n Georg<\/span><\/a><\/p>\n","protected":false},"author":1,"featured_media":297,"comment_status":"closed","ping_status":"","sticky":false,"template":"","format":"image","meta":{"footnotes":""},"categories":[2,9],"tags":[],"class_list":["post-3792","post","type-post","status-publish","format-image","has-post-thumbnail","hentry","category-ciudad-cultural","category-ultimas-noticias","post_format-post-format-image"],"_links":{"self":[{"href":"https:\/\/cultura.sma.gob.ar\/index.php?rest_route=\/wp\/v2\/posts\/3792","targetHints":{"allow":["GET"]}}],"collection":[{"href":"https:\/\/cultura.sma.gob.ar\/index.php?rest_route=\/wp\/v2\/posts"}],"about":[{"href":"https:\/\/cultura.sma.gob.ar\/index.php?rest_route=\/wp\/v2\/types\/post"}],"author":[{"embeddable":true,"href":"https:\/\/cultura.sma.gob.ar\/index.php?rest_route=\/wp\/v2\/users\/1"}],"replies":[{"embeddable":true,"href":"https:\/\/cultura.sma.gob.ar\/index.php?rest_route=%2Fwp%2Fv2%2Fcomments&post=3792"}],"version-history":[{"count":1,"href":"https:\/\/cultura.sma.gob.ar\/index.php?rest_route=\/wp\/v2\/posts\/3792\/revisions"}],"predecessor-version":[{"id":3794,"href":"https:\/\/cultura.sma.gob.ar\/index.php?rest_route=\/wp\/v2\/posts\/3792\/revisions\/3794"}],"wp:featuredmedia":[{"embeddable":true,"href":"https:\/\/cultura.sma.gob.ar\/index.php?rest_route=\/wp\/v2\/media\/297"}],"wp:attachment":[{"href":"https:\/\/cultura.sma.gob.ar\/index.php?rest_route=%2Fwp%2Fv2%2Fmedia&parent=3792"}],"wp:term":[{"taxonomy":"category","embeddable":true,"href":"https:\/\/cultura.sma.gob.ar\/index.php?rest_route=%2Fwp%2Fv2%2Fcategories&post=3792"},{"taxonomy":"post_tag","embeddable":true,"href":"https:\/\/cultura.sma.gob.ar\/index.php?rest_route=%2Fwp%2Fv2%2Ftags&post=3792"}],"curies":[{"name":"wp","href":"https:\/\/api.w.org\/{rel}","templated":true}]}}