{"id":3788,"date":"2022-08-21T16:08:42","date_gmt":"2022-08-21T19:08:42","guid":{"rendered":"http:\/\/cultura.sma.gob.ar\/?p=3788"},"modified":"2022-08-21T16:08:42","modified_gmt":"2022-08-21T19:08:42","slug":"tour-cultural-favoreciendo-el-acceso-a-las-actividades-culturales-coleccion-georg","status":"publish","type":"post","link":"https:\/\/cultura.sma.gob.ar\/?p=3788","title":{"rendered":"&#8221;Tour Cultural&#8221;, favoreciendo el acceso a las actividades culturales: &#8221;Colecci\u00f3n Georg&#8221;"},"content":{"rendered":"\n<figure class=\"wp-block-image size-large\"><img loading=\"lazy\" decoding=\"async\" width=\"1024\" height=\"1024\" src=\"http:\/\/cultura.sma.gob.ar\/wp-content\/uploads\/2022\/08\/WhatsApp-Image-2022-08-18-at-5.23.29-PM-1024x1024.jpeg\" alt=\"\" class=\"wp-image-3789\" srcset=\"https:\/\/cultura.sma.gob.ar\/wp-content\/uploads\/2022\/08\/WhatsApp-Image-2022-08-18-at-5.23.29-PM-1024x1024.jpeg 1024w, https:\/\/cultura.sma.gob.ar\/wp-content\/uploads\/2022\/08\/WhatsApp-Image-2022-08-18-at-5.23.29-PM-300x300.jpeg 300w, https:\/\/cultura.sma.gob.ar\/wp-content\/uploads\/2022\/08\/WhatsApp-Image-2022-08-18-at-5.23.29-PM-150x150.jpeg 150w, https:\/\/cultura.sma.gob.ar\/wp-content\/uploads\/2022\/08\/WhatsApp-Image-2022-08-18-at-5.23.29-PM-768x768.jpeg 768w, https:\/\/cultura.sma.gob.ar\/wp-content\/uploads\/2022\/08\/WhatsApp-Image-2022-08-18-at-5.23.29-PM-90x90.jpeg 90w, https:\/\/cultura.sma.gob.ar\/wp-content\/uploads\/2022\/08\/WhatsApp-Image-2022-08-18-at-5.23.29-PM.jpeg 1280w\" sizes=\"auto, (max-width: 1024px) 100vw, 1024px\" \/><\/figure>\n\n\n\n<p><br>\u201cExclusiva muestra de fotograf\u00eda de naturaleza de Alejandro Ferrand en Colecci\u00f3n Georg\u201d<\/p>\n\n\n\n<p>El programa Tour Cultural tiene como objetivo favorecer acceso a vecinos y vecinas de los barrios a actividades culturales de la Secretar\u00eda, facilitando el traslado gratuito, ida y vuelta, desde los barrios.<\/p>\n\n\n\n<p>En esta oportunidad el Tour tendr\u00e1 traslados hacia la inauguraci\u00f3n fotogr\u00e1fica de Alejando Ferrand en la Colecci\u00f3n Georg.<\/p>\n\n\n\n<p>El tour tendr\u00e1 salidas desde la Sala de exposiciones municipal Lidaura Chapitel a las 18:45 y el regreso ser\u00e1 a las 20:30 el d\u00eda 27 de agosto.<\/p>\n\n\n\n<p>Se informa que las reservas se realizan al 2944212937 S\u00d3LO con RESERVA ya que  los CUPOS son LIMITADOS. <\/p>\n\n\n\n<p>La muestra estar\u00e1 disponible todo el mes de septiembre, solo con cita previa.<\/p>\n","protected":false},"excerpt":{"rendered":"<p>\u201cExclusiva muestra de fotograf\u00eda de naturaleza de Alejandro Ferrand en Colecci\u00f3n Georg\u201d El programa Tour Cultural tiene como objetivo favorecer acceso a vecinos y vecinas de los barrios a actividades culturales de la Secretar\u00eda, facilitando el traslado gratuito, ida y vuelta, desde los barrios. En esta oportunidad el Tour tendr\u00e1 traslados hacia la inauguraci\u00f3n fotogr\u00e1fica de Alejando Ferrand en la Colecci\u00f3n Georg. El tour tendr\u00e1 &hellip; <a href=\"https:\/\/cultura.sma.gob.ar\/?p=3788\" class=\"more-link\">Continue reading <span class=\"screen-reader-text\">&#8221;Tour Cultural&#8221;, favoreciendo el acceso a las actividades culturales: &#8221;Colecci\u00f3n Georg&#8221;<\/span><\/a><\/p>\n","protected":false},"author":1,"featured_media":295,"comment_status":"closed","ping_status":"","sticky":false,"template":"","format":"image","meta":{"footnotes":""},"categories":[6,9],"tags":[],"class_list":["post-3788","post","type-post","status-publish","format-image","has-post-thumbnail","hentry","category-sala-lidaura-chapitel","category-ultimas-noticias","post_format-post-format-image"],"_links":{"self":[{"href":"https:\/\/cultura.sma.gob.ar\/index.php?rest_route=\/wp\/v2\/posts\/3788","targetHints":{"allow":["GET"]}}],"collection":[{"href":"https:\/\/cultura.sma.gob.ar\/index.php?rest_route=\/wp\/v2\/posts"}],"about":[{"href":"https:\/\/cultura.sma.gob.ar\/index.php?rest_route=\/wp\/v2\/types\/post"}],"author":[{"embeddable":true,"href":"https:\/\/cultura.sma.gob.ar\/index.php?rest_route=\/wp\/v2\/users\/1"}],"replies":[{"embeddable":true,"href":"https:\/\/cultura.sma.gob.ar\/index.php?rest_route=%2Fwp%2Fv2%2Fcomments&post=3788"}],"version-history":[{"count":1,"href":"https:\/\/cultura.sma.gob.ar\/index.php?rest_route=\/wp\/v2\/posts\/3788\/revisions"}],"predecessor-version":[{"id":3790,"href":"https:\/\/cultura.sma.gob.ar\/index.php?rest_route=\/wp\/v2\/posts\/3788\/revisions\/3790"}],"wp:featuredmedia":[{"embeddable":true,"href":"https:\/\/cultura.sma.gob.ar\/index.php?rest_route=\/wp\/v2\/media\/295"}],"wp:attachment":[{"href":"https:\/\/cultura.sma.gob.ar\/index.php?rest_route=%2Fwp%2Fv2%2Fmedia&parent=3788"}],"wp:term":[{"taxonomy":"category","embeddable":true,"href":"https:\/\/cultura.sma.gob.ar\/index.php?rest_route=%2Fwp%2Fv2%2Fcategories&post=3788"},{"taxonomy":"post_tag","embeddable":true,"href":"https:\/\/cultura.sma.gob.ar\/index.php?rest_route=%2Fwp%2Fv2%2Ftags&post=3788"}],"curies":[{"name":"wp","href":"https:\/\/api.w.org\/{rel}","templated":true}]}}