{"id":3784,"date":"2022-08-21T16:01:22","date_gmt":"2022-08-21T19:01:22","guid":{"rendered":"http:\/\/cultura.sma.gob.ar\/?p=3784"},"modified":"2022-08-21T16:01:22","modified_gmt":"2022-08-21T19:01:22","slug":"finaliza-el-ciclo-clint-eastwood-un-director-singular-con-american-sniper","status":"publish","type":"post","link":"https:\/\/cultura.sma.gob.ar\/?p=3784","title":{"rendered":"Finaliza el Ciclo &#8220;Clint Eastwood un director singular&#8221; con &#8221;American Sniper&#8221;"},"content":{"rendered":"\n<figure class=\"wp-block-image size-large\"><img loading=\"lazy\" decoding=\"async\" width=\"760\" height=\"380\" src=\"http:\/\/cultura.sma.gob.ar\/wp-content\/uploads\/2022\/08\/american-sniper-Horizontal.jpg\" alt=\"\" class=\"wp-image-3785\" srcset=\"https:\/\/cultura.sma.gob.ar\/wp-content\/uploads\/2022\/08\/american-sniper-Horizontal.jpg 760w, https:\/\/cultura.sma.gob.ar\/wp-content\/uploads\/2022\/08\/american-sniper-Horizontal-300x150.jpg 300w, https:\/\/cultura.sma.gob.ar\/wp-content\/uploads\/2022\/08\/american-sniper-Horizontal-180x90.jpg 180w\" sizes=\"auto, (max-width: 760px) 100vw, 760px\" \/><\/figure>\n\n\n\n<p><a>El jueves, 25 de Agosto a las 20:30hs en la Sala G\u00fcnther Blaas del Centro Cultural Cotesma, continuamos con la 6ta. Temporada de Proyecciones a la gorra. Como los a\u00f1os anteriores, la programaci\u00f3n y la presentaci\u00f3n est\u00e1 a cargo de Guillermo Ianniello, este a\u00f1o a beneficio del Club de Leones San Mart\u00edn de los Andes \u2013 Chapelco.<br>Finalizando con el Ciclo N\u00b035 (Quinto de este a\u00f1o), titulado \u201cCLINT EASTWOOD: UN DIRECTOR SINGULAR\u201d, se proyectar\u00e1 \u201cFRANCOTIRADOR AMERICANO\u201d dirigida por Clint Eastwood y protagonizada por&nbsp;Bradley Cooper, Sienna Miller y Luke Grimes.<\/a><\/p>\n\n\n\n<p><br><strong><u>\u201cFrancotirador Americano\u201d.<\/u><\/strong>&nbsp; (2014-Color)<\/p>\n\n\n\n<p>Eastwood aporta su talento para construir una narraci\u00f3n que avanza a saltos entre el cine b\u00e9lico y el drama familiar sin que la historia se resienta en su ritmo ni en su sentimiento.<\/p>\n\n\n\n<p>Con esa capacidad que tiene para mezclar la violencia con la condena de la misma, en un ambiguo juego de intenciones que funciona como cr\u00edtica a la crueldad del ser humano.<\/p>\n\n\n\n<p>Bradley Cooper logra componer un personaje complejo cuya presencia en pantalla consigue imponer su fuerza emocional a su imponencia f\u00edsica.<\/p>\n\n\n\n<p>Todo ello con un despliegue de medios al servicio de la historia que consiguen plasmar muchos momentos de gran cine de acci\u00f3n para una cinta que sabe jugar sus puntos fuertes con un ritmo constante y en continuo crescendo.<\/p>\n\n\n\n<p>El sonido, los efectos visuales y los digitales saben convivir al lado del perfil m\u00e1s sentimental de la trama, demostrando la magia de un director que en esto del s\u00e9ptimo arte, no es para nada un novato.<\/p>\n\n\n\n<p>Una fotograf\u00eda espectacular a cargo de Tom Stern, que muestra los paisajes y locaciones m\u00e1s desoladas para una pel\u00edcula de corte b\u00e9lico como lo es American Sniper, que combinado con un buen trabajo de montaje y edici\u00f3n, te llevan de la acci\u00f3n a la calma, tan solo para respirar un momento y despu\u00e9s presentarte m\u00e1s acci\u00f3n y drama.<\/p>\n\n\n\n<p>No es un pel\u00edcula \u201cde guerra\u201d, s\u00f3lo que transcurre durante la guerra de Irak. En realidad, su punto central en lo argumental es mostrarnos las sensaciones, sentido de culpa y stress profundo de quien tiene a su cargo la peligrosa y shockeante tarea de francotirador. Y, fundamentalmente, nos muestra las consecuencias ps\u00edquicas de la misma y su repercusi\u00f3n en su vida matrimonial y de relaci\u00f3n con sus hijos.&nbsp;<\/p>\n\n\n\n<p>Historia verdadera, no de ficci\u00f3n, que llegar\u00e1 a capturar tu atenci\u00f3n y que te har\u00e1 pensar que no todo es tan simple como parece a primera vista\u2026 &nbsp;&nbsp;&nbsp;<\/p>\n\n\n\n<p>Intensa, emotiva, imperdible pel\u00edcula.<\/p>\n\n\n\n<p>Duraci\u00f3n: 2 h.12\u2019 \u2013<\/p>\n","protected":false},"excerpt":{"rendered":"<p>El jueves, 25 de Agosto a las 20:30hs en la Sala G\u00fcnther Blaas del Centro Cultural Cotesma, continuamos con la 6ta. Temporada de Proyecciones a la gorra. Como los a\u00f1os anteriores, la programaci\u00f3n y la presentaci\u00f3n est\u00e1 a cargo de Guillermo Ianniello, este a\u00f1o a beneficio del Club de Leones San Mart\u00edn de los Andes \u2013 Chapelco.Finalizando con el Ciclo N\u00b035 (Quinto de este a\u00f1o), &hellip; <a href=\"https:\/\/cultura.sma.gob.ar\/?p=3784\" class=\"more-link\">Continue reading <span class=\"screen-reader-text\">Finaliza el Ciclo &#8220;Clint Eastwood un director singular&#8221; con &#8221;American Sniper&#8221;<\/span><\/a><\/p>\n","protected":false},"author":1,"featured_media":297,"comment_status":"closed","ping_status":"","sticky":false,"template":"","format":"image","meta":{"footnotes":""},"categories":[2,9],"tags":[],"class_list":["post-3784","post","type-post","status-publish","format-image","has-post-thumbnail","hentry","category-ciudad-cultural","category-ultimas-noticias","post_format-post-format-image"],"_links":{"self":[{"href":"https:\/\/cultura.sma.gob.ar\/index.php?rest_route=\/wp\/v2\/posts\/3784","targetHints":{"allow":["GET"]}}],"collection":[{"href":"https:\/\/cultura.sma.gob.ar\/index.php?rest_route=\/wp\/v2\/posts"}],"about":[{"href":"https:\/\/cultura.sma.gob.ar\/index.php?rest_route=\/wp\/v2\/types\/post"}],"author":[{"embeddable":true,"href":"https:\/\/cultura.sma.gob.ar\/index.php?rest_route=\/wp\/v2\/users\/1"}],"replies":[{"embeddable":true,"href":"https:\/\/cultura.sma.gob.ar\/index.php?rest_route=%2Fwp%2Fv2%2Fcomments&post=3784"}],"version-history":[{"count":1,"href":"https:\/\/cultura.sma.gob.ar\/index.php?rest_route=\/wp\/v2\/posts\/3784\/revisions"}],"predecessor-version":[{"id":3786,"href":"https:\/\/cultura.sma.gob.ar\/index.php?rest_route=\/wp\/v2\/posts\/3784\/revisions\/3786"}],"wp:featuredmedia":[{"embeddable":true,"href":"https:\/\/cultura.sma.gob.ar\/index.php?rest_route=\/wp\/v2\/media\/297"}],"wp:attachment":[{"href":"https:\/\/cultura.sma.gob.ar\/index.php?rest_route=%2Fwp%2Fv2%2Fmedia&parent=3784"}],"wp:term":[{"taxonomy":"category","embeddable":true,"href":"https:\/\/cultura.sma.gob.ar\/index.php?rest_route=%2Fwp%2Fv2%2Fcategories&post=3784"},{"taxonomy":"post_tag","embeddable":true,"href":"https:\/\/cultura.sma.gob.ar\/index.php?rest_route=%2Fwp%2Fv2%2Ftags&post=3784"}],"curies":[{"name":"wp","href":"https:\/\/api.w.org\/{rel}","templated":true}]}}