{"id":3781,"date":"2022-08-19T12:59:05","date_gmt":"2022-08-19T15:59:05","guid":{"rendered":"http:\/\/cultura.sma.gob.ar\/?p=3781"},"modified":"2022-08-19T12:59:05","modified_gmt":"2022-08-19T15:59:05","slug":"concierto-del-ensamble-sinfonico-de-la-escuela-de-musica","status":"publish","type":"post","link":"https:\/\/cultura.sma.gob.ar\/?p=3781","title":{"rendered":"Concierto del Ensamble Sinf\u00f3nico de la Escuela de M\u00fasica"},"content":{"rendered":"\n\n\n<p>El pr\u00f3ximo martes, 23 de agosto a las 20hs en la Sala Amankay del Centro Cultural Cotesma, compartiremos el \u201cCONCIERTO\u201d a cargo del Ensamble Sinf\u00f3nico de la Escuela Superior de M\u00fasica de San Mart\u00edn de los Andes.<\/p>\n\n\n\n<p>El Ensamble Sinf\u00f3nico de la Escuela Superior de M\u00fasica de San Mart\u00edn de los Andes es un espacio de extensi\u00f3n abierto a toda la comunidad del cual participan estudiantes, profesores y m\u00fasicos, no s\u00f3lo de nuestra ciudad, sino tambi\u00e9n de las vecinas localidades de Jun\u00edn de los Andes y Villa la Angostura.<\/p>\n\n\n\n<p>Entrada Libre y Gratuita. Se entregan el martes, desde las 16hs, en la Boleteria del Centro Cultural.<\/p>\n\n\n\n<p>Directora Invitada: Mariela Lobato<br>Coordinadores: Emiliano Ar\u00e1oz- Amelia Saftich<\/p>\n\n\n\n<p>VIOLINES 1ros<br>Luc\u00eda Del\u00eda<br>Florencia Schay<br>Ailil Voccia<br>Agustina Henr\u00edquez<\/p>\n\n\n\n<p>VIOLINES 2dos<br>Julia Cabrera<br>Felipe D\u00edaz<br>Marianela Velasco<br>Rita Martin<br>Eugenia Cooper<\/p>\n\n\n\n<p>VIOLAS<br>Tania Rubiolo<br>Emiliano Ar\u00e1oz<\/p>\n\n\n\n<p>VIOLONCELLO<br>Flavia Cohen<br>Pedro Del\u00eda<br>Graciela Di Massi<br>Esteban Gismondi<\/p>\n\n\n\n<p>CONTRABAJO<br>Christian P\u00e1ez<\/p>\n\n\n\n<p>FLAUTAS<br>Ignacio Canevari<br>Gabriel Stecher<\/p>\n\n\n\n<p>OBOE<br>Isabela Del\u00eda<\/p>\n\n\n\n<p>CLARINETES<br>Ricardo \u201cDicky\u201d Powell<br>Sebasti\u00e1n Drach<br>Juan Carlos Colignon<br>Amelia Saftich<\/p>\n\n\n\n<p>SAXOFONES<br>Sof\u00eda Sajoux (saxo alto)<br>Hern\u00e1n \u201cCarpo\u201d Bidegain (saxo tenor)<\/p>\n\n\n\n<p>PERCUSI\u00d3N<br>Nicol\u00e1s Sala<\/p>\n\n\n\n<p>INVITADOS DE VILLA LA ANGOSTURA<br>Nicol\u00e1s Ar\u00e9valo<br>Laia Barbato<br>Guadalupe Barahona<\/p>\n\n\n\n<p>PROGRAMA DE CONCIERTO<br>\u201cPavana\u201d- GABRIEL FAUR\u00c9<br>\u201cObertura de Romeo y Julieta\u201d &#8211; PIOTR ILICH TCHAIKOVSKY<br>\u201cAndante Festivo\u201d- JEAN SIBELIUS- Original para Orquesta de Cuerdas, Adaptaci\u00f3n para vientos de Pierre-Antoine Caboufigue<br>\u201cFix you\u201d- COLDPLAY- Arreglo orquestal de Nicol\u00e1s Ar\u00e9valo<\/p>\n","protected":false},"excerpt":{"rendered":"<p>El pr\u00f3ximo martes, 23 de agosto a las 20hs en la Sala Amankay del Centro Cultural Cotesma, compartiremos el \u201cCONCIERTO\u201d a cargo del Ensamble Sinf\u00f3nico de la Escuela Superior de M\u00fasica de San Mart\u00edn de los Andes. El Ensamble Sinf\u00f3nico de la Escuela Superior de M\u00fasica de San Mart\u00edn de los Andes es un espacio de extensi\u00f3n abierto a toda la comunidad del cual participan &hellip; <a href=\"https:\/\/cultura.sma.gob.ar\/?p=3781\" class=\"more-link\">Continue reading <span class=\"screen-reader-text\">Concierto del Ensamble Sinf\u00f3nico de la Escuela de M\u00fasica<\/span><\/a><\/p>\n","protected":false},"author":1,"featured_media":297,"comment_status":"closed","ping_status":"","sticky":false,"template":"","format":"image","meta":{"footnotes":""},"categories":[2,9],"tags":[],"class_list":["post-3781","post","type-post","status-publish","format-image","has-post-thumbnail","hentry","category-ciudad-cultural","category-ultimas-noticias","post_format-post-format-image"],"_links":{"self":[{"href":"https:\/\/cultura.sma.gob.ar\/index.php?rest_route=\/wp\/v2\/posts\/3781","targetHints":{"allow":["GET"]}}],"collection":[{"href":"https:\/\/cultura.sma.gob.ar\/index.php?rest_route=\/wp\/v2\/posts"}],"about":[{"href":"https:\/\/cultura.sma.gob.ar\/index.php?rest_route=\/wp\/v2\/types\/post"}],"author":[{"embeddable":true,"href":"https:\/\/cultura.sma.gob.ar\/index.php?rest_route=\/wp\/v2\/users\/1"}],"replies":[{"embeddable":true,"href":"https:\/\/cultura.sma.gob.ar\/index.php?rest_route=%2Fwp%2Fv2%2Fcomments&post=3781"}],"version-history":[{"count":1,"href":"https:\/\/cultura.sma.gob.ar\/index.php?rest_route=\/wp\/v2\/posts\/3781\/revisions"}],"predecessor-version":[{"id":3782,"href":"https:\/\/cultura.sma.gob.ar\/index.php?rest_route=\/wp\/v2\/posts\/3781\/revisions\/3782"}],"wp:featuredmedia":[{"embeddable":true,"href":"https:\/\/cultura.sma.gob.ar\/index.php?rest_route=\/wp\/v2\/media\/297"}],"wp:attachment":[{"href":"https:\/\/cultura.sma.gob.ar\/index.php?rest_route=%2Fwp%2Fv2%2Fmedia&parent=3781"}],"wp:term":[{"taxonomy":"category","embeddable":true,"href":"https:\/\/cultura.sma.gob.ar\/index.php?rest_route=%2Fwp%2Fv2%2Fcategories&post=3781"},{"taxonomy":"post_tag","embeddable":true,"href":"https:\/\/cultura.sma.gob.ar\/index.php?rest_route=%2Fwp%2Fv2%2Ftags&post=3781"}],"curies":[{"name":"wp","href":"https:\/\/api.w.org\/{rel}","templated":true}]}}