{"id":3774,"date":"2022-08-19T12:54:30","date_gmt":"2022-08-19T15:54:30","guid":{"rendered":"http:\/\/cultura.sma.gob.ar\/?p=3774"},"modified":"2022-08-19T12:54:30","modified_gmt":"2022-08-19T15:54:30","slug":"nimbus-space-rock-presenta-su-nuevo-album-expansion","status":"publish","type":"post","link":"https:\/\/cultura.sma.gob.ar\/?p=3774","title":{"rendered":"NIMBUS \u2013 SPACE ROCK presenta su nuevo \u00e1lbum \u201cEXPANSI\u00d3N\u201d"},"content":{"rendered":"\n<figure class=\"wp-block-image size-large\"><img loading=\"lazy\" decoding=\"async\" width=\"800\" height=\"800\" src=\"http:\/\/cultura.sma.gob.ar\/wp-content\/uploads\/2022\/08\/Nimbus-Expansion.jpg\" alt=\"\" class=\"wp-image-3775\" srcset=\"https:\/\/cultura.sma.gob.ar\/wp-content\/uploads\/2022\/08\/Nimbus-Expansion.jpg 800w, https:\/\/cultura.sma.gob.ar\/wp-content\/uploads\/2022\/08\/Nimbus-Expansion-300x300.jpg 300w, https:\/\/cultura.sma.gob.ar\/wp-content\/uploads\/2022\/08\/Nimbus-Expansion-150x150.jpg 150w, https:\/\/cultura.sma.gob.ar\/wp-content\/uploads\/2022\/08\/Nimbus-Expansion-768x768.jpg 768w, https:\/\/cultura.sma.gob.ar\/wp-content\/uploads\/2022\/08\/Nimbus-Expansion-90x90.jpg 90w\" sizes=\"auto, (max-width: 800px) 100vw, 800px\" \/><\/figure>\n\n\n\n<p>El pr\u00f3ximo s\u00e1bado, 27 de agosto a las 21hs, en la Sala Amankay compartiremos una nueva noche musical junto a NIMBUS \u2013 SPACE ROCK y la presentaci\u00f3n de su nuevo \u00e1lbum: \u201cEXPANSI\u00d3N\u201d.<br>NIMBUS es un grupo formado en San Mart\u00edn de los Andes por Wal Cabrera en guitarra y voz, Israel Contreras en sintetizador y voz, Pato Lagazzi en percusi\u00f3n y coros y Vai Sottana en bajo. Tras un a\u00f1o de haber presentado su primer \u00e1lbum, \u201cN\u00e9bula\u201d, se vuelven a presentar en la Sala Amankay para presentar el nuevo material en el que ven\u00edan trabajando: \u201cEXPANSI\u00d3N\u201d.<br>Para escuchar el nuevo \u00e1lbum en Spotify:&nbsp;<a href=\"https:\/\/correo.smandes.gov.ar\/owa\/redir.aspx?C=05da22a9862648ac9f9643192c0ffb81&amp;URL=https%3a%2f%2fopen.spotify.com%2falbum%2f4Vo9n3qwEt88UVxMrGnvAQ%3fsi%3da0Uy0G3fT0Odm8o47_fkg+\" target=\"_blank\" rel=\"noreferrer noopener\">https:\/\/open.spotify.com\/album\/4Vo9n3qwEt88UVxMrGnvAQ?si=a0Uy0G3fT0Odm8o47_fkg<\/a><br>Canal en YouTube:&nbsp;<a href=\"https:\/\/correo.smandes.gov.ar\/owa\/redir.aspx?C=05da22a9862648ac9f9643192c0ffb81&amp;URL=https%3a%2f%2fwww.youtube.com%2fchannel%2fUCHOJ9tkGMRq50_yfW9MvU_w%2fvideos\" target=\"_blank\" rel=\"noreferrer noopener\">https:\/\/www.youtube.com\/channel\/UCHOJ9tkGMRq50_yfW9MvU_w\/videos<\/a><br>Tambi\u00e9n lo pueden encontrar en otras plataformas digitales como Deezer, Apple Music, Itunes, etc.<\/p>\n\n\n\n<p>IG @nimbus.banda<br>FB @nimbus.sma<br>MAIL: nimbus.banda@gmail.com<\/p>\n\n\n\n<p>Entradas Anticipadas $600, el mismo d\u00eda $800.- En venta en la boleteria del Centro Cultural Cotesma.<\/p>\n","protected":false},"excerpt":{"rendered":"<p>El pr\u00f3ximo s\u00e1bado, 27 de agosto a las 21hs, en la Sala Amankay compartiremos una nueva noche musical junto a NIMBUS \u2013 SPACE ROCK y la presentaci\u00f3n de su nuevo \u00e1lbum: \u201cEXPANSI\u00d3N\u201d.NIMBUS es un grupo formado en San Mart\u00edn de los Andes por Wal Cabrera en guitarra y voz, Israel Contreras en sintetizador y voz, Pato Lagazzi en percusi\u00f3n y coros y Vai Sottana en &hellip; <a href=\"https:\/\/cultura.sma.gob.ar\/?p=3774\" class=\"more-link\">Continue reading <span class=\"screen-reader-text\">NIMBUS \u2013 SPACE ROCK presenta su nuevo \u00e1lbum \u201cEXPANSI\u00d3N\u201d<\/span><\/a><\/p>\n","protected":false},"author":1,"featured_media":297,"comment_status":"closed","ping_status":"","sticky":false,"template":"","format":"image","meta":{"footnotes":""},"categories":[2,9],"tags":[],"class_list":["post-3774","post","type-post","status-publish","format-image","has-post-thumbnail","hentry","category-ciudad-cultural","category-ultimas-noticias","post_format-post-format-image"],"_links":{"self":[{"href":"https:\/\/cultura.sma.gob.ar\/index.php?rest_route=\/wp\/v2\/posts\/3774","targetHints":{"allow":["GET"]}}],"collection":[{"href":"https:\/\/cultura.sma.gob.ar\/index.php?rest_route=\/wp\/v2\/posts"}],"about":[{"href":"https:\/\/cultura.sma.gob.ar\/index.php?rest_route=\/wp\/v2\/types\/post"}],"author":[{"embeddable":true,"href":"https:\/\/cultura.sma.gob.ar\/index.php?rest_route=\/wp\/v2\/users\/1"}],"replies":[{"embeddable":true,"href":"https:\/\/cultura.sma.gob.ar\/index.php?rest_route=%2Fwp%2Fv2%2Fcomments&post=3774"}],"version-history":[{"count":1,"href":"https:\/\/cultura.sma.gob.ar\/index.php?rest_route=\/wp\/v2\/posts\/3774\/revisions"}],"predecessor-version":[{"id":3776,"href":"https:\/\/cultura.sma.gob.ar\/index.php?rest_route=\/wp\/v2\/posts\/3774\/revisions\/3776"}],"wp:featuredmedia":[{"embeddable":true,"href":"https:\/\/cultura.sma.gob.ar\/index.php?rest_route=\/wp\/v2\/media\/297"}],"wp:attachment":[{"href":"https:\/\/cultura.sma.gob.ar\/index.php?rest_route=%2Fwp%2Fv2%2Fmedia&parent=3774"}],"wp:term":[{"taxonomy":"category","embeddable":true,"href":"https:\/\/cultura.sma.gob.ar\/index.php?rest_route=%2Fwp%2Fv2%2Fcategories&post=3774"},{"taxonomy":"post_tag","embeddable":true,"href":"https:\/\/cultura.sma.gob.ar\/index.php?rest_route=%2Fwp%2Fv2%2Ftags&post=3774"}],"curies":[{"name":"wp","href":"https:\/\/api.w.org\/{rel}","templated":true}]}}