{"id":3770,"date":"2022-08-19T12:50:34","date_gmt":"2022-08-19T15:50:34","guid":{"rendered":"http:\/\/cultura.sma.gob.ar\/?p=3770"},"modified":"2022-08-19T12:50:34","modified_gmt":"2022-08-19T15:50:34","slug":"hace-un-tiempo-en-la-montana-memoria-y-teatro-en-la-pre-cordillera","status":"publish","type":"post","link":"https:\/\/cultura.sma.gob.ar\/?p=3770","title":{"rendered":"Hace un tiempo en la monta\u00f1a: memoria y teatro en la pre cordillera\u201d"},"content":{"rendered":"\n<figure class=\"wp-block-image size-large\"><img loading=\"lazy\" decoding=\"async\" width=\"1024\" height=\"1024\" src=\"http:\/\/cultura.sma.gob.ar\/wp-content\/uploads\/2022\/08\/Flyer-Neltume-1-jpeg-1024x1024.jpg\" alt=\"\" class=\"wp-image-3771\" srcset=\"https:\/\/cultura.sma.gob.ar\/wp-content\/uploads\/2022\/08\/Flyer-Neltume-1-jpeg-1024x1024.jpg 1024w, https:\/\/cultura.sma.gob.ar\/wp-content\/uploads\/2022\/08\/Flyer-Neltume-1-jpeg-300x300.jpg 300w, https:\/\/cultura.sma.gob.ar\/wp-content\/uploads\/2022\/08\/Flyer-Neltume-1-jpeg-150x150.jpg 150w, https:\/\/cultura.sma.gob.ar\/wp-content\/uploads\/2022\/08\/Flyer-Neltume-1-jpeg-768x768.jpg 768w, https:\/\/cultura.sma.gob.ar\/wp-content\/uploads\/2022\/08\/Flyer-Neltume-1-jpeg-90x90.jpg 90w, https:\/\/cultura.sma.gob.ar\/wp-content\/uploads\/2022\/08\/Flyer-Neltume-1-jpeg.jpg 1080w\" sizes=\"auto, (max-width: 1024px) 100vw, 1024px\" \/><\/figure>\n\n\n\n<p>El pr\u00f3ximo s\u00e1bado, 27 de agosto a las 16:30hs, en la Sala G\u00fcnther Blaas del Centro Cultural Cotesma, el Centro Cultural Museo y Memoria de Neltume, FM Pocahullo y el Parque Nacional Lan\u00edn, presentan las cuatro C\u00e1psulas Audiovisuales \u201cHACE UN TIEMPO EN LA MONTA\u00d1A\u201d.<br>El proyecto \u201cHace un tiempo en la monta\u00f1a: memoria y teatro en la pre cordillera\u201d, busca presentar, a trav\u00e9s de 4 c\u00e1psulas audiovisuales, algunos oficios y roles desarrollados por mujeres y hombres al alero del trabajo maderero.<br>El Centro Cultural Museo y Memoria de Neltume es una organizaci\u00f3n comunitaria que desarrolla un trabajo de recuperaci\u00f3n y puesta en valor de la historia y memorias de la zona pre cordillerana de la regi\u00f3n de los r\u00edos, Chile.<\/p>\n\n\n\n<p>Entrada Libre y Gratuita.<\/p>\n","protected":false},"excerpt":{"rendered":"<p>El pr\u00f3ximo s\u00e1bado, 27 de agosto a las 16:30hs, en la Sala G\u00fcnther Blaas del Centro Cultural Cotesma, el Centro Cultural Museo y Memoria de Neltume, FM Pocahullo y el Parque Nacional Lan\u00edn, presentan las cuatro C\u00e1psulas Audiovisuales \u201cHACE UN TIEMPO EN LA MONTA\u00d1A\u201d.El proyecto \u201cHace un tiempo en la monta\u00f1a: memoria y teatro en la pre cordillera\u201d, busca presentar, a trav\u00e9s de 4 c\u00e1psulas &hellip; <a href=\"https:\/\/cultura.sma.gob.ar\/?p=3770\" class=\"more-link\">Continue reading <span class=\"screen-reader-text\">Hace un tiempo en la monta\u00f1a: memoria y teatro en la pre cordillera\u201d<\/span><\/a><\/p>\n","protected":false},"author":1,"featured_media":297,"comment_status":"closed","ping_status":"","sticky":false,"template":"","format":"image","meta":{"footnotes":""},"categories":[2,9],"tags":[],"class_list":["post-3770","post","type-post","status-publish","format-image","has-post-thumbnail","hentry","category-ciudad-cultural","category-ultimas-noticias","post_format-post-format-image"],"_links":{"self":[{"href":"https:\/\/cultura.sma.gob.ar\/index.php?rest_route=\/wp\/v2\/posts\/3770","targetHints":{"allow":["GET"]}}],"collection":[{"href":"https:\/\/cultura.sma.gob.ar\/index.php?rest_route=\/wp\/v2\/posts"}],"about":[{"href":"https:\/\/cultura.sma.gob.ar\/index.php?rest_route=\/wp\/v2\/types\/post"}],"author":[{"embeddable":true,"href":"https:\/\/cultura.sma.gob.ar\/index.php?rest_route=\/wp\/v2\/users\/1"}],"replies":[{"embeddable":true,"href":"https:\/\/cultura.sma.gob.ar\/index.php?rest_route=%2Fwp%2Fv2%2Fcomments&post=3770"}],"version-history":[{"count":1,"href":"https:\/\/cultura.sma.gob.ar\/index.php?rest_route=\/wp\/v2\/posts\/3770\/revisions"}],"predecessor-version":[{"id":3772,"href":"https:\/\/cultura.sma.gob.ar\/index.php?rest_route=\/wp\/v2\/posts\/3770\/revisions\/3772"}],"wp:featuredmedia":[{"embeddable":true,"href":"https:\/\/cultura.sma.gob.ar\/index.php?rest_route=\/wp\/v2\/media\/297"}],"wp:attachment":[{"href":"https:\/\/cultura.sma.gob.ar\/index.php?rest_route=%2Fwp%2Fv2%2Fmedia&parent=3770"}],"wp:term":[{"taxonomy":"category","embeddable":true,"href":"https:\/\/cultura.sma.gob.ar\/index.php?rest_route=%2Fwp%2Fv2%2Fcategories&post=3770"},{"taxonomy":"post_tag","embeddable":true,"href":"https:\/\/cultura.sma.gob.ar\/index.php?rest_route=%2Fwp%2Fv2%2Ftags&post=3770"}],"curies":[{"name":"wp","href":"https:\/\/api.w.org\/{rel}","templated":true}]}}