{"id":3765,"date":"2022-08-15T15:15:55","date_gmt":"2022-08-15T18:15:55","guid":{"rendered":"http:\/\/cultura.sma.gob.ar\/?p=3765"},"modified":"2022-08-15T15:15:55","modified_gmt":"2022-08-15T18:15:55","slug":"cine-a-la-gorra-la-mula-de-clint-eastwood","status":"publish","type":"post","link":"https:\/\/cultura.sma.gob.ar\/?p=3765","title":{"rendered":"Cine a la gorra: &#8221;La mula&#8221; de Clint Eastwood"},"content":{"rendered":"\n<figure class=\"wp-block-image size-large\"><img loading=\"lazy\" decoding=\"async\" width=\"604\" height=\"340\" src=\"http:\/\/cultura.sma.gob.ar\/wp-content\/uploads\/2022\/08\/The-Mule-Horizontal.jpg\" alt=\"\" class=\"wp-image-3766\" srcset=\"https:\/\/cultura.sma.gob.ar\/wp-content\/uploads\/2022\/08\/The-Mule-Horizontal.jpg 604w, https:\/\/cultura.sma.gob.ar\/wp-content\/uploads\/2022\/08\/The-Mule-Horizontal-300x169.jpg 300w, https:\/\/cultura.sma.gob.ar\/wp-content\/uploads\/2022\/08\/The-Mule-Horizontal-160x90.jpg 160w\" sizes=\"auto, (max-width: 604px) 100vw, 604px\" \/><\/figure>\n\n\n\n<p><a>El jueves, 18 de Agosto a las 20:30hs en la Sala G\u00fcnther Blaas del Centro Cultural Cotesma, continuamos con la 6ta. Temporada de Proyecciones a la gorra. Como los a\u00f1os anteriores, la programaci\u00f3n y la presentaci\u00f3n est\u00e1 a cargo de Guillermo Ianniello, este a\u00f1o a beneficio del Club de Leones San Mart\u00edn de los Andes \u2013 Chapelco.<br>Continuando con el Ciclo N\u00b035 (Quinto de este a\u00f1o), titulado \u201cCLINT EASTWOOD: UN DIRECTOR SINGULAR\u201d, se proyectar\u00e1 \u201cLA MULA\u201d dirigida por Clint Eastwood y protagonizada por&nbsp;el mismo&nbsp;Clint Eastwood, Bradley Cooper, Andy Garc\u00eda&nbsp;y Dianne Wiest.<br><br><\/a><strong><u>\u201cLa Mula\u201d<\/u><\/strong>. (2018-Color)<\/p>\n\n\n\n<p>Sin lugar a dudas, Clint Eastwood es el gran sucesor del cine de John Ford, y aunque \u00e9l mismo haya dedicado su obra m\u00e1s galardonada, \u201cLos Imperdonables\u201d, a sus m\u00e1s importantes maestros, el italiano Sergio Leone y el norteamericano Donald Siegel, esa impronta de cine cl\u00e1sico que ha acompa\u00f1ado toda su obra, tiene sus ra\u00edces en la obra fundacional de Ford.<\/p>\n\n\n\n<p>La Mula es una vuelta a ese cine. Una narraci\u00f3n cl\u00e1sica sin fisuras, con una introducci\u00f3n, un desarrollo en cap\u00edtulos, y un gran final, que protagonizan el propio Eastwood y un sexteto de grandes actores y actrices que le dan apoyo a su actuaci\u00f3n, de hecho, una de las m\u00e1s conmovedoras de toda su larga vida como actor.<\/p>\n\n\n\n<p>No obstante, pese al clasicismo del relato, no es el relato lo que atrapa al espectador sino las m\u00faltiples derivaciones y reflexiones que provoca el mismo film.<\/p>\n\n\n\n<p>Su personaje es un hombre sufrido, un luchador que cree en s\u00ed mismo, se adapta a los cambios, y sigue adelante aunque la sociedad lo margine, lo juzgue, lo culpe y no entienda que este hombre es uno de aquellos que no solo se ha hecho a s\u00ed mismo sino tambi\u00e9n es producto de las circunstancias que ha vivido.<\/p>\n\n\n\n<p>Como en toda su extraordinaria filmograf\u00eda, su personaje vuelve a ser un solitario y que dentro o fuera de la ley siempre busca un sentido de justicia y reconciliaci\u00f3n.<\/p>\n\n\n\n<p>Enorme aporte constituye la presencia de grandes int\u00e9rpretes que secundan a Clint, como son Bradley Cooper y Andy Garc\u00eda. &nbsp;&nbsp;<\/p>\n\n\n\n<p>\u00a1\u00a1Gran pel\u00edcula!!&nbsp; De esas que te dejan pensando, sabiendo que has sido testigo de una obra de arte cin\u00e9fila con profundo significado\u2026<\/p>\n\n\n\n<p>Duraci\u00f3n: 1 h. 56\u2019 \u2013&nbsp;<br><\/p>\n\n\n\n<p>******************************************************************************************** &nbsp;&nbsp;<\/p>\n\n\n\n<p>Este Ciclo comprende tambi\u00e9n la siguiente pel\u00edcula:<\/p>\n\n\n\n<p>Jueves 25: Francotirador Americano<\/p>\n\n\n\n<p>*********************************************<\/p>\n","protected":false},"excerpt":{"rendered":"<p>El jueves, 18 de Agosto a las 20:30hs en la Sala G\u00fcnther Blaas del Centro Cultural Cotesma, continuamos con la 6ta. Temporada de Proyecciones a la gorra. Como los a\u00f1os anteriores, la programaci\u00f3n y la presentaci\u00f3n est\u00e1 a cargo de Guillermo Ianniello, este a\u00f1o a beneficio del Club de Leones San Mart\u00edn de los Andes \u2013 Chapelco.Continuando con el Ciclo N\u00b035 (Quinto de este a\u00f1o), &hellip; <a href=\"https:\/\/cultura.sma.gob.ar\/?p=3765\" class=\"more-link\">Continue reading <span class=\"screen-reader-text\">Cine a la gorra: &#8221;La mula&#8221; de Clint Eastwood<\/span><\/a><\/p>\n","protected":false},"author":1,"featured_media":297,"comment_status":"closed","ping_status":"","sticky":false,"template":"","format":"image","meta":{"footnotes":""},"categories":[2,9],"tags":[],"class_list":["post-3765","post","type-post","status-publish","format-image","has-post-thumbnail","hentry","category-ciudad-cultural","category-ultimas-noticias","post_format-post-format-image"],"_links":{"self":[{"href":"https:\/\/cultura.sma.gob.ar\/index.php?rest_route=\/wp\/v2\/posts\/3765","targetHints":{"allow":["GET"]}}],"collection":[{"href":"https:\/\/cultura.sma.gob.ar\/index.php?rest_route=\/wp\/v2\/posts"}],"about":[{"href":"https:\/\/cultura.sma.gob.ar\/index.php?rest_route=\/wp\/v2\/types\/post"}],"author":[{"embeddable":true,"href":"https:\/\/cultura.sma.gob.ar\/index.php?rest_route=\/wp\/v2\/users\/1"}],"replies":[{"embeddable":true,"href":"https:\/\/cultura.sma.gob.ar\/index.php?rest_route=%2Fwp%2Fv2%2Fcomments&post=3765"}],"version-history":[{"count":1,"href":"https:\/\/cultura.sma.gob.ar\/index.php?rest_route=\/wp\/v2\/posts\/3765\/revisions"}],"predecessor-version":[{"id":3767,"href":"https:\/\/cultura.sma.gob.ar\/index.php?rest_route=\/wp\/v2\/posts\/3765\/revisions\/3767"}],"wp:featuredmedia":[{"embeddable":true,"href":"https:\/\/cultura.sma.gob.ar\/index.php?rest_route=\/wp\/v2\/media\/297"}],"wp:attachment":[{"href":"https:\/\/cultura.sma.gob.ar\/index.php?rest_route=%2Fwp%2Fv2%2Fmedia&parent=3765"}],"wp:term":[{"taxonomy":"category","embeddable":true,"href":"https:\/\/cultura.sma.gob.ar\/index.php?rest_route=%2Fwp%2Fv2%2Fcategories&post=3765"},{"taxonomy":"post_tag","embeddable":true,"href":"https:\/\/cultura.sma.gob.ar\/index.php?rest_route=%2Fwp%2Fv2%2Ftags&post=3765"}],"curies":[{"name":"wp","href":"https:\/\/api.w.org\/{rel}","templated":true}]}}