{"id":3761,"date":"2022-08-15T15:05:28","date_gmt":"2022-08-15T18:05:28","guid":{"rendered":"http:\/\/cultura.sma.gob.ar\/?p=3761"},"modified":"2022-08-15T15:05:28","modified_gmt":"2022-08-15T18:05:28","slug":"desmontar-la-maquina-documental-sobre-salud-mental-comunitaria","status":"publish","type":"post","link":"https:\/\/cultura.sma.gob.ar\/?p=3761","title":{"rendered":"&#8221;Desmontar la m\u00e1quina&#8221;: Documental sobre salud mental comunitaria"},"content":{"rendered":"\n<figure class=\"wp-block-image size-large\"><img loading=\"lazy\" decoding=\"async\" width=\"665\" height=\"804\" src=\"http:\/\/cultura.sma.gob.ar\/wp-content\/uploads\/2022\/08\/Flyer-Desmontar-la-maquina.jpeg\" alt=\"\" class=\"wp-image-3762\" srcset=\"https:\/\/cultura.sma.gob.ar\/wp-content\/uploads\/2022\/08\/Flyer-Desmontar-la-maquina.jpeg 665w, https:\/\/cultura.sma.gob.ar\/wp-content\/uploads\/2022\/08\/Flyer-Desmontar-la-maquina-248x300.jpeg 248w, https:\/\/cultura.sma.gob.ar\/wp-content\/uploads\/2022\/08\/Flyer-Desmontar-la-maquina-74x90.jpeg 74w\" sizes=\"auto, (max-width: 665px) 100vw, 665px\" \/><\/figure>\n\n\n\n<p>El pr\u00f3ximo martes, 30 de agosto a las 19hs, en el Centro Cultural Cotesma, compartiremos la proyecci\u00f3n del documental \u201cDESMONTAR LA M\u00c1QUINA\u201d, organizada por trabajadores del Servicio de Salud Mental y Trabajo Social del Hospital Ram\u00f3n Carrillo de San Martin de los Andes.<\/p>\n\n\n\n<p>Luego de la proyecci\u00f3n, se der\u00e1 una instancia de reflexi\u00f3n y debate junto a Francisco Diaz, director de la obra y Marcela Botinelli, directora del equipo de investigaci\u00f3n.<\/p>\n\n\n\n<p>La actividad, declarada de Inter\u00e9s Municipal por el Consejo Deliberante se la localidad de San Martin de los Andes, es abierta a la comunidad con entrada libre y gratuita.<\/p>\n\n\n\n<p>Acompa\u00f1an el Colegio Profesional de Trabajo Social de Neuqu\u00e9n y Colegio de Psic\u00f3logxs de Neuqu\u00e9n Distrito V.&nbsp;<\/p>\n\n\n\n<p>Sinopsis<\/p>\n\n\n\n<p>\u201cDesmontar La M\u00e1quina\u201d es un documental que visibiliza las consignas pendientes a 10 a\u00f1os de la sanci\u00f3n de la Ley Nacional de Salud Mental, pero tambi\u00e9n pone en valor las conquistas y el entramado territorial federal que se profundiz\u00f3 a partir de ella.<\/p>\n\n\n\n<p>Una pluralidad de voces de actores del campo de la salud mental expresa la necesidad de desarmar viejos modelos coloniales de formaci\u00f3n para centrar la pr\u00e1ctica en las necesidades del territorio, la potencia de la comunidad y en recuperar la memoria, nuestras experiencias y referentes.<\/p>\n\n\n\n<p>Desarmar las viejas estructuras, categor\u00edas y l\u00f3gicas estigmatizantes para trabajar en base al deseo y las necesidades de las personas con padecimiento mental.<\/p>\n\n\n\n<p>El documental recupera la voz de gestores, acad\u00e9micos, estudiantes, profesionales y de las personas usuarias de salud mental, cuyos reclamos son los de todos: sentirse acompa\u00f1ados, producir v\u00ednculos basados en la empat\u00eda, no ser cruelmente maltratados, y b\u00e1sicamente que se cumplan y respeten sus derechos.<\/p>\n\n\n\n<p>M\u00e1s all\u00e1 de la ley se vislumbra que la salud mental es comunitaria y democr\u00e1tica.<\/p>\n\n\n\n<p>\u00bfC\u00f3mo se desmantela entonces la l\u00f3gica manicomial como dispositivo de relaci\u00f3n humana? La pel\u00edcula lo plantea conceptual y visualmente: hay que salir de las instituciones, hay que ser en comunidad, hay que \u201cDesmontar La M\u00e1quina\u201d.<\/p>\n\n\n\n<p>Biograf\u00eda del Director:<\/p>\n\n\n\n<p>Docente e investigador. Licenciado en Audiovisi\u00f3n. En mi tesis final de grado en 2006 me propuse reflejar el proceso de acceso a la vivienda en un barrio empobrecido del conurbano bonaerense en el corto documental \u201cLas Flores\u201d.<\/p>\n\n\n\n<p>Desde entonces trabajo en la articulaci\u00f3n de procesos de producci\u00f3n audiovisual vinculados a proyectos de investigaci\u00f3n social. En 2009 realic\u00e9 el mediometraje documental \u201cLa ENTO. Un documental sobre la creaci\u00f3n de la Escuela Nacional de Terapia Ocupacional\u201d que recupera el surgimiento de la TO en Argentina; y en 2011 \u201cPalabras Mayores\u201d en el marco de una beca de investigaci\u00f3n \u201cCarrillo-O\u00f1ativia\u201d del Ministerio de Salud de la Naci\u00f3n para la formaci\u00f3n de profesionales de la salud con Personas Mayores.<\/p>\n\n\n\n<p>Desde 2015 trabajo en el equipo dirigido por Marcela Bottinelli en diversidad de abordajes metodol\u00f3gicos en torno a la implementaci\u00f3n de la Ley Nacional de Salud Mental, registrando los obst\u00e1culos, desaf\u00edos, tensiones y logros en torno a la Ley y la formaci\u00f3n de profesionales en el \u00e1rea. \u201cDesmontar la M\u00e1quina\u201d expresa la potencia de estos a\u00f1os de trabajo.<\/p>\n\n\n\n<p>Informaci\u00f3n T\u00e9cnica<\/p>\n\n\n\n<p>(2022) \/ 80 min \/ 16:9 \/ Full HD \/ Color \/ Argentina<\/p>\n\n\n\n<p>Reparto y Equipo T\u00e9cnico<\/p>\n\n\n\n<p>Protagonistas: Elena de la Aldea, Emiliano Galende, Marcela Freytes Frey, Graciela Zald\u00faa, Mar\u00eda Teresa Lodieu, Iris Valles, Alicia Stolkiner,<\/p>\n\n\n\n<p>Director: Francisco D\u00edaz<\/p>\n\n\n\n<p>Gui\u00f3n: Francisco D\u00edaz \u2013 Gustavo Gersberg<\/p>\n\n\n\n<p>Investigaci\u00f3n: Ana Cecilia Garz\u00f3n \u2013 Francisco D\u00edaz<\/p>\n\n\n\n<p>Direcci\u00f3n de Investigaci\u00f3n: Mar\u00eda Marcela Bottinelli \u2013 Mariela Nabergoi<\/p>\n\n\n\n<p>Animaci\u00f3n: Lara Gonz\u00e1lez Correcci\u00f3n de Color: Andr\u00e9s Arbit Edici\u00f3n de sonido: Marcela Turjanski M\u00fasica Original: Mariano Pirato<\/p>\n","protected":false},"excerpt":{"rendered":"<p>El pr\u00f3ximo martes, 30 de agosto a las 19hs, en el Centro Cultural Cotesma, compartiremos la proyecci\u00f3n del documental \u201cDESMONTAR LA M\u00c1QUINA\u201d, organizada por trabajadores del Servicio de Salud Mental y Trabajo Social del Hospital Ram\u00f3n Carrillo de San Martin de los Andes. Luego de la proyecci\u00f3n, se der\u00e1 una instancia de reflexi\u00f3n y debate junto a Francisco Diaz, director de la obra y Marcela &hellip; <a href=\"https:\/\/cultura.sma.gob.ar\/?p=3761\" class=\"more-link\">Continue reading <span class=\"screen-reader-text\">&#8221;Desmontar la m\u00e1quina&#8221;: Documental sobre salud mental comunitaria<\/span><\/a><\/p>\n","protected":false},"author":1,"featured_media":297,"comment_status":"closed","ping_status":"","sticky":false,"template":"","format":"image","meta":{"footnotes":""},"categories":[2,9],"tags":[],"class_list":["post-3761","post","type-post","status-publish","format-image","has-post-thumbnail","hentry","category-ciudad-cultural","category-ultimas-noticias","post_format-post-format-image"],"_links":{"self":[{"href":"https:\/\/cultura.sma.gob.ar\/index.php?rest_route=\/wp\/v2\/posts\/3761","targetHints":{"allow":["GET"]}}],"collection":[{"href":"https:\/\/cultura.sma.gob.ar\/index.php?rest_route=\/wp\/v2\/posts"}],"about":[{"href":"https:\/\/cultura.sma.gob.ar\/index.php?rest_route=\/wp\/v2\/types\/post"}],"author":[{"embeddable":true,"href":"https:\/\/cultura.sma.gob.ar\/index.php?rest_route=\/wp\/v2\/users\/1"}],"replies":[{"embeddable":true,"href":"https:\/\/cultura.sma.gob.ar\/index.php?rest_route=%2Fwp%2Fv2%2Fcomments&post=3761"}],"version-history":[{"count":1,"href":"https:\/\/cultura.sma.gob.ar\/index.php?rest_route=\/wp\/v2\/posts\/3761\/revisions"}],"predecessor-version":[{"id":3763,"href":"https:\/\/cultura.sma.gob.ar\/index.php?rest_route=\/wp\/v2\/posts\/3761\/revisions\/3763"}],"wp:featuredmedia":[{"embeddable":true,"href":"https:\/\/cultura.sma.gob.ar\/index.php?rest_route=\/wp\/v2\/media\/297"}],"wp:attachment":[{"href":"https:\/\/cultura.sma.gob.ar\/index.php?rest_route=%2Fwp%2Fv2%2Fmedia&parent=3761"}],"wp:term":[{"taxonomy":"category","embeddable":true,"href":"https:\/\/cultura.sma.gob.ar\/index.php?rest_route=%2Fwp%2Fv2%2Fcategories&post=3761"},{"taxonomy":"post_tag","embeddable":true,"href":"https:\/\/cultura.sma.gob.ar\/index.php?rest_route=%2Fwp%2Fv2%2Ftags&post=3761"}],"curies":[{"name":"wp","href":"https:\/\/api.w.org\/{rel}","templated":true}]}}