{"id":3755,"date":"2022-08-12T07:45:00","date_gmt":"2022-08-12T10:45:00","guid":{"rendered":"http:\/\/cultura.sma.gob.ar\/?p=3755"},"modified":"2022-08-11T20:27:47","modified_gmt":"2022-08-11T23:27:47","slug":"la-secretaria-de-cultura-y-educacion-anuncia-al-ganador-del-concurso-de-arte-publico-bandurria-austral-ave-simbolo","status":"publish","type":"post","link":"https:\/\/cultura.sma.gob.ar\/?p=3755","title":{"rendered":"La Secretar\u00eda de Cultura y Educaci\u00f3n anuncia al ganador del concurso de arte p\u00fablico \u201cBandurria Austral.  Ave s\u00edmbolo\u201d"},"content":{"rendered":"\n<figure class=\"wp-block-image size-large\"><img loading=\"lazy\" decoding=\"async\" width=\"1024\" height=\"778\" src=\"http:\/\/cultura.sma.gob.ar\/wp-content\/uploads\/2022\/08\/Bandurria-Vilchez-1024x778.jpg\" alt=\"\" class=\"wp-image-3756\" srcset=\"https:\/\/cultura.sma.gob.ar\/wp-content\/uploads\/2022\/08\/Bandurria-Vilchez-1024x778.jpg 1024w, https:\/\/cultura.sma.gob.ar\/wp-content\/uploads\/2022\/08\/Bandurria-Vilchez-300x228.jpg 300w, https:\/\/cultura.sma.gob.ar\/wp-content\/uploads\/2022\/08\/Bandurria-Vilchez-768x583.jpg 768w, https:\/\/cultura.sma.gob.ar\/wp-content\/uploads\/2022\/08\/Bandurria-Vilchez-119x90.jpg 119w, https:\/\/cultura.sma.gob.ar\/wp-content\/uploads\/2022\/08\/Bandurria-Vilchez.jpg 1264w\" sizes=\"auto, (max-width: 1024px) 100vw, 1024px\" \/><\/figure>\n\n\n\n<p>El proyecto seleccionado pertenece al artista Jorge Vilchez, cuya obra deber\u00e1 concretarse dentro de los pr\u00f3ximos 3 meses.<br>El jurado estuvo compuesto por Mar\u00eda Cecilia (en representaci\u00f3n de la red de aves), el profesor Gabriel Chamorro (en representaci\u00f3n de la secretar\u00eda de Cultura y Educaci\u00f3n) y la profesora Roxana Fraticola (como escultora).<\/p>\n\n\n\n<p><strong>Mar\u00eda Cecilia<\/strong><br>Rescatista de aves urbanas y silvestres por 8 a\u00f1os, Estudiante de Espacios Verdes, Gu\u00eda de MTB, Fundadora del grupo Por Amor a las Aves que cuenta actualmente con 1822 miembros de la localidad, del pa\u00eds y del Mundo.\u00a0<br>Actualmente el mismo funciona para informaci\u00f3n general sobre el cuidado de las aves y su entorno, adem\u00e1s de dar charlas en las escuelas primarias sobre el cuidado de las mismas.<br>Contando con la ayuda de su familia, ha rescatado en San Mart\u00edn de los Andes a cerca de 1200 aves. Ferviente luchadora de los derechos de los animales y la naturaleza, divulgando a trav\u00e9s de su grupo y de los medios de comunicaci\u00f3n.<\/p>\n\n\n\n<p><strong>Gabriel Chamorro<\/strong><br>Egresa de la Academia de Artes y decide ejercer su profesi\u00f3n en San Mart\u00edn de los Andes desde 1980. Hasta la actualidad dicta clases de dibujo y pintura en forma particular, charlas y seminarios de historia del arte.<br>Realiz\u00f3 exposiciones individuales y colectivas a nivel local, regional y nacional y particip\u00f3 en varios salones, obteniendo algunos premios y menciones. Se form\u00f3 con Horacio Bollini y con el prof. Dr. Claudio Haelterman. Particip\u00f3 en las cl\u00ednicas de obra de Neuqu\u00e9n Art Boomerang, dictadas por el curador Arq. Daniel Fischer, Florencia Battiti y Cecilia Rabossi. Tambi\u00e9n se form\u00f3 con los curadores Rodrigo Alonso y Claudio Iglesias. Se capacit\u00f3 en Patrimonio, Museos y Turismo con el Lic. Carlos Guillermo Fernandez Balboa.<br>Del 2013 al 2015 ocup\u00f3 el cargo de subsecretario de Cultura. Luego asume la direcci\u00f3n del Teatro San Jos\u00e9 hasta el a\u00f1o 2018.<\/p>\n\n\n\n<p><strong>Roxana Fraticola<\/strong><br>Naci\u00f3 en la Ciudad de Buenos Aires y actualmente vive en Jun\u00edn de los Andes, Provincia del Neuqu\u00e9n. Realiz\u00f3 el Profesorado de Pintura en la Escuela Nacional de Bella Artes Prilidiano Pueyrred\u00f3n y el Profesorado Superior especialidad Pintura Mural en la Escuela Superior de Bellas Artes Ernesto de la C\u00e1rcova. Es Licenciada en Educaci\u00f3n egresada de la Universidad Nacional de Quilmes y est\u00e1 finalizando el Doctorado en Educaci\u00f3n de la Facultad de Ciencias de la Educaci\u00f3n, Universidad Nacional del Comahue.<\/p>\n\n\n\n<p>Durante 10 a\u00f1os fue ayudante de taller del pintor y escultor Ponciano C\u00e1rdenas. Como docente en el \u00e1rea art\u00edstica trabaj\u00f3 en los tres niveles del sistema educativo, y en forma particular brind\u00f3 seminarios de Historia del Arte, T\u00e9cnica y Composici\u00f3n, T\u00e9cnicas de Escultura y El Uso del Poli\u00e9ster y la Silicona en la Escultura.\u00a0<br>Realiz\u00f3 numerosas muestras en Argentina, Brasil y USA y trabaj\u00f3 en el proyecto escult\u00f3rico del Via Christi de la Ciudad de Jun\u00edn de los Andes, realizando el bajorrelieve de la estaci\u00f3n \u201cLos peces y los panes\u201d.<\/p>\n","protected":false},"excerpt":{"rendered":"<p>El proyecto seleccionado pertenece al artista Jorge Vilchez, cuya obra deber\u00e1 concretarse dentro de los pr\u00f3ximos 3 meses.El jurado estuvo compuesto por Mar\u00eda Cecilia (en representaci\u00f3n de la red de aves), el profesor Gabriel Chamorro (en representaci\u00f3n de la secretar\u00eda de Cultura y Educaci\u00f3n) y la profesora Roxana Fraticola (como escultora). Mar\u00eda CeciliaRescatista de aves urbanas y silvestres por 8 a\u00f1os, Estudiante de Espacios Verdes, &hellip; <a href=\"https:\/\/cultura.sma.gob.ar\/?p=3755\" class=\"more-link\">Continue reading <span class=\"screen-reader-text\">La Secretar\u00eda de Cultura y Educaci\u00f3n anuncia al ganador del concurso de arte p\u00fablico \u201cBandurria Austral.  Ave s\u00edmbolo\u201d<\/span><\/a><\/p>\n","protected":false},"author":1,"featured_media":0,"comment_status":"closed","ping_status":"","sticky":false,"template":"","format":"image","meta":{"footnotes":""},"categories":[6,9],"tags":[],"class_list":["post-3755","post","type-post","status-publish","format-image","hentry","category-sala-lidaura-chapitel","category-ultimas-noticias","post_format-post-format-image"],"_links":{"self":[{"href":"https:\/\/cultura.sma.gob.ar\/index.php?rest_route=\/wp\/v2\/posts\/3755","targetHints":{"allow":["GET"]}}],"collection":[{"href":"https:\/\/cultura.sma.gob.ar\/index.php?rest_route=\/wp\/v2\/posts"}],"about":[{"href":"https:\/\/cultura.sma.gob.ar\/index.php?rest_route=\/wp\/v2\/types\/post"}],"author":[{"embeddable":true,"href":"https:\/\/cultura.sma.gob.ar\/index.php?rest_route=\/wp\/v2\/users\/1"}],"replies":[{"embeddable":true,"href":"https:\/\/cultura.sma.gob.ar\/index.php?rest_route=%2Fwp%2Fv2%2Fcomments&post=3755"}],"version-history":[{"count":3,"href":"https:\/\/cultura.sma.gob.ar\/index.php?rest_route=\/wp\/v2\/posts\/3755\/revisions"}],"predecessor-version":[{"id":3759,"href":"https:\/\/cultura.sma.gob.ar\/index.php?rest_route=\/wp\/v2\/posts\/3755\/revisions\/3759"}],"wp:attachment":[{"href":"https:\/\/cultura.sma.gob.ar\/index.php?rest_route=%2Fwp%2Fv2%2Fmedia&parent=3755"}],"wp:term":[{"taxonomy":"category","embeddable":true,"href":"https:\/\/cultura.sma.gob.ar\/index.php?rest_route=%2Fwp%2Fv2%2Fcategories&post=3755"},{"taxonomy":"post_tag","embeddable":true,"href":"https:\/\/cultura.sma.gob.ar\/index.php?rest_route=%2Fwp%2Fv2%2Ftags&post=3755"}],"curies":[{"name":"wp","href":"https:\/\/api.w.org\/{rel}","templated":true}]}}