{"id":3752,"date":"2022-08-15T09:00:26","date_gmt":"2022-08-15T12:00:26","guid":{"rendered":"http:\/\/cultura.sma.gob.ar\/?p=3752"},"modified":"2022-08-10T12:30:21","modified_gmt":"2022-08-10T15:30:21","slug":"extraordinaria-oportunidad-de-capacitarse-en-gestion-cultural-a-cargo-de-los-expertos-hector-olmos-y-paula-tassone","status":"publish","type":"post","link":"https:\/\/cultura.sma.gob.ar\/?p=3752","title":{"rendered":"Extraordinaria oportunidad de capacitarse en Gesti\u00f3n Cultural a cargo de los expertos H\u00e9ctor Olmos y Paula Tassone"},"content":{"rendered":"\n<figure class=\"wp-block-image size-large\"><img loading=\"lazy\" decoding=\"async\" width=\"1024\" height=\"1024\" src=\"http:\/\/cultura.sma.gob.ar\/wp-content\/uploads\/2022\/08\/capacitacion-gestion-cultural-02-2-1024x1024.jpg\" alt=\"\" class=\"wp-image-3753\" srcset=\"https:\/\/cultura.sma.gob.ar\/wp-content\/uploads\/2022\/08\/capacitacion-gestion-cultural-02-2-1024x1024.jpg 1024w, https:\/\/cultura.sma.gob.ar\/wp-content\/uploads\/2022\/08\/capacitacion-gestion-cultural-02-2-300x300.jpg 300w, https:\/\/cultura.sma.gob.ar\/wp-content\/uploads\/2022\/08\/capacitacion-gestion-cultural-02-2-150x150.jpg 150w, https:\/\/cultura.sma.gob.ar\/wp-content\/uploads\/2022\/08\/capacitacion-gestion-cultural-02-2-768x768.jpg 768w, https:\/\/cultura.sma.gob.ar\/wp-content\/uploads\/2022\/08\/capacitacion-gestion-cultural-02-2-1536x1536.jpg 1536w, https:\/\/cultura.sma.gob.ar\/wp-content\/uploads\/2022\/08\/capacitacion-gestion-cultural-02-2-90x90.jpg 90w, https:\/\/cultura.sma.gob.ar\/wp-content\/uploads\/2022\/08\/capacitacion-gestion-cultural-02-2.jpg 1875w\" sizes=\"auto, (max-width: 1024px) 100vw, 1024px\" \/><\/figure>\n\n\n\n<p>Llega a San Mart\u00edn de los Andes una oportunidad \u00fanica de formaci\u00f3n para gestores y gestoras culturales. Se trata del Seminario-Taller \u201cCULTURA, TERRITORIO Y GESTI\u00d3N\u201d, a cargo de H\u00e9ctor Olmos, uno de los profesores de gesti\u00f3n cultural con mayor reconocimiento en Am\u00e9rica Latina, y de Paula Tassone, experta en patrimonio.<\/p>\n\n\n\n<p>La capacitaci\u00f3n se organiza en dos m\u00f3dulos: el primero se ofrecer\u00e1 el viernes 26 y s\u00e1bado 27 de agosto, desde las 9:30 hasta las 15:00 hs, en la Biblioteca Popular 9 de Julio (Gral. Roca 1223).<\/p>\n\n\n\n<p>El segundo m\u00f3dulo se desarrollar\u00e1 en el mismo lugar y horarios, los d\u00edas 28 y 29 de octubre.<\/p>\n\n\n\n<p>La capacitaci\u00f3n, organizada por la Secretar\u00eda Municipal de Cultura y COPADE, es gratuita, y los cupos de participaci\u00f3n son limitados. Para inscribirte env\u00edanos un WhatsApp al 2944212937 o llam\u00e1 al 424-804.<\/p>\n","protected":false},"excerpt":{"rendered":"<p>Llega a San Mart\u00edn de los Andes una oportunidad \u00fanica de formaci\u00f3n para gestores y gestoras culturales. Se trata del Seminario-Taller \u201cCULTURA, TERRITORIO Y GESTI\u00d3N\u201d, a cargo de H\u00e9ctor Olmos, uno de los profesores de gesti\u00f3n cultural con mayor reconocimiento en Am\u00e9rica Latina, y de Paula Tassone, experta en patrimonio. La capacitaci\u00f3n se organiza en dos m\u00f3dulos: el primero se ofrecer\u00e1 el viernes 26 y &hellip; <a href=\"https:\/\/cultura.sma.gob.ar\/?p=3752\" class=\"more-link\">Continue reading <span class=\"screen-reader-text\">Extraordinaria oportunidad de capacitarse en Gesti\u00f3n Cultural a cargo de los expertos H\u00e9ctor Olmos y Paula Tassone<\/span><\/a><\/p>\n","protected":false},"author":1,"featured_media":293,"comment_status":"closed","ping_status":"","sticky":false,"template":"","format":"image","meta":{"footnotes":""},"categories":[7,9],"tags":[],"class_list":["post-3752","post","type-post","status-publish","format-image","has-post-thumbnail","hentry","category-talleres-cultura","category-ultimas-noticias","post_format-post-format-image"],"_links":{"self":[{"href":"https:\/\/cultura.sma.gob.ar\/index.php?rest_route=\/wp\/v2\/posts\/3752","targetHints":{"allow":["GET"]}}],"collection":[{"href":"https:\/\/cultura.sma.gob.ar\/index.php?rest_route=\/wp\/v2\/posts"}],"about":[{"href":"https:\/\/cultura.sma.gob.ar\/index.php?rest_route=\/wp\/v2\/types\/post"}],"author":[{"embeddable":true,"href":"https:\/\/cultura.sma.gob.ar\/index.php?rest_route=\/wp\/v2\/users\/1"}],"replies":[{"embeddable":true,"href":"https:\/\/cultura.sma.gob.ar\/index.php?rest_route=%2Fwp%2Fv2%2Fcomments&post=3752"}],"version-history":[{"count":1,"href":"https:\/\/cultura.sma.gob.ar\/index.php?rest_route=\/wp\/v2\/posts\/3752\/revisions"}],"predecessor-version":[{"id":3754,"href":"https:\/\/cultura.sma.gob.ar\/index.php?rest_route=\/wp\/v2\/posts\/3752\/revisions\/3754"}],"wp:featuredmedia":[{"embeddable":true,"href":"https:\/\/cultura.sma.gob.ar\/index.php?rest_route=\/wp\/v2\/media\/293"}],"wp:attachment":[{"href":"https:\/\/cultura.sma.gob.ar\/index.php?rest_route=%2Fwp%2Fv2%2Fmedia&parent=3752"}],"wp:term":[{"taxonomy":"category","embeddable":true,"href":"https:\/\/cultura.sma.gob.ar\/index.php?rest_route=%2Fwp%2Fv2%2Fcategories&post=3752"},{"taxonomy":"post_tag","embeddable":true,"href":"https:\/\/cultura.sma.gob.ar\/index.php?rest_route=%2Fwp%2Fv2%2Ftags&post=3752"}],"curies":[{"name":"wp","href":"https:\/\/api.w.org\/{rel}","templated":true}]}}