{"id":3744,"date":"2022-08-07T16:58:11","date_gmt":"2022-08-07T19:58:11","guid":{"rendered":"http:\/\/cultura.sma.gob.ar\/?p=3744"},"modified":"2022-08-07T16:59:23","modified_gmt":"2022-08-07T19:59:23","slug":"presentacion-del-libro-de-jorge-ferreriacontame-todo-papa","status":"publish","type":"post","link":"https:\/\/cultura.sma.gob.ar\/?p=3744","title":{"rendered":"Presentaci\u00f3n del Libro de Jorge Ferrer\u00eda: &#8221;Contame todo, pap\u00e1&#8221;"},"content":{"rendered":"\n<figure class=\"wp-block-image size-large\"><img loading=\"lazy\" decoding=\"async\" width=\"500\" height=\"736\" src=\"http:\/\/cultura.sma.gob.ar\/wp-content\/uploads\/2022\/08\/Jorge-Ferreria-Vertical.jpg\" alt=\"\" class=\"wp-image-3745\" srcset=\"https:\/\/cultura.sma.gob.ar\/wp-content\/uploads\/2022\/08\/Jorge-Ferreria-Vertical.jpg 500w, https:\/\/cultura.sma.gob.ar\/wp-content\/uploads\/2022\/08\/Jorge-Ferreria-Vertical-204x300.jpg 204w, https:\/\/cultura.sma.gob.ar\/wp-content\/uploads\/2022\/08\/Jorge-Ferreria-Vertical-61x90.jpg 61w\" sizes=\"auto, (max-width: 500px) 100vw, 500px\" \/><\/figure>\n\n\n\n<p>El pr\u00f3ximo s\u00e1bado, 03 de Septiembre a las 18:30hs en la Sala G\u00fcnther Blaas del Centro Cultural Cotesma, Jorge Ferrer\u00eda presentar\u00e1 su libro \u201cContame todo, pap\u00e1\u201d, segunda novela de su autor\u00eda que presenta en nuestra sala.<\/p>\n\n\n\n<p>La velada contar\u00e1 adem\u00e1s de la presentaci\u00f3n del libro y las palabras del autor, con m\u00fasica en vivo para amenizar la jornada.<\/p>\n\n\n\n<p>Contratapa para \u201cContame todo, pap\u00e1\u201d de Jorge Ferrer\u00eda, por&nbsp;&nbsp;&nbsp;&nbsp;&nbsp;&nbsp;&nbsp;&nbsp;&nbsp; Mar\u00eda Amelia Bustos Fern\u00e1ndez<\/p>\n\n\n\n<p><em>\u201cEn Contame todo, pap\u00e1, Jorge Ferrer\u00eda juega con una memoria emotiva que le permite establecer l\u00edneas de articulaci\u00f3n con su primera novela, El olor de sus tostadas (2016) y organizar una nueva historia que, al tiempo que le hace justicia al pasado, lo transforma.&nbsp; Los libros, se sabe, no son cajas de Pandora ni revelaciones absolutas, son indicios para narrar aquello de lo que pocos quieren hablar, ni siquiera los personajes de este libro. S\u00f3lo Mar\u00eda reclama en la novela: \u201cContame todo, pap\u00e1\u201d. En la escritura, en la carnadura de cada di\u00e1logo, en las zonas intersticiales de los relatos es donde el lector podr\u00e1 leer lo no dicho.&nbsp; La historia de los personajes se demora en aparecer pues lleva por herencia un modo de decir que es un modo de callar. Romper el silencio cuesta y duele. De all\u00ed la apelaci\u00f3n tanto a la historia de Cirilo, el cual: \u201cdistra\u00eddo, mira para atr\u00e1s\u201d, como a los momentos de conversaci\u00f3n ininterrumpida que escanden el tiempo de la vida desplegado.&nbsp; El relato salta de tiempo en tiempo, de la realidad a la ficci\u00f3n y pone en evidencia que cada uno puede inventarse la historia como m\u00e1s le cuadre. De all\u00ed que, en la novela, el marinero de la meseta \u00e1rida (un tal Cirilo, objeto del relato de Eusebio Taquimil\u00e1n) realiza lo imposible de hacer, pero no de imaginar: nace al rev\u00e9s. Leer esta novela es verificar cu\u00e1n a la mano est\u00e1n los momentos de encuentro con el otro y cu\u00e1n poco se necesita para evaluar el arrojo y la lucha por una buena vida, de aquellos que nos precedieron y de los que hoy levantan el guante e inquietan el presente.\u201d<\/em><\/p>\n\n\n\n<p>Entrada Libre y Gratuita.<\/p>\n\n\n\n<figure class=\"wp-block-image size-large\"><img loading=\"lazy\" decoding=\"async\" width=\"1024\" height=\"711\" src=\"http:\/\/cultura.sma.gob.ar\/wp-content\/uploads\/2022\/08\/Contame-todo-papa-Jorge-Ferreria-jpeg-1024x711.jpg\" alt=\"\" class=\"wp-image-3746\" srcset=\"https:\/\/cultura.sma.gob.ar\/wp-content\/uploads\/2022\/08\/Contame-todo-papa-Jorge-Ferreria-jpeg-1024x711.jpg 1024w, https:\/\/cultura.sma.gob.ar\/wp-content\/uploads\/2022\/08\/Contame-todo-papa-Jorge-Ferreria-jpeg-300x208.jpg 300w, https:\/\/cultura.sma.gob.ar\/wp-content\/uploads\/2022\/08\/Contame-todo-papa-Jorge-Ferreria-jpeg-768x534.jpg 768w, https:\/\/cultura.sma.gob.ar\/wp-content\/uploads\/2022\/08\/Contame-todo-papa-Jorge-Ferreria-jpeg-1536x1067.jpg 1536w, https:\/\/cultura.sma.gob.ar\/wp-content\/uploads\/2022\/08\/Contame-todo-papa-Jorge-Ferreria-jpeg-130x90.jpg 130w, https:\/\/cultura.sma.gob.ar\/wp-content\/uploads\/2022\/08\/Contame-todo-papa-Jorge-Ferreria-jpeg.jpg 1913w\" sizes=\"auto, (max-width: 1024px) 100vw, 1024px\" \/><\/figure>\n","protected":false},"excerpt":{"rendered":"<p>El pr\u00f3ximo s\u00e1bado, 03 de Septiembre a las 18:30hs en la Sala G\u00fcnther Blaas del Centro Cultural Cotesma, Jorge Ferrer\u00eda presentar\u00e1 su libro \u201cContame todo, pap\u00e1\u201d, segunda novela de su autor\u00eda que presenta en nuestra sala. La velada contar\u00e1 adem\u00e1s de la presentaci\u00f3n del libro y las palabras del autor, con m\u00fasica en vivo para amenizar la jornada. Contratapa para \u201cContame todo, pap\u00e1\u201d de Jorge &hellip; <a href=\"https:\/\/cultura.sma.gob.ar\/?p=3744\" class=\"more-link\">Continue reading <span class=\"screen-reader-text\">Presentaci\u00f3n del Libro de Jorge Ferrer\u00eda: &#8221;Contame todo, pap\u00e1&#8221;<\/span><\/a><\/p>\n","protected":false},"author":1,"featured_media":297,"comment_status":"closed","ping_status":"closed","sticky":false,"template":"","format":"image","meta":{"footnotes":""},"categories":[2,9],"tags":[],"class_list":["post-3744","post","type-post","status-publish","format-image","has-post-thumbnail","hentry","category-ciudad-cultural","category-ultimas-noticias","post_format-post-format-image"],"_links":{"self":[{"href":"https:\/\/cultura.sma.gob.ar\/index.php?rest_route=\/wp\/v2\/posts\/3744","targetHints":{"allow":["GET"]}}],"collection":[{"href":"https:\/\/cultura.sma.gob.ar\/index.php?rest_route=\/wp\/v2\/posts"}],"about":[{"href":"https:\/\/cultura.sma.gob.ar\/index.php?rest_route=\/wp\/v2\/types\/post"}],"author":[{"embeddable":true,"href":"https:\/\/cultura.sma.gob.ar\/index.php?rest_route=\/wp\/v2\/users\/1"}],"replies":[{"embeddable":true,"href":"https:\/\/cultura.sma.gob.ar\/index.php?rest_route=%2Fwp%2Fv2%2Fcomments&post=3744"}],"version-history":[{"count":2,"href":"https:\/\/cultura.sma.gob.ar\/index.php?rest_route=\/wp\/v2\/posts\/3744\/revisions"}],"predecessor-version":[{"id":3749,"href":"https:\/\/cultura.sma.gob.ar\/index.php?rest_route=\/wp\/v2\/posts\/3744\/revisions\/3749"}],"wp:featuredmedia":[{"embeddable":true,"href":"https:\/\/cultura.sma.gob.ar\/index.php?rest_route=\/wp\/v2\/media\/297"}],"wp:attachment":[{"href":"https:\/\/cultura.sma.gob.ar\/index.php?rest_route=%2Fwp%2Fv2%2Fmedia&parent=3744"}],"wp:term":[{"taxonomy":"category","embeddable":true,"href":"https:\/\/cultura.sma.gob.ar\/index.php?rest_route=%2Fwp%2Fv2%2Fcategories&post=3744"},{"taxonomy":"post_tag","embeddable":true,"href":"https:\/\/cultura.sma.gob.ar\/index.php?rest_route=%2Fwp%2Fv2%2Ftags&post=3744"}],"curies":[{"name":"wp","href":"https:\/\/api.w.org\/{rel}","templated":true}]}}