{"id":3740,"date":"2022-08-07T16:55:32","date_gmt":"2022-08-07T19:55:32","guid":{"rendered":"http:\/\/cultura.sma.gob.ar\/?p=3740"},"modified":"2022-08-07T16:55:32","modified_gmt":"2022-08-07T19:55:32","slug":"proyecciones-a-la-gorra-el-gran-torino","status":"publish","type":"post","link":"https:\/\/cultura.sma.gob.ar\/?p=3740","title":{"rendered":"Proyecciones a la gorra: &#8221;El Gran Torino&#8221;"},"content":{"rendered":"\n<figure class=\"wp-block-image size-large\"><img loading=\"lazy\" decoding=\"async\" width=\"691\" height=\"1024\" src=\"http:\/\/cultura.sma.gob.ar\/wp-content\/uploads\/2022\/08\/Gran_Torino-Vertical-691x1024.jpg\" alt=\"\" class=\"wp-image-3741\" srcset=\"https:\/\/cultura.sma.gob.ar\/wp-content\/uploads\/2022\/08\/Gran_Torino-Vertical-691x1024.jpg 691w, https:\/\/cultura.sma.gob.ar\/wp-content\/uploads\/2022\/08\/Gran_Torino-Vertical-203x300.jpg 203w, https:\/\/cultura.sma.gob.ar\/wp-content\/uploads\/2022\/08\/Gran_Torino-Vertical-768x1138.jpg 768w, https:\/\/cultura.sma.gob.ar\/wp-content\/uploads\/2022\/08\/Gran_Torino-Vertical-61x90.jpg 61w, https:\/\/cultura.sma.gob.ar\/wp-content\/uploads\/2022\/08\/Gran_Torino-Vertical.jpg 810w\" sizes=\"auto, (max-width: 691px) 100vw, 691px\" \/><\/figure>\n\n\n\n<p><a>El jueves, 11 de Agosto a las 20:30hs en la Sala G\u00fcnther Blaas del Centro Cultural Cotesma, continuamos con la 6ta. Temporada de Proyecciones a la gorra. Como los a\u00f1os anteriores, la programaci\u00f3n y la presentaci\u00f3n est\u00e1 a cargo de Guillermo Ianniello, este a\u00f1o a beneficio del Club de Leones San Mart\u00edn de los Andes \u2013 Chapelco.<br>Continuando con el Ciclo N\u00b035 (Quinto de este a\u00f1o), titulado \u201cCLINT EASTWOOD: UN DIRECTOR SINGULAR\u201d, se proyectar\u00e1 \u201cGRAN TORINO\u201d dirigida por Clint Eastwood y protagonizada por&nbsp;el mismo&nbsp;Clint Eastwood, Christopher Carley, Geraldine Hughes y Bee Vang.<\/a><\/p>\n\n\n\n<p><br><strong><u>\u201cGran Torino\u201d<\/u><\/strong>. (2008-Color)<\/p>\n\n\n\n<p>No s\u00e9 cu\u00e1ntas pel\u00edculas pueden quedarle por hacer al viejo Clint Eastwood. Anciano por la edad, joven por sus magn\u00edficos proyectos cin\u00e9filos, algunos ya en marcha\u2026<\/p>\n\n\n\n<p>Dos, tres, cuatro&#8230; La verdad es que tampoco quiero saberlo. Me pongo triste s\u00f3lo de pensar que un d\u00eda u otro este fen\u00f3meno dejar\u00e1 de filmar y todos los que siempre hemos sentido devoci\u00f3n por su carism\u00e1tica estampa y por su l\u00facido discurso nos quedaremos hu\u00e9rfanos.<\/p>\n\n\n\n<p>Hu\u00e9rfanos de naturalidad, de simplicidad, de franqueza. Hu\u00e9rfanos de referentes en un panorama cinematogr\u00e1fico repleto de prepotencia, de esnobismo, de extravagancia.<\/p>\n\n\n\n<p>De fuegos de artificio.<\/p>\n\n\n\n<p>Aqu\u00ed nos cuenta una historia sencilla, despegada de excesos, cotidiana y mordazmente cautivadora.<\/p>\n\n\n\n<p>Gran Torino puede y debe verse como un film mod\u00e9lico, un copioso manjar para paladares selectos, una pel\u00edcula que guarda en su sereno y adulto mensaje un bello relato de amistad, dolor, fe, redenci\u00f3n, recuerdos y sentimientos, un alegato perspicaz contra el racismo y la dif\u00edcil cohabitaci\u00f3n entre culturas. &nbsp;<\/p>\n\n\n\n<p>Otra demostraci\u00f3n de sabidur\u00eda de un viejo zorro que hoy por hoy se vuelve a posicionar como el \u00faltimo cineasta cl\u00e1sico en vida, algo que no le priva de seguir evolucionando en cada nuevo sacrificio cinematogr\u00e1fico, avanzando velozmente en su particular escala de valores, unas manos de artista que moldean una creaci\u00f3n del todo milagrosa.<\/p>\n\n\n\n<p>Obra de arte que no deben dejar de apreciar. Y no olviden que\u2026 \u201cnada es para siempre\u2026\u201d<\/p>\n\n\n\n<p>Duraci\u00f3n: 2 hs.<\/p>\n\n\n\n<p>******************************************************************************************** &nbsp;&nbsp;&nbsp;Este Ciclo comprende tambi\u00e9n las siguientes pel\u00edculas:<\/p>\n\n\n\n<p>Jueves 18: La Mula<\/p>\n\n\n\n<p>Jueves 25: Francotirador Americano<\/p>\n","protected":false},"excerpt":{"rendered":"<p>El jueves, 11 de Agosto a las 20:30hs en la Sala G\u00fcnther Blaas del Centro Cultural Cotesma, continuamos con la 6ta. Temporada de Proyecciones a la gorra. Como los a\u00f1os anteriores, la programaci\u00f3n y la presentaci\u00f3n est\u00e1 a cargo de Guillermo Ianniello, este a\u00f1o a beneficio del Club de Leones San Mart\u00edn de los Andes \u2013 Chapelco.Continuando con el Ciclo N\u00b035 (Quinto de este a\u00f1o), &hellip; <a href=\"https:\/\/cultura.sma.gob.ar\/?p=3740\" class=\"more-link\">Continue reading <span class=\"screen-reader-text\">Proyecciones a la gorra: &#8221;El Gran Torino&#8221;<\/span><\/a><\/p>\n","protected":false},"author":1,"featured_media":297,"comment_status":"closed","ping_status":"","sticky":false,"template":"","format":"image","meta":{"footnotes":""},"categories":[2,9],"tags":[],"class_list":["post-3740","post","type-post","status-publish","format-image","has-post-thumbnail","hentry","category-ciudad-cultural","category-ultimas-noticias","post_format-post-format-image"],"_links":{"self":[{"href":"https:\/\/cultura.sma.gob.ar\/index.php?rest_route=\/wp\/v2\/posts\/3740","targetHints":{"allow":["GET"]}}],"collection":[{"href":"https:\/\/cultura.sma.gob.ar\/index.php?rest_route=\/wp\/v2\/posts"}],"about":[{"href":"https:\/\/cultura.sma.gob.ar\/index.php?rest_route=\/wp\/v2\/types\/post"}],"author":[{"embeddable":true,"href":"https:\/\/cultura.sma.gob.ar\/index.php?rest_route=\/wp\/v2\/users\/1"}],"replies":[{"embeddable":true,"href":"https:\/\/cultura.sma.gob.ar\/index.php?rest_route=%2Fwp%2Fv2%2Fcomments&post=3740"}],"version-history":[{"count":1,"href":"https:\/\/cultura.sma.gob.ar\/index.php?rest_route=\/wp\/v2\/posts\/3740\/revisions"}],"predecessor-version":[{"id":3742,"href":"https:\/\/cultura.sma.gob.ar\/index.php?rest_route=\/wp\/v2\/posts\/3740\/revisions\/3742"}],"wp:featuredmedia":[{"embeddable":true,"href":"https:\/\/cultura.sma.gob.ar\/index.php?rest_route=\/wp\/v2\/media\/297"}],"wp:attachment":[{"href":"https:\/\/cultura.sma.gob.ar\/index.php?rest_route=%2Fwp%2Fv2%2Fmedia&parent=3740"}],"wp:term":[{"taxonomy":"category","embeddable":true,"href":"https:\/\/cultura.sma.gob.ar\/index.php?rest_route=%2Fwp%2Fv2%2Fcategories&post=3740"},{"taxonomy":"post_tag","embeddable":true,"href":"https:\/\/cultura.sma.gob.ar\/index.php?rest_route=%2Fwp%2Fv2%2Ftags&post=3740"}],"curies":[{"name":"wp","href":"https:\/\/api.w.org\/{rel}","templated":true}]}}