{"id":3733,"date":"2022-08-07T16:49:26","date_gmt":"2022-08-07T19:49:26","guid":{"rendered":"http:\/\/cultura.sma.gob.ar\/?p=3733"},"modified":"2022-08-07T16:49:26","modified_gmt":"2022-08-07T19:49:26","slug":"se-viene-la-fiesta-del-montanes-con-pena-concurso-de-hacheros-y-concierto-de-payadores","status":"publish","type":"post","link":"https:\/\/cultura.sma.gob.ar\/?p=3733","title":{"rendered":"Se viene la Fiesta del Monta\u00f1\u00e9s con Pe\u00f1a, Concurso de Hacheros y Concierto de Payadores"},"content":{"rendered":"\n<figure class=\"wp-block-image size-large\"><img loading=\"lazy\" decoding=\"async\" width=\"1024\" height=\"1024\" src=\"http:\/\/cultura.sma.gob.ar\/wp-content\/uploads\/2022\/08\/montanTes-03-1024x1024.jpg\" alt=\"\" class=\"wp-image-3734\" srcset=\"https:\/\/cultura.sma.gob.ar\/wp-content\/uploads\/2022\/08\/montanTes-03-1024x1024.jpg 1024w, https:\/\/cultura.sma.gob.ar\/wp-content\/uploads\/2022\/08\/montanTes-03-300x300.jpg 300w, https:\/\/cultura.sma.gob.ar\/wp-content\/uploads\/2022\/08\/montanTes-03-150x150.jpg 150w, https:\/\/cultura.sma.gob.ar\/wp-content\/uploads\/2022\/08\/montanTes-03-768x768.jpg 768w, https:\/\/cultura.sma.gob.ar\/wp-content\/uploads\/2022\/08\/montanTes-03-90x90.jpg 90w, https:\/\/cultura.sma.gob.ar\/wp-content\/uploads\/2022\/08\/montanTes-03.jpg 1250w\" sizes=\"auto, (max-width: 1024px) 100vw, 1024px\" \/><\/figure>\n\n\n\n<p>La 41\u00aa edici\u00f3n incluir\u00e1 tres importantes acontecimientos para el disfrute de la comunidad local y de los y las turistas que nos visitan.<\/p>\n\n\n\n<p>El s\u00e1bado 13 de agosto, a partir de las 20 hs, se llevar\u00e1 a cabo la \u201cPe\u00f1a del Monta\u00f1\u00e9s\u201d, en el Gimnasio Municipal Chango Soria, con la participaci\u00f3n de grupos folcl\u00f3ricos locales de m\u00fasica y danza. Habr\u00e1 buffet a cargo de la Compa\u00f1\u00eda de Danzas Aurora. Los bonos contribuci\u00f3n de 200 pesos se podr\u00e1n adquirir por adelantado en la Secretar\u00eda de Cultura desde el lunes hasta el viernes de 8 a 15 y de 16 a 20 hs, y al comienzo del evento en la puerta del Gimnasio.<\/p>\n\n\n\n<p>Al d\u00eda siguiente, el domingo 14 de agosto, a las 13 hs, se realizar\u00e1 el \u201cConcurso de Hacheros, Hacheras, Hacheritos, Motosierristas y Sierras Corvina\u201d. Este evento vuelve a realizarse en la avenida San Mart\u00edn y, como es tradici\u00f3n habr\u00e1 tortas fritas y reparto de chocolate caliente a cargo de Gendarmer\u00eda Nacional.<\/p>\n\n\n\n<p>Por \u00faltimo, el domingo 21 de agosto, a las 19 hs en el Centro Cultural Cotesma, la Fiesta Nacional del Monta\u00f1\u00e9s cerrar\u00e1 con un \u201cConcierto de Payadores\u201d, que contar\u00e1 con la presencia del muy reconocido Sa\u00fal Huenchul, junto a Juan Parada Curbelo, Eduardo y Antonella Mu\u00f1oz y Nahuel Trujillo. Las entradas de $200 podr\u00e1n adquirirse a partir del martes 16 de agosto, desde las 16 hs, en el Centro Cultural Cotesma.<\/p>\n\n\n\n<p>Esta 41\u00aa Fiesta Nacional del Monta\u00f1\u00e9s se realiza con el apoyo del Ministerio de Cultura de la Naci\u00f3n, a trav\u00e9s del Programa Festivales Argentinos.<\/p>\n\n\n\n<p>Y cuenta tambi\u00e9n con la colaboraci\u00f3n del gobierno de la Provincia del Neuqu\u00e9n, en el marco del convenio de financiamiento para la promoci\u00f3n de la producci\u00f3n, el turismo sustentable y el desarrollo de industrias culturales, suscripto entre el Consejo Federal de Inversiones, COPADE y el Ministerio de Turismo.<\/p>\n\n\n\n<figure class=\"wp-block-image size-large\"><img loading=\"lazy\" decoding=\"async\" width=\"1024\" height=\"1024\" src=\"http:\/\/cultura.sma.gob.ar\/wp-content\/uploads\/2022\/08\/montanTes-01-1024x1024.jpg\" alt=\"\" class=\"wp-image-3735\" srcset=\"https:\/\/cultura.sma.gob.ar\/wp-content\/uploads\/2022\/08\/montanTes-01-1024x1024.jpg 1024w, https:\/\/cultura.sma.gob.ar\/wp-content\/uploads\/2022\/08\/montanTes-01-300x300.jpg 300w, https:\/\/cultura.sma.gob.ar\/wp-content\/uploads\/2022\/08\/montanTes-01-150x150.jpg 150w, https:\/\/cultura.sma.gob.ar\/wp-content\/uploads\/2022\/08\/montanTes-01-768x768.jpg 768w, https:\/\/cultura.sma.gob.ar\/wp-content\/uploads\/2022\/08\/montanTes-01-90x90.jpg 90w, https:\/\/cultura.sma.gob.ar\/wp-content\/uploads\/2022\/08\/montanTes-01.jpg 1250w\" sizes=\"auto, (max-width: 1024px) 100vw, 1024px\" \/><\/figure>\n\n\n\n<figure class=\"wp-block-image size-large\"><img loading=\"lazy\" decoding=\"async\" width=\"1024\" height=\"1024\" src=\"http:\/\/cultura.sma.gob.ar\/wp-content\/uploads\/2022\/08\/montanTes-02-1024x1024.jpg\" alt=\"\" class=\"wp-image-3736\" srcset=\"https:\/\/cultura.sma.gob.ar\/wp-content\/uploads\/2022\/08\/montanTes-02-1024x1024.jpg 1024w, https:\/\/cultura.sma.gob.ar\/wp-content\/uploads\/2022\/08\/montanTes-02-300x300.jpg 300w, https:\/\/cultura.sma.gob.ar\/wp-content\/uploads\/2022\/08\/montanTes-02-150x150.jpg 150w, https:\/\/cultura.sma.gob.ar\/wp-content\/uploads\/2022\/08\/montanTes-02-768x768.jpg 768w, https:\/\/cultura.sma.gob.ar\/wp-content\/uploads\/2022\/08\/montanTes-02-90x90.jpg 90w, https:\/\/cultura.sma.gob.ar\/wp-content\/uploads\/2022\/08\/montanTes-02.jpg 1250w\" sizes=\"auto, (max-width: 1024px) 100vw, 1024px\" \/><\/figure>\n","protected":false},"excerpt":{"rendered":"<p>La 41\u00aa edici\u00f3n incluir\u00e1 tres importantes acontecimientos para el disfrute de la comunidad local y de los y las turistas que nos visitan. El s\u00e1bado 13 de agosto, a partir de las 20 hs, se llevar\u00e1 a cabo la \u201cPe\u00f1a del Monta\u00f1\u00e9s\u201d, en el Gimnasio Municipal Chango Soria, con la participaci\u00f3n de grupos folcl\u00f3ricos locales de m\u00fasica y danza. Habr\u00e1 buffet a cargo de la &hellip; <a href=\"https:\/\/cultura.sma.gob.ar\/?p=3733\" class=\"more-link\">Continue reading <span class=\"screen-reader-text\">Se viene la Fiesta del Monta\u00f1\u00e9s con Pe\u00f1a, Concurso de Hacheros y Concierto de Payadores<\/span><\/a><\/p>\n","protected":false},"author":1,"featured_media":293,"comment_status":"closed","ping_status":"","sticky":false,"template":"","format":"image","meta":{"footnotes":""},"categories":[3,9],"tags":[],"class_list":["post-3733","post","type-post","status-publish","format-image","has-post-thumbnail","hentry","category-eventos-cultura","category-ultimas-noticias","post_format-post-format-image"],"_links":{"self":[{"href":"https:\/\/cultura.sma.gob.ar\/index.php?rest_route=\/wp\/v2\/posts\/3733","targetHints":{"allow":["GET"]}}],"collection":[{"href":"https:\/\/cultura.sma.gob.ar\/index.php?rest_route=\/wp\/v2\/posts"}],"about":[{"href":"https:\/\/cultura.sma.gob.ar\/index.php?rest_route=\/wp\/v2\/types\/post"}],"author":[{"embeddable":true,"href":"https:\/\/cultura.sma.gob.ar\/index.php?rest_route=\/wp\/v2\/users\/1"}],"replies":[{"embeddable":true,"href":"https:\/\/cultura.sma.gob.ar\/index.php?rest_route=%2Fwp%2Fv2%2Fcomments&post=3733"}],"version-history":[{"count":1,"href":"https:\/\/cultura.sma.gob.ar\/index.php?rest_route=\/wp\/v2\/posts\/3733\/revisions"}],"predecessor-version":[{"id":3737,"href":"https:\/\/cultura.sma.gob.ar\/index.php?rest_route=\/wp\/v2\/posts\/3733\/revisions\/3737"}],"wp:featuredmedia":[{"embeddable":true,"href":"https:\/\/cultura.sma.gob.ar\/index.php?rest_route=\/wp\/v2\/media\/293"}],"wp:attachment":[{"href":"https:\/\/cultura.sma.gob.ar\/index.php?rest_route=%2Fwp%2Fv2%2Fmedia&parent=3733"}],"wp:term":[{"taxonomy":"category","embeddable":true,"href":"https:\/\/cultura.sma.gob.ar\/index.php?rest_route=%2Fwp%2Fv2%2Fcategories&post=3733"},{"taxonomy":"post_tag","embeddable":true,"href":"https:\/\/cultura.sma.gob.ar\/index.php?rest_route=%2Fwp%2Fv2%2Ftags&post=3733"}],"curies":[{"name":"wp","href":"https:\/\/api.w.org\/{rel}","templated":true}]}}