{"id":373,"date":"2020-10-06T15:25:22","date_gmt":"2020-10-06T18:25:22","guid":{"rendered":"http:\/\/cultura.sma.gob.ar\/?p=373"},"modified":"2020-10-08T16:37:22","modified_gmt":"2020-10-08T19:37:22","slug":"noche-de-tango-en-el-centro-cultural-cotesma","status":"publish","type":"post","link":"https:\/\/cultura.sma.gob.ar\/?p=373","title":{"rendered":"Noche de tango en el Centro Cultural Cotesma"},"content":{"rendered":"\n<div class=\"wp-block-image\"><figure class=\"aligncenter size-large\"><img loading=\"lazy\" decoding=\"async\" width=\"1024\" height=\"884\" src=\"http:\/\/cultura.sma.gob.ar\/wp-content\/uploads\/2020\/10\/Flyer-Marcos-y-Analia-jpeg-1024x884.jpg\" alt=\"\" class=\"wp-image-386\" srcset=\"https:\/\/cultura.sma.gob.ar\/wp-content\/uploads\/2020\/10\/Flyer-Marcos-y-Analia-jpeg-1024x884.jpg 1024w, https:\/\/cultura.sma.gob.ar\/wp-content\/uploads\/2020\/10\/Flyer-Marcos-y-Analia-jpeg-300x259.jpg 300w, https:\/\/cultura.sma.gob.ar\/wp-content\/uploads\/2020\/10\/Flyer-Marcos-y-Analia-jpeg-768x663.jpg 768w, https:\/\/cultura.sma.gob.ar\/wp-content\/uploads\/2020\/10\/Flyer-Marcos-y-Analia-jpeg-1536x1326.jpg 1536w, https:\/\/cultura.sma.gob.ar\/wp-content\/uploads\/2020\/10\/Flyer-Marcos-y-Analia-jpeg-104x90.jpg 104w, https:\/\/cultura.sma.gob.ar\/wp-content\/uploads\/2020\/10\/Flyer-Marcos-y-Analia-jpeg.jpg 1572w\" sizes=\"auto, (max-width: 1024px) 100vw, 1024px\" \/><\/figure><\/div>\n\n\n\n<p>El pr\u00f3ximo viernes, 09 de octubre a las 20hs, disfrutaremos la segunda presentaci\u00f3n del Ciclo \u201cViernes Culturales en la G\u00fcnther\u201d. &nbsp;Llega \u201cNoche de Tango\u201d a Cargo de Marcos y Analia, Junto a Artistas Invitados: Lito Sambueza, Alma Robles Tango y las Guitarras de Valde.<\/p>\n\n\n\n<p>Seguilo desde su Facebook:&nbsp;<a href=\"https:\/\/correo.smandes.gov.ar\/owa\/redir.aspx?C=0b8f614abec24336ab25f023fc177bb4&amp;URL=https%3a%2f%2fwww.facebook.com%2fMarcosyAna\" target=\"_blank\" rel=\"noreferrer noopener\">@MarcosyAna<\/a><\/p>\n\n\n\n<p><strong><u>Alma Robles:<\/u><\/strong>&nbsp;Naci\u00f3 en el barrio de Monserrat, pero se cri\u00f3 en la zona de Nueva Pompeya. Comenz\u00f3 sus estudios musicales desde muy temprana edad, con su profesor de guitarra recorrieron diversos escenarios porte\u00f1os. En el 2011 lanza su carrera profesional en la ciudad de Medell\u00edn Colombia junto al coro polif\u00f3nico de la provincia del Neuqu\u00e9n. Este a\u00f1o particip\u00f3 en el cierre de Neuqu\u00e9n cultural (Ciudad de Neuqu\u00e9n) junto a cantores y bailarines del alto valle. En el 2019 particip\u00f3 en el 1er encuentro de tango realizado en San Mart\u00edn de los Andes y Actualmente reside en nuestra ciudad, La podremos escuchar acompa\u00f1ada de las&nbsp;<strong>\u201cGuitarras de Valde\u201d (Dagoberto y Claudio Valdevenito).<\/strong><\/p>\n\n\n\n<p><strong><u>Lito Sambueza:<\/u><\/strong>&nbsp; Cantante de amplia trayectoria de nuestra ciudad, dio sus primeros pasos con 19 a\u00f1os junto a la primera Orquesta de la provincia. Llamada Originariamente \u201cT\u00edpica Gonz\u00e1lez Baico\u201d Actualmente y despu\u00e9s de casi 60 a\u00f1os Lito con 82 a\u00f1os, sigue haciendo giras y presentaciones junto a la Hoy reconocida T\u00edpica Splendid, adem\u00e1s de presentaciones como solista en distintos shows de nuestra ciudad y la regi\u00f3n.<\/p>\n\n\n\n<p><strong><u>Marcos y Anal\u00eda:<\/u><\/strong>&nbsp; Reconocidos Bailarines y Profesores de Tango, referentes de la Patagonia, participaron en distintos Festivales y Encuentros de renombre a nivel provincial, Nacional e Internacional, realizando exhibiciones y dando seminarios. Adem\u00e1s de organizadores del \u201cEncuentro Patag\u00f3nico de Tango\u201d en nuestra ciudad, con 17 ediciones, el de m\u00e1s trayectoria en la Patagonia.<\/p>\n\n\n\n<p>Colabor\u00e1 con los artistas a trav\u00e9s de los siguientes medios:<br>CBU ANAL\u00cdA BEATRIZ BRAUN: 0110480030048055474765<\/p>\n\n\n\n<p>Mercado Pago:<br>Pago $200:&nbsp;<a href=\"https:\/\/correo.smandes.gov.ar\/owa\/redir.aspx?C=0b8f614abec24336ab25f023fc177bb4&amp;URL=https%3a%2f%2fmpago.la%2f1B1nTKm\" target=\"_blank\" rel=\"noreferrer noopener\">https:\/\/mpago.la\/1B1nTKm<\/a><br>Pago $500:&nbsp;<a href=\"https:\/\/correo.smandes.gov.ar\/owa\/redir.aspx?C=0b8f614abec24336ab25f023fc177bb4&amp;URL=https%3a%2f%2fmpago.la%2f1vojqm5\" target=\"_blank\" rel=\"noreferrer noopener\">https:\/\/mpago.la\/1vojqm5<\/a><\/p>\n\n\n\n<p>PAYPAL:&nbsp;<a href=\"https:\/\/correo.smandes.gov.ar\/owa\/redir.aspx?C=0b8f614abec24336ab25f023fc177bb4&amp;URL=https%3a%2f%2fwww.paypal.com%2fdonate%2f%3fcmd%3d_s-xclick%26hosted_button_id%3d5Z656T757YF84%26source%3durl\" target=\"_blank\" rel=\"noreferrer noopener\">https:\/\/www.paypal.com\/donate\/?cmd=_s-xclick&amp;hosted_button_id=5Z656T757YF84&amp;source=url<\/a><\/p>\n","protected":false},"excerpt":{"rendered":"<p>Ciclo Viernes Culturales en la sala Gunther Blass <a href=\"https:\/\/cultura.sma.gob.ar\/?p=373\" class=\"more-link\">Continue reading <span class=\"screen-reader-text\">Noche de tango en el Centro Cultural Cotesma<\/span><\/a><\/p>\n","protected":false},"author":1,"featured_media":297,"comment_status":"closed","ping_status":"","sticky":false,"template":"","format":"image","meta":{"footnotes":""},"categories":[2,9],"tags":[],"class_list":["post-373","post","type-post","status-publish","format-image","has-post-thumbnail","hentry","category-ciudad-cultural","category-ultimas-noticias","post_format-post-format-image"],"_links":{"self":[{"href":"https:\/\/cultura.sma.gob.ar\/index.php?rest_route=\/wp\/v2\/posts\/373","targetHints":{"allow":["GET"]}}],"collection":[{"href":"https:\/\/cultura.sma.gob.ar\/index.php?rest_route=\/wp\/v2\/posts"}],"about":[{"href":"https:\/\/cultura.sma.gob.ar\/index.php?rest_route=\/wp\/v2\/types\/post"}],"author":[{"embeddable":true,"href":"https:\/\/cultura.sma.gob.ar\/index.php?rest_route=\/wp\/v2\/users\/1"}],"replies":[{"embeddable":true,"href":"https:\/\/cultura.sma.gob.ar\/index.php?rest_route=%2Fwp%2Fv2%2Fcomments&post=373"}],"version-history":[{"count":3,"href":"https:\/\/cultura.sma.gob.ar\/index.php?rest_route=\/wp\/v2\/posts\/373\/revisions"}],"predecessor-version":[{"id":387,"href":"https:\/\/cultura.sma.gob.ar\/index.php?rest_route=\/wp\/v2\/posts\/373\/revisions\/387"}],"wp:featuredmedia":[{"embeddable":true,"href":"https:\/\/cultura.sma.gob.ar\/index.php?rest_route=\/wp\/v2\/media\/297"}],"wp:attachment":[{"href":"https:\/\/cultura.sma.gob.ar\/index.php?rest_route=%2Fwp%2Fv2%2Fmedia&parent=373"}],"wp:term":[{"taxonomy":"category","embeddable":true,"href":"https:\/\/cultura.sma.gob.ar\/index.php?rest_route=%2Fwp%2Fv2%2Fcategories&post=373"},{"taxonomy":"post_tag","embeddable":true,"href":"https:\/\/cultura.sma.gob.ar\/index.php?rest_route=%2Fwp%2Fv2%2Ftags&post=373"}],"curies":[{"name":"wp","href":"https:\/\/api.w.org\/{rel}","templated":true}]}}