{"id":3729,"date":"2022-08-03T20:44:31","date_gmt":"2022-08-03T23:44:31","guid":{"rendered":"http:\/\/cultura.sma.gob.ar\/?p=3729"},"modified":"2022-08-03T20:44:31","modified_gmt":"2022-08-03T23:44:31","slug":"seminario-sevillanas-en-el-teatro-san-jose","status":"publish","type":"post","link":"https:\/\/cultura.sma.gob.ar\/?p=3729","title":{"rendered":"Seminario &#8221;Sevillanas&#8221;, en el teatro San Jos\u00e9"},"content":{"rendered":"\n<figure class=\"wp-block-image size-large\"><img loading=\"lazy\" decoding=\"async\" width=\"940\" height=\"788\" src=\"http:\/\/cultura.sma.gob.ar\/wp-content\/uploads\/2022\/08\/IMG-20220730-WA0001.jpg\" alt=\"\" class=\"wp-image-3730\" srcset=\"https:\/\/cultura.sma.gob.ar\/wp-content\/uploads\/2022\/08\/IMG-20220730-WA0001.jpg 940w, https:\/\/cultura.sma.gob.ar\/wp-content\/uploads\/2022\/08\/IMG-20220730-WA0001-300x251.jpg 300w, https:\/\/cultura.sma.gob.ar\/wp-content\/uploads\/2022\/08\/IMG-20220730-WA0001-768x644.jpg 768w, https:\/\/cultura.sma.gob.ar\/wp-content\/uploads\/2022\/08\/IMG-20220730-WA0001-107x90.jpg 107w\" sizes=\"auto, (max-width: 940px) 100vw, 940px\" \/><\/figure>\n\n\n\n<p>Este nuevo seminario ser\u00e1 dictado por la maestra de danzas Laura Garc\u00eda Escobar de R\u00edo Negro.<\/p>\n\n\n\n<p>Ser\u00e1 el 11 de agosto de 16:30 a 18 hs.<\/p>\n\n\n\n<p>Para consultas e inscripciones comunicarse al 2972 407108<\/p>\n","protected":false},"excerpt":{"rendered":"<p>Este nuevo seminario ser\u00e1 dictado por la maestra de danzas Laura Garc\u00eda Escobar de R\u00edo Negro. Ser\u00e1 el 11 de agosto de 16:30 a 18 hs. Para consultas e inscripciones comunicarse al 2972 407108 <a href=\"https:\/\/cultura.sma.gob.ar\/?p=3729\" class=\"more-link\">Continue reading <span class=\"screen-reader-text\">Seminario &#8221;Sevillanas&#8221;, en el teatro San Jos\u00e9<\/span><\/a><\/p>\n","protected":false},"author":1,"featured_media":291,"comment_status":"closed","ping_status":"","sticky":false,"template":"","format":"image","meta":{"footnotes":""},"categories":[2,9],"tags":[],"class_list":["post-3729","post","type-post","status-publish","format-image","has-post-thumbnail","hentry","category-ciudad-cultural","category-ultimas-noticias","post_format-post-format-image"],"_links":{"self":[{"href":"https:\/\/cultura.sma.gob.ar\/index.php?rest_route=\/wp\/v2\/posts\/3729","targetHints":{"allow":["GET"]}}],"collection":[{"href":"https:\/\/cultura.sma.gob.ar\/index.php?rest_route=\/wp\/v2\/posts"}],"about":[{"href":"https:\/\/cultura.sma.gob.ar\/index.php?rest_route=\/wp\/v2\/types\/post"}],"author":[{"embeddable":true,"href":"https:\/\/cultura.sma.gob.ar\/index.php?rest_route=\/wp\/v2\/users\/1"}],"replies":[{"embeddable":true,"href":"https:\/\/cultura.sma.gob.ar\/index.php?rest_route=%2Fwp%2Fv2%2Fcomments&post=3729"}],"version-history":[{"count":1,"href":"https:\/\/cultura.sma.gob.ar\/index.php?rest_route=\/wp\/v2\/posts\/3729\/revisions"}],"predecessor-version":[{"id":3731,"href":"https:\/\/cultura.sma.gob.ar\/index.php?rest_route=\/wp\/v2\/posts\/3729\/revisions\/3731"}],"wp:featuredmedia":[{"embeddable":true,"href":"https:\/\/cultura.sma.gob.ar\/index.php?rest_route=\/wp\/v2\/media\/291"}],"wp:attachment":[{"href":"https:\/\/cultura.sma.gob.ar\/index.php?rest_route=%2Fwp%2Fv2%2Fmedia&parent=3729"}],"wp:term":[{"taxonomy":"category","embeddable":true,"href":"https:\/\/cultura.sma.gob.ar\/index.php?rest_route=%2Fwp%2Fv2%2Fcategories&post=3729"},{"taxonomy":"post_tag","embeddable":true,"href":"https:\/\/cultura.sma.gob.ar\/index.php?rest_route=%2Fwp%2Fv2%2Ftags&post=3729"}],"curies":[{"name":"wp","href":"https:\/\/api.w.org\/{rel}","templated":true}]}}