{"id":3705,"date":"2022-07-31T21:08:35","date_gmt":"2022-08-01T00:08:35","guid":{"rendered":"http:\/\/cultura.sma.gob.ar\/?p=3705"},"modified":"2022-07-31T21:15:34","modified_gmt":"2022-08-01T00:15:34","slug":"llegan-tres-nuevas-muestras-a-la-sala-municipal-de-exposicion-lidaura-chapitel","status":"publish","type":"post","link":"https:\/\/cultura.sma.gob.ar\/?p=3705","title":{"rendered":"Llegan tres nuevas muestras a la Sala Municipal de Exposici\u00f3n Lidaura Chapitel"},"content":{"rendered":"\n<figure class=\"wp-block-image size-large\"><img loading=\"lazy\" decoding=\"async\" width=\"1024\" height=\"1024\" src=\"http:\/\/cultura.sma.gob.ar\/wp-content\/uploads\/2022\/07\/expo-02-1-1024x1024.jpg\" alt=\"\" class=\"wp-image-3706\" srcset=\"https:\/\/cultura.sma.gob.ar\/wp-content\/uploads\/2022\/07\/expo-02-1-1024x1024.jpg 1024w, https:\/\/cultura.sma.gob.ar\/wp-content\/uploads\/2022\/07\/expo-02-1-300x300.jpg 300w, https:\/\/cultura.sma.gob.ar\/wp-content\/uploads\/2022\/07\/expo-02-1-150x150.jpg 150w, https:\/\/cultura.sma.gob.ar\/wp-content\/uploads\/2022\/07\/expo-02-1-768x768.jpg 768w, https:\/\/cultura.sma.gob.ar\/wp-content\/uploads\/2022\/07\/expo-02-1-1536x1536.jpg 1536w, https:\/\/cultura.sma.gob.ar\/wp-content\/uploads\/2022\/07\/expo-02-1-90x90.jpg 90w, https:\/\/cultura.sma.gob.ar\/wp-content\/uploads\/2022\/07\/expo-02-1.jpg 1875w\" sizes=\"auto, (max-width: 1024px) 100vw, 1024px\" \/><\/figure>\n\n\n\n<p>Inaugurar\u00e1 el pr\u00f3ximo viernes 5 de agosto con entrada libre y gratuita. En esta ocasi\u00f3n podremos disfrutar de &#8221;Una constelaci\u00f3n de im\u00e1genes monstruosas&#8221;, de Maia Gatt\u00e1s Vargas, &#8221;Rinc\u00f3n Chico&#8221; de Delfina Filloy, y &#8221;Recartografiar el mundo&#8221; de Fernanda Rege.<\/p>\n\n\n\n<p>La muestra tiene como fecha de apertura el viernes a las 19:30 hs, y estar\u00e1 vigente hasta el 24 de agosto. Podr\u00e1 ser visitada de lunes a viernes de 10 a 12 y de 16 a 20, y s\u00e1bados de 16 a 20 hs.<\/p>\n\n\n\n<p>Si quer\u00e9s saber m\u00e1s sobre la obra y las artistas, te acercamos la percepci\u00f3n de cada una de ellas.<\/p>\n\n\n\n<p><strong>Una constelaci\u00f3n de im\u00e1genes monstruosas. Maia Gatt\u00e1s Vargas<\/strong><\/p>\n\n\n\n<p>Su cuerpo de obra reflexiona sobre las relaciones entre arte, ciencia, paisaje, naturaleza e historia colonial de la Patagonia argentina, especialmente en la regi\u00f3n del lago Nahuel Huapi. La artista busca desintegrar los l\u00edmites de los archivos documentales y crear ciencias-ficciones.<\/p>\n\n\n\n<p>Lo monstruoso emerge como una categor\u00eda est\u00e9tica para comprender la Patagonia, ya no como producto de una mirada cientificista y occidental, basado en el ideal de belleza europea -donde el t\u00e9rmino adquir\u00eda un significado negativo para comprender al territorio y sus habitantes- sino como un concepto potente para pensar c\u00f3mo los paisajes coloniales pueden dar lugar a territorios decoloniales, que consideren a la monstruosidad, como una afirmaci\u00f3n, una positividad.<\/p>\n\n\n\n<p>\u00bfC\u00f3mo pueden las, im\u00e1genes contempor\u00e1neas, dialogar con los pasados de este espacio, con los fantasmas del paisaje, con sus historias truncas, sus proyectos inconclusos?<\/p>\n\n\n\n<p><strong>Rinc\u00f3n Chico. Delfina Filloy<\/strong><\/p>\n\n\n\n<p>Los lugares que habitamos forman el tejido de nuestras vidas, nuestra memoria y nuestra identidad. Necesitamos estar arraigados a un territorio pero \u00bfqu\u00e9 pasa cuando se elimina cualquier se\u00f1al de que tu lugar estuvo habitado? La artista naci\u00f3 en 1989 en Villa Rinc\u00f3n Chico, un pueblo de la Patagonia Argentina que no existe m\u00e1s. Veintinueve a\u00f1os despu\u00e9s regres\u00f3 a caminar sus ruinas que esconden las historias de las diez mil personas que lo habitaron.<br>Hace cuatro a\u00f1os que su obra gira entorno a la memoria territorial de aquellos sitios que est\u00e1n fuera de los mapas oficiales. Instantes, historias familiares, relatos colectivos, cuerpo patag\u00f3nico, viento sur, la nostalgia y el desierto: \u201cHice los primeros experimentos con barro y me rasgu\u00f1\u00e9 las rodillas por jugar en la calle. En Rinc\u00f3n Chico conoc\u00ed la nieve, la tierra y el viento. Rinc\u00f3n Chico es mi identidad. Soy yo y es mi familia. Rinc\u00f3n Chico son las diez mil personas que nacieron, vivieron y crecieron all\u00ed. Pero no existe m\u00e1s. \u00bfD\u00f3nde no existe m\u00e1s?\u201d<\/p>\n\n\n\n<p><strong>Recartografiar el mundo.  Fernanda Rege<\/strong><\/p>\n\n\n\n<p>En las obras de Fernanda Rege el mapa surge con el prop\u00f3sito de reverberar en el presente la necesidad de re-cartografiar el territorio, de volver a nombrarlo, establecer otra imagen mental sobre \u00e9l.<br>Se da por hecho la objetividad del mapa sin tener en cuenta que se trata de un trabajo de traducci\u00f3n que, formulado bajo un criterio de \u201cobjetividad\u201d, obtura el reconocimiento de la representaci\u00f3n cartogr\u00e1fica como dispositivo de poder y control. Es la imagen de un mundo desapasionado.<br>Por fuera de cualquier precisi\u00f3n geogr\u00e1fica, los mapas de Fernanda Rege se presentan como una capa epitelial de memoria que excede lo individual y exhorta a un cuidado colectivo, transversal y expuesto de nuestro medio ambiente.<br>Su materializaci\u00f3n por medio saquitos de t\u00e9 y mate cocido usados nos permiten reflexionar sobre el hacer, sobre lo natural y sobre la aparici\u00f3n de la imagen, ya no desde el control panor\u00e1mico e impl\u00edcito de la cartograf\u00eda moderna y occidental, sino desde su manifestaci\u00f3n m\u00e1s fluida y fantasmal. Quiz\u00e1s no se trate de crear ni destruir, sino simplemente transformar.<\/p>\n\n\n\n<figure class=\"wp-block-image size-large\"><img loading=\"lazy\" decoding=\"async\" width=\"1024\" height=\"1024\" src=\"http:\/\/cultura.sma.gob.ar\/wp-content\/uploads\/2022\/07\/expo-06-2-1024x1024.jpg\" alt=\"\" class=\"wp-image-3707\" srcset=\"https:\/\/cultura.sma.gob.ar\/wp-content\/uploads\/2022\/07\/expo-06-2-1024x1024.jpg 1024w, https:\/\/cultura.sma.gob.ar\/wp-content\/uploads\/2022\/07\/expo-06-2-300x300.jpg 300w, https:\/\/cultura.sma.gob.ar\/wp-content\/uploads\/2022\/07\/expo-06-2-150x150.jpg 150w, https:\/\/cultura.sma.gob.ar\/wp-content\/uploads\/2022\/07\/expo-06-2-768x768.jpg 768w, https:\/\/cultura.sma.gob.ar\/wp-content\/uploads\/2022\/07\/expo-06-2-1536x1536.jpg 1536w, https:\/\/cultura.sma.gob.ar\/wp-content\/uploads\/2022\/07\/expo-06-2-90x90.jpg 90w, https:\/\/cultura.sma.gob.ar\/wp-content\/uploads\/2022\/07\/expo-06-2.jpg 1875w\" sizes=\"auto, (max-width: 1024px) 100vw, 1024px\" \/><\/figure>\n\n\n\n<figure class=\"wp-block-image size-large\"><img loading=\"lazy\" decoding=\"async\" width=\"1024\" height=\"1024\" src=\"http:\/\/cultura.sma.gob.ar\/wp-content\/uploads\/2022\/07\/expo-05-2-1024x1024.jpg\" alt=\"\" class=\"wp-image-3708\" srcset=\"https:\/\/cultura.sma.gob.ar\/wp-content\/uploads\/2022\/07\/expo-05-2-1024x1024.jpg 1024w, https:\/\/cultura.sma.gob.ar\/wp-content\/uploads\/2022\/07\/expo-05-2-300x300.jpg 300w, https:\/\/cultura.sma.gob.ar\/wp-content\/uploads\/2022\/07\/expo-05-2-150x150.jpg 150w, https:\/\/cultura.sma.gob.ar\/wp-content\/uploads\/2022\/07\/expo-05-2-768x768.jpg 768w, https:\/\/cultura.sma.gob.ar\/wp-content\/uploads\/2022\/07\/expo-05-2-1536x1536.jpg 1536w, https:\/\/cultura.sma.gob.ar\/wp-content\/uploads\/2022\/07\/expo-05-2-90x90.jpg 90w, https:\/\/cultura.sma.gob.ar\/wp-content\/uploads\/2022\/07\/expo-05-2.jpg 1875w\" sizes=\"auto, (max-width: 1024px) 100vw, 1024px\" \/><\/figure>\n","protected":false},"excerpt":{"rendered":"<p>Inaugurar\u00e1 el pr\u00f3ximo viernes 5 de agosto con entrada libre y gratuita. En esta ocasi\u00f3n podremos disfrutar de &#8221;Una constelaci\u00f3n de im\u00e1genes monstruosas&#8221;, de Maia Gatt\u00e1s Vargas, &#8221;Rinc\u00f3n Chico&#8221; de Delfina Filloy, y &#8221;Recartografiar el mundo&#8221; de Fernanda Rege. La muestra tiene como fecha de apertura el viernes a las 19:30 hs, y estar\u00e1 vigente hasta el 24 de agosto. Podr\u00e1 ser visitada de lunes &hellip; <a href=\"https:\/\/cultura.sma.gob.ar\/?p=3705\" class=\"more-link\">Continue reading <span class=\"screen-reader-text\">Llegan tres nuevas muestras a la Sala Municipal de Exposici\u00f3n Lidaura Chapitel<\/span><\/a><\/p>\n","protected":false},"author":1,"featured_media":295,"comment_status":"closed","ping_status":"","sticky":false,"template":"","format":"image","meta":{"footnotes":""},"categories":[6,9],"tags":[],"class_list":["post-3705","post","type-post","status-publish","format-image","has-post-thumbnail","hentry","category-sala-lidaura-chapitel","category-ultimas-noticias","post_format-post-format-image"],"_links":{"self":[{"href":"https:\/\/cultura.sma.gob.ar\/index.php?rest_route=\/wp\/v2\/posts\/3705","targetHints":{"allow":["GET"]}}],"collection":[{"href":"https:\/\/cultura.sma.gob.ar\/index.php?rest_route=\/wp\/v2\/posts"}],"about":[{"href":"https:\/\/cultura.sma.gob.ar\/index.php?rest_route=\/wp\/v2\/types\/post"}],"author":[{"embeddable":true,"href":"https:\/\/cultura.sma.gob.ar\/index.php?rest_route=\/wp\/v2\/users\/1"}],"replies":[{"embeddable":true,"href":"https:\/\/cultura.sma.gob.ar\/index.php?rest_route=%2Fwp%2Fv2%2Fcomments&post=3705"}],"version-history":[{"count":2,"href":"https:\/\/cultura.sma.gob.ar\/index.php?rest_route=\/wp\/v2\/posts\/3705\/revisions"}],"predecessor-version":[{"id":3711,"href":"https:\/\/cultura.sma.gob.ar\/index.php?rest_route=\/wp\/v2\/posts\/3705\/revisions\/3711"}],"wp:featuredmedia":[{"embeddable":true,"href":"https:\/\/cultura.sma.gob.ar\/index.php?rest_route=\/wp\/v2\/media\/295"}],"wp:attachment":[{"href":"https:\/\/cultura.sma.gob.ar\/index.php?rest_route=%2Fwp%2Fv2%2Fmedia&parent=3705"}],"wp:term":[{"taxonomy":"category","embeddable":true,"href":"https:\/\/cultura.sma.gob.ar\/index.php?rest_route=%2Fwp%2Fv2%2Fcategories&post=3705"},{"taxonomy":"post_tag","embeddable":true,"href":"https:\/\/cultura.sma.gob.ar\/index.php?rest_route=%2Fwp%2Fv2%2Ftags&post=3705"}],"curies":[{"name":"wp","href":"https:\/\/api.w.org\/{rel}","templated":true}]}}