{"id":3700,"date":"2022-07-27T22:01:58","date_gmt":"2022-07-28T01:01:58","guid":{"rendered":"http:\/\/cultura.sma.gob.ar\/?p=3700"},"modified":"2022-07-27T22:01:58","modified_gmt":"2022-07-28T01:01:58","slug":"rio-abajo-balseros-de-pilo-lil-llega-a-la-sala-amankay","status":"publish","type":"post","link":"https:\/\/cultura.sma.gob.ar\/?p=3700","title":{"rendered":"&#8220;R\u00edo Abajo Balseros de Pilo Lil&#8221;, llega a la Sala Amankay"},"content":{"rendered":"\n<figure class=\"wp-block-image size-large\"><img loading=\"lazy\" decoding=\"async\" width=\"724\" height=\"1024\" src=\"http:\/\/cultura.sma.gob.ar\/wp-content\/uploads\/2022\/07\/Rio-Abajo-Balseros-de-Pilo-Lil-Flyer-724x1024.jpg\" alt=\"\" class=\"wp-image-3701\" srcset=\"https:\/\/cultura.sma.gob.ar\/wp-content\/uploads\/2022\/07\/Rio-Abajo-Balseros-de-Pilo-Lil-Flyer-724x1024.jpg 724w, https:\/\/cultura.sma.gob.ar\/wp-content\/uploads\/2022\/07\/Rio-Abajo-Balseros-de-Pilo-Lil-Flyer-212x300.jpg 212w, https:\/\/cultura.sma.gob.ar\/wp-content\/uploads\/2022\/07\/Rio-Abajo-Balseros-de-Pilo-Lil-Flyer-768x1086.jpg 768w, https:\/\/cultura.sma.gob.ar\/wp-content\/uploads\/2022\/07\/Rio-Abajo-Balseros-de-Pilo-Lil-Flyer-1086x1536.jpg 1086w, https:\/\/cultura.sma.gob.ar\/wp-content\/uploads\/2022\/07\/Rio-Abajo-Balseros-de-Pilo-Lil-Flyer-1448x2048.jpg 1448w, https:\/\/cultura.sma.gob.ar\/wp-content\/uploads\/2022\/07\/Rio-Abajo-Balseros-de-Pilo-Lil-Flyer-64x90.jpg 64w, https:\/\/cultura.sma.gob.ar\/wp-content\/uploads\/2022\/07\/Rio-Abajo-Balseros-de-Pilo-Lil-Flyer-scaled.jpg 1810w\" sizes=\"auto, (max-width: 724px) 100vw, 724px\" \/><\/figure>\n\n\n\n<p>El pr\u00f3ximo s\u00e1bado, 20 de agosto, a las 20:30hs en la Sala Amankay, Yanina Prieto, Israel Prieto y Rafael Urretabizkaya presentan \u201cRIO ABAJO BALSEROS DE PILO LIL\u201d.<\/p>\n\n\n\n<p>Desde el invierno de 1938 y durante casi 10 a\u00f1os, los balseros del Pilo Lil trasladan por el r\u00edo Alumin\u00e9, rollizos y sus sue\u00f1os de una vida mejor desde la cordillera hasta Neuqu\u00e9n.<br>Esta es la historia de quienes tomaban este oficio con coraje y por necesidad, y sobre todo \u201cporque hay amores\u201d.<br>Parte de la historia de nuestro territorio y de Marquitos, un chico que las ve pasar mientras pastorea sus animales y sue\u00f1a con ese viaje.<\/p>\n\n\n\n<p><em>\u201cPara d\u00f3nde ir\u00e1 la vida<br>tanto la veo pasar,<br>tanto he buscado las chivas<br>que a m\u00ed me quiero buscar.\u201d<\/em><\/p>\n\n\n\n<p>Con m\u00fasica original y la participaci\u00f3n de las compa\u00f1\u00edas de Danzas Aurora y Barro del Ciart N\u00ba 5.<\/p>\n\n\n\n<p>Yanina Prieto Danza<br>Israel Prieto M\u00fasica<br>Escrita por Rafael Urretabizkaya<br>Dirigida por Prieto, Prieto, Urretabizkaya<\/p>\n\n\n\n<p>Entrada general $800.- En venta en la Boleteria del Centro Cultural.<\/p>\n","protected":false},"excerpt":{"rendered":"<p>El pr\u00f3ximo s\u00e1bado, 20 de agosto, a las 20:30hs en la Sala Amankay, Yanina Prieto, Israel Prieto y Rafael Urretabizkaya presentan \u201cRIO ABAJO BALSEROS DE PILO LIL\u201d. Desde el invierno de 1938 y durante casi 10 a\u00f1os, los balseros del Pilo Lil trasladan por el r\u00edo Alumin\u00e9, rollizos y sus sue\u00f1os de una vida mejor desde la cordillera hasta Neuqu\u00e9n.Esta es la historia de quienes &hellip; <a href=\"https:\/\/cultura.sma.gob.ar\/?p=3700\" class=\"more-link\">Continue reading <span class=\"screen-reader-text\">&#8220;R\u00edo Abajo Balseros de Pilo Lil&#8221;, llega a la Sala Amankay<\/span><\/a><\/p>\n","protected":false},"author":1,"featured_media":297,"comment_status":"closed","ping_status":"","sticky":false,"template":"","format":"image","meta":{"footnotes":""},"categories":[2,9],"tags":[],"class_list":["post-3700","post","type-post","status-publish","format-image","has-post-thumbnail","hentry","category-ciudad-cultural","category-ultimas-noticias","post_format-post-format-image"],"_links":{"self":[{"href":"https:\/\/cultura.sma.gob.ar\/index.php?rest_route=\/wp\/v2\/posts\/3700","targetHints":{"allow":["GET"]}}],"collection":[{"href":"https:\/\/cultura.sma.gob.ar\/index.php?rest_route=\/wp\/v2\/posts"}],"about":[{"href":"https:\/\/cultura.sma.gob.ar\/index.php?rest_route=\/wp\/v2\/types\/post"}],"author":[{"embeddable":true,"href":"https:\/\/cultura.sma.gob.ar\/index.php?rest_route=\/wp\/v2\/users\/1"}],"replies":[{"embeddable":true,"href":"https:\/\/cultura.sma.gob.ar\/index.php?rest_route=%2Fwp%2Fv2%2Fcomments&post=3700"}],"version-history":[{"count":1,"href":"https:\/\/cultura.sma.gob.ar\/index.php?rest_route=\/wp\/v2\/posts\/3700\/revisions"}],"predecessor-version":[{"id":3702,"href":"https:\/\/cultura.sma.gob.ar\/index.php?rest_route=\/wp\/v2\/posts\/3700\/revisions\/3702"}],"wp:featuredmedia":[{"embeddable":true,"href":"https:\/\/cultura.sma.gob.ar\/index.php?rest_route=\/wp\/v2\/media\/297"}],"wp:attachment":[{"href":"https:\/\/cultura.sma.gob.ar\/index.php?rest_route=%2Fwp%2Fv2%2Fmedia&parent=3700"}],"wp:term":[{"taxonomy":"category","embeddable":true,"href":"https:\/\/cultura.sma.gob.ar\/index.php?rest_route=%2Fwp%2Fv2%2Fcategories&post=3700"},{"taxonomy":"post_tag","embeddable":true,"href":"https:\/\/cultura.sma.gob.ar\/index.php?rest_route=%2Fwp%2Fv2%2Ftags&post=3700"}],"curies":[{"name":"wp","href":"https:\/\/api.w.org\/{rel}","templated":true}]}}