{"id":370,"date":"2020-10-06T15:18:47","date_gmt":"2020-10-06T18:18:47","guid":{"rendered":"http:\/\/cultura.sma.gob.ar\/?p=370"},"modified":"2020-10-06T15:18:47","modified_gmt":"2020-10-06T18:18:47","slug":"pensar-el-arte-seminario-virtual","status":"publish","type":"post","link":"https:\/\/cultura.sma.gob.ar\/?p=370","title":{"rendered":"Pensar el arte: seminario virtual"},"content":{"rendered":"\n<figure class=\"wp-block-image size-large\"><img loading=\"lazy\" decoding=\"async\" width=\"724\" height=\"1024\" src=\"http:\/\/cultura.sma.gob.ar\/wp-content\/uploads\/2020\/10\/Festival-724x1024.jpg\" alt=\"\" class=\"wp-image-371\" srcset=\"https:\/\/cultura.sma.gob.ar\/wp-content\/uploads\/2020\/10\/Festival-724x1024.jpg 724w, https:\/\/cultura.sma.gob.ar\/wp-content\/uploads\/2020\/10\/Festival-212x300.jpg 212w, https:\/\/cultura.sma.gob.ar\/wp-content\/uploads\/2020\/10\/Festival-768x1086.jpg 768w, https:\/\/cultura.sma.gob.ar\/wp-content\/uploads\/2020\/10\/Festival-1086x1536.jpg 1086w, https:\/\/cultura.sma.gob.ar\/wp-content\/uploads\/2020\/10\/Festival-64x90.jpg 64w, https:\/\/cultura.sma.gob.ar\/wp-content\/uploads\/2020\/10\/Festival.jpg 1414w\" sizes=\"auto, (max-width: 724px) 100vw, 724px\" \/><\/figure>\n\n\n\n<p><strong>Seminario<em>&nbsp;&#8221; Pensar el arte&#8221;&nbsp;<\/em><\/strong><br>En este seminario nos proponemos trabajar las vanguardias hist\u00f3ricas del siglo XX, como el surrealismo, el futurismo, el cubismo, el dada\u00edsmo, entre otras y sus principales referentes. A su vez vamos a indagar sobre c\u00f3mo se construye el arte en la modernidad y su relaci\u00f3n con los contextos hist\u00f3ricos del momento, revisando autores y textos referentes.Tambi\u00e9n nos interesamos en&nbsp; pensar en la influencia de las vanguardias surgidas en europa en nuestro continente latinoamericano. Retomaremos algunos movimientos como el muralismo mexicano,&nbsp; las vanguardias en la argentina junto a Berni, Xul Solar, Petorutti, entre otrxs.&nbsp;Al finalizar el taller tendr\u00e1n disponible material de lectura y did\u00e1ctico.&nbsp;<br><strong>CU\u00c1NDO:&nbsp;<\/strong>La modalidad del taller ser\u00e1 de forma virtual y comenzar\u00e1 el&nbsp; martes 13 de octubre, todos los martes&nbsp; hasta fines de noviembre ( 7 encuentros) en el horario de 18hs a 20hs.&nbsp;<br><strong>COSTO<\/strong>: El costo total del taller es de 2000 pesos ( 1000 pesos por mes, octubre y noviembre).&nbsp;<\/p>\n\n\n\n<p>Dictado por Ail\u00e9n Ponce. Licenciada y Profesora en Artes por la Universidad de Buenos Aires.&nbsp;<\/p>\n","protected":false},"excerpt":{"rendered":"<p>Seminario de historia del arte. Dicta: Ail\u00e9n Ponce <a href=\"https:\/\/cultura.sma.gob.ar\/?p=370\" class=\"more-link\">Continue reading <span class=\"screen-reader-text\">Pensar el arte: seminario virtual<\/span><\/a><\/p>\n","protected":false},"author":1,"featured_media":297,"comment_status":"closed","ping_status":"","sticky":false,"template":"","format":"image","meta":{"footnotes":""},"categories":[2,9],"tags":[],"class_list":["post-370","post","type-post","status-publish","format-image","has-post-thumbnail","hentry","category-ciudad-cultural","category-ultimas-noticias","post_format-post-format-image"],"_links":{"self":[{"href":"https:\/\/cultura.sma.gob.ar\/index.php?rest_route=\/wp\/v2\/posts\/370","targetHints":{"allow":["GET"]}}],"collection":[{"href":"https:\/\/cultura.sma.gob.ar\/index.php?rest_route=\/wp\/v2\/posts"}],"about":[{"href":"https:\/\/cultura.sma.gob.ar\/index.php?rest_route=\/wp\/v2\/types\/post"}],"author":[{"embeddable":true,"href":"https:\/\/cultura.sma.gob.ar\/index.php?rest_route=\/wp\/v2\/users\/1"}],"replies":[{"embeddable":true,"href":"https:\/\/cultura.sma.gob.ar\/index.php?rest_route=%2Fwp%2Fv2%2Fcomments&post=370"}],"version-history":[{"count":1,"href":"https:\/\/cultura.sma.gob.ar\/index.php?rest_route=\/wp\/v2\/posts\/370\/revisions"}],"predecessor-version":[{"id":372,"href":"https:\/\/cultura.sma.gob.ar\/index.php?rest_route=\/wp\/v2\/posts\/370\/revisions\/372"}],"wp:featuredmedia":[{"embeddable":true,"href":"https:\/\/cultura.sma.gob.ar\/index.php?rest_route=\/wp\/v2\/media\/297"}],"wp:attachment":[{"href":"https:\/\/cultura.sma.gob.ar\/index.php?rest_route=%2Fwp%2Fv2%2Fmedia&parent=370"}],"wp:term":[{"taxonomy":"category","embeddable":true,"href":"https:\/\/cultura.sma.gob.ar\/index.php?rest_route=%2Fwp%2Fv2%2Fcategories&post=370"},{"taxonomy":"post_tag","embeddable":true,"href":"https:\/\/cultura.sma.gob.ar\/index.php?rest_route=%2Fwp%2Fv2%2Ftags&post=370"}],"curies":[{"name":"wp","href":"https:\/\/api.w.org\/{rel}","templated":true}]}}