{"id":3691,"date":"2022-07-24T20:32:30","date_gmt":"2022-07-24T23:32:30","guid":{"rendered":"http:\/\/cultura.sma.gob.ar\/?p=3691"},"modified":"2022-07-24T20:32:30","modified_gmt":"2022-07-24T23:32:30","slug":"puentes-de-luz-presenta-lo-que-el-tiempo-nos-dejo","status":"publish","type":"post","link":"https:\/\/cultura.sma.gob.ar\/?p=3691","title":{"rendered":"Puentes de Luz presenta &#8220;Lo que el tiempo nos dej\u00f3&#8221;"},"content":{"rendered":"\n<figure class=\"wp-block-image size-large\"><img loading=\"lazy\" decoding=\"async\" width=\"791\" height=\"1024\" src=\"http:\/\/cultura.sma.gob.ar\/wp-content\/uploads\/2022\/07\/Flyer-Puentes-de-Luz-791x1024.jpeg\" alt=\"\" class=\"wp-image-3692\" srcset=\"https:\/\/cultura.sma.gob.ar\/wp-content\/uploads\/2022\/07\/Flyer-Puentes-de-Luz-791x1024.jpeg 791w, https:\/\/cultura.sma.gob.ar\/wp-content\/uploads\/2022\/07\/Flyer-Puentes-de-Luz-232x300.jpeg 232w, https:\/\/cultura.sma.gob.ar\/wp-content\/uploads\/2022\/07\/Flyer-Puentes-de-Luz-768x994.jpeg 768w, https:\/\/cultura.sma.gob.ar\/wp-content\/uploads\/2022\/07\/Flyer-Puentes-de-Luz-70x90.jpeg 70w, https:\/\/cultura.sma.gob.ar\/wp-content\/uploads\/2022\/07\/Flyer-Puentes-de-Luz.jpeg 989w\" sizes=\"auto, (max-width: 791px) 100vw, 791px\" \/><\/figure>\n\n\n\n<p>El pr\u00f3ximo viernes, 12 de agosto, a las 20hs en la Sala Amankay, Los Teatreros de Puentes de Luz presentan \u201cLo que el tiempo nos dej\u00f3\u201d.<br>El Club de Amigos de Puentes de Luz presentar\u00e1 la obra \u201cLo que el tiempo nos dej\u00f3\u201d. Los artistas, integrantes del grupo Teatreros de Luz, realizan un viaje en tiempo en el que, a trav\u00e9s de la m\u00fasica se pasean por aquellos buenos viejos tiempos.<br>Este emocionante paseo musical recorrer\u00e1 diferentes estados de \u00e1nimo que de alg\u00fan modo nos atravesaron a trav\u00e9s de nuestras vidas, comenzando por \u201cTodo Todo\u201d de la telenovela Chiquititas, pasando por la querida Tita Merello, con su cl\u00e1sico \u201cSe dice de m\u00ed\u201d. La vecindad del Chavo del 8, Un muchacho como yo de Palito Ortega y La F\u00e1bula Ancestral de la Bella y la Bestia son algunos de los temas que completan la lista de este show, que seguro ser\u00e1 inolvidable.<br>Este espect\u00e1culo es el resultado de una de las actividades del Club de Amigos de Puentes de Luz, un espacio de recreaci\u00f3n y encuentro en el que, acompa\u00f1ados por un grupo de voluntarios, todos los s\u00e1bados los j\u00f3venes con discapacidad de San Mart\u00edn de los Andes, desarrollan diversas actividades en la que se estimula el afecto entre amigos, el trabajo en equipo y el desarrollo de sus aptitudes art\u00edsticas.<\/p>\n\n\n\n<p>Un show emotivo, diferente y exclusivo de San Mart\u00edn de los Andes.<\/p>\n\n\n\n<p>Entradas en venta en la boleter\u00eda del Centro Cultural Cotesma.<br>Valor: $500.-<\/p>\n\n\n\n<p><em>Puentes de Luz Asociaci\u00f3n Civil<br><\/em>Puentes de Luz es una organizaci\u00f3n civil sin fines de lucro, creada en 2006 por un grupo de familiares de personas con discapacidad de San Mart\u00edn de los Andes, que decidieron aunar esfuerzos para mejorar la calidad de vida de sus hijos y de otros en similar situaci\u00f3n. Su misi\u00f3n es brindar programas de atenci\u00f3n a personas con discapacidad as\u00ed como orientaci\u00f3n a familias.<br>Cuenta con un centro de d\u00eda para la atenci\u00f3n terap\u00e9utica, pedag\u00f3gica y de rehabilitaci\u00f3n de personas con discapacidad, un emprendimiento productivo llamado Sabor Natural, que elabora mermeladas y especias patag\u00f3nicas que vende a todo el pa\u00eds, un programa de viviendas aut\u00f3nomas, Casatuya, que promueve la vida independiente de personas con discapacidad y el Club de Amigos, un espacio integrador de esparcimiento, con la ayuda de los voluntarios vecinos de nuestra localidad.<\/p>\n","protected":false},"excerpt":{"rendered":"<p>El pr\u00f3ximo viernes, 12 de agosto, a las 20hs en la Sala Amankay, Los Teatreros de Puentes de Luz presentan \u201cLo que el tiempo nos dej\u00f3\u201d.El Club de Amigos de Puentes de Luz presentar\u00e1 la obra \u201cLo que el tiempo nos dej\u00f3\u201d. Los artistas, integrantes del grupo Teatreros de Luz, realizan un viaje en tiempo en el que, a trav\u00e9s de la m\u00fasica se pasean &hellip; <a href=\"https:\/\/cultura.sma.gob.ar\/?p=3691\" class=\"more-link\">Continue reading <span class=\"screen-reader-text\">Puentes de Luz presenta &#8220;Lo que el tiempo nos dej\u00f3&#8221;<\/span><\/a><\/p>\n","protected":false},"author":1,"featured_media":297,"comment_status":"closed","ping_status":"","sticky":false,"template":"","format":"image","meta":{"footnotes":""},"categories":[2,9],"tags":[],"class_list":["post-3691","post","type-post","status-publish","format-image","has-post-thumbnail","hentry","category-ciudad-cultural","category-ultimas-noticias","post_format-post-format-image"],"_links":{"self":[{"href":"https:\/\/cultura.sma.gob.ar\/index.php?rest_route=\/wp\/v2\/posts\/3691","targetHints":{"allow":["GET"]}}],"collection":[{"href":"https:\/\/cultura.sma.gob.ar\/index.php?rest_route=\/wp\/v2\/posts"}],"about":[{"href":"https:\/\/cultura.sma.gob.ar\/index.php?rest_route=\/wp\/v2\/types\/post"}],"author":[{"embeddable":true,"href":"https:\/\/cultura.sma.gob.ar\/index.php?rest_route=\/wp\/v2\/users\/1"}],"replies":[{"embeddable":true,"href":"https:\/\/cultura.sma.gob.ar\/index.php?rest_route=%2Fwp%2Fv2%2Fcomments&post=3691"}],"version-history":[{"count":1,"href":"https:\/\/cultura.sma.gob.ar\/index.php?rest_route=\/wp\/v2\/posts\/3691\/revisions"}],"predecessor-version":[{"id":3693,"href":"https:\/\/cultura.sma.gob.ar\/index.php?rest_route=\/wp\/v2\/posts\/3691\/revisions\/3693"}],"wp:featuredmedia":[{"embeddable":true,"href":"https:\/\/cultura.sma.gob.ar\/index.php?rest_route=\/wp\/v2\/media\/297"}],"wp:attachment":[{"href":"https:\/\/cultura.sma.gob.ar\/index.php?rest_route=%2Fwp%2Fv2%2Fmedia&parent=3691"}],"wp:term":[{"taxonomy":"category","embeddable":true,"href":"https:\/\/cultura.sma.gob.ar\/index.php?rest_route=%2Fwp%2Fv2%2Fcategories&post=3691"},{"taxonomy":"post_tag","embeddable":true,"href":"https:\/\/cultura.sma.gob.ar\/index.php?rest_route=%2Fwp%2Fv2%2Ftags&post=3691"}],"curies":[{"name":"wp","href":"https:\/\/api.w.org\/{rel}","templated":true}]}}