{"id":3686,"date":"2022-07-24T20:30:05","date_gmt":"2022-07-24T23:30:05","guid":{"rendered":"http:\/\/cultura.sma.gob.ar\/?p=3686"},"modified":"2022-07-24T20:30:05","modified_gmt":"2022-07-24T23:30:05","slug":"ciclo-idolos-musicales-en-la-pantalla-nace-una-estrella","status":"publish","type":"post","link":"https:\/\/cultura.sma.gob.ar\/?p=3686","title":{"rendered":"Ciclo &#8220;\u00cddolos musicales en la pantalla&#8221;: &#8220;Nace una estrella&#8221;"},"content":{"rendered":"\n<figure class=\"wp-block-image size-large\"><img loading=\"lazy\" decoding=\"async\" width=\"700\" height=\"394\" src=\"http:\/\/cultura.sma.gob.ar\/wp-content\/uploads\/2022\/07\/Nace-una-estrella-Apaisado.jpg\" alt=\"\" class=\"wp-image-3687\" srcset=\"https:\/\/cultura.sma.gob.ar\/wp-content\/uploads\/2022\/07\/Nace-una-estrella-Apaisado.jpg 700w, https:\/\/cultura.sma.gob.ar\/wp-content\/uploads\/2022\/07\/Nace-una-estrella-Apaisado-300x169.jpg 300w, https:\/\/cultura.sma.gob.ar\/wp-content\/uploads\/2022\/07\/Nace-una-estrella-Apaisado-160x90.jpg 160w\" sizes=\"auto, (max-width: 700px) 100vw, 700px\" \/><\/figure>\n\n\n\n<p>El jueves, 28 de Julio a las 20:30hs en la Sala G\u00fcnther Blaas del Centro Cultural Cotesma, continuamos con la 6ta. Temporada de Proyecciones a la gorra. Como los a\u00f1os anteriores, la programaci\u00f3n y la presentaci\u00f3n est\u00e1 a cargo de Guillermo Ianniello, este a\u00f1o a beneficio del Club de Leones San Mart\u00edn de los Andes \u2013 Chapelco.<br>Finalizando con el Ciclo N\u00b034 (Cuarto de este a\u00f1o), titulado \u201cIDOLOS MUSICALES EN LA PANTALLA\u201d, se proyectar\u00e1 \u201cNACE UNA ESTRELLA\u201d dirigida por Bradley Cooper y protagonizada por, el mism\u00edsimo, Bradley Cooper, Lady Gaga, Sam Elliot y Michael Harney.<\/p>\n\n\n\n<p>\u201cNace una Estrella\u201d.&nbsp; (2018-Color)<br>Es una mezcla genial de drama conmovedor, musical impetuoso y una profunda historia de amor.<br>Es la pel\u00edcula perfecta de un Hollywood a veces denostado y despreciado y que ella redime.<br>Atesora la magia, la espectacularidad y un conmovedor argumento. Es la pel\u00edcula que la \u201cmeca del cine\u201d se merec\u00eda.<br>Pero trasciende sus excesos, sus prejuicios y sus carteles de ne\u00f3n.<\/p>\n\n\n\n<p>Me ha descubierto una faceta de Bradley Cooper totalmente desconocida para m\u00ed (la de director), y me ha mostrado una Lady Gaga absolutamente maravillosa.<br>Hay una qu\u00edmica org\u00e1nica e indisoluble entre ellos y disputan un duelo interpretativo sin alardes ni exageraciones. Todo fluye con una naturalidad pl\u00e1cida.<br>&#8220;Nace una Estrella&#8221; es lo suficientemente poderosa como para quedar en la historia, como dos estrellas que nacen una y otra vez en su propio cielo.<\/p>\n\n\n\n<p>En definitiva, es una gran pel\u00edcula que permite al espectador sentir el v\u00e9rtigo de la fama y experimentar el amplio abanico emocional que posee un romance de estas caracter\u00edsticas, reproducido con fidelidad y mucho buen gusto.<br>Una delicia de pel\u00edcula que acabar\u00e1 emocion\u00e1ndote y tardar\u00e1s mucho tiempo en olvidar.<br>Una banda sonora brillante y actuaciones para aplaudir de pie.<\/p>\n\n\n\n<p>Para concluir, creo que es un film que gustar\u00e1 a los amantes del drama y el romance que encontrar\u00e1n una composici\u00f3n afinada en clave cin\u00e9fila y musical.<br>En definitiva, es un claro ejemplo de cine de calidad. Todo un \u00e9xito que seguro les encantar\u00e1. Que la disfruten. No se la pierdan.<\/p>\n\n\n\n<p>Duraci\u00f3n: 2 h.15\u2019-<\/p>\n","protected":false},"excerpt":{"rendered":"<p>El jueves, 28 de Julio a las 20:30hs en la Sala G\u00fcnther Blaas del Centro Cultural Cotesma, continuamos con la 6ta. Temporada de Proyecciones a la gorra. Como los a\u00f1os anteriores, la programaci\u00f3n y la presentaci\u00f3n est\u00e1 a cargo de Guillermo Ianniello, este a\u00f1o a beneficio del Club de Leones San Mart\u00edn de los Andes \u2013 Chapelco.Finalizando con el Ciclo N\u00b034 (Cuarto de este a\u00f1o), &hellip; <a href=\"https:\/\/cultura.sma.gob.ar\/?p=3686\" class=\"more-link\">Continue reading <span class=\"screen-reader-text\">Ciclo &#8220;\u00cddolos musicales en la pantalla&#8221;: &#8220;Nace una estrella&#8221;<\/span><\/a><\/p>\n","protected":false},"author":1,"featured_media":297,"comment_status":"closed","ping_status":"","sticky":false,"template":"","format":"image","meta":{"footnotes":""},"categories":[2,9],"tags":[],"class_list":["post-3686","post","type-post","status-publish","format-image","has-post-thumbnail","hentry","category-ciudad-cultural","category-ultimas-noticias","post_format-post-format-image"],"_links":{"self":[{"href":"https:\/\/cultura.sma.gob.ar\/index.php?rest_route=\/wp\/v2\/posts\/3686","targetHints":{"allow":["GET"]}}],"collection":[{"href":"https:\/\/cultura.sma.gob.ar\/index.php?rest_route=\/wp\/v2\/posts"}],"about":[{"href":"https:\/\/cultura.sma.gob.ar\/index.php?rest_route=\/wp\/v2\/types\/post"}],"author":[{"embeddable":true,"href":"https:\/\/cultura.sma.gob.ar\/index.php?rest_route=\/wp\/v2\/users\/1"}],"replies":[{"embeddable":true,"href":"https:\/\/cultura.sma.gob.ar\/index.php?rest_route=%2Fwp%2Fv2%2Fcomments&post=3686"}],"version-history":[{"count":1,"href":"https:\/\/cultura.sma.gob.ar\/index.php?rest_route=\/wp\/v2\/posts\/3686\/revisions"}],"predecessor-version":[{"id":3688,"href":"https:\/\/cultura.sma.gob.ar\/index.php?rest_route=\/wp\/v2\/posts\/3686\/revisions\/3688"}],"wp:featuredmedia":[{"embeddable":true,"href":"https:\/\/cultura.sma.gob.ar\/index.php?rest_route=\/wp\/v2\/media\/297"}],"wp:attachment":[{"href":"https:\/\/cultura.sma.gob.ar\/index.php?rest_route=%2Fwp%2Fv2%2Fmedia&parent=3686"}],"wp:term":[{"taxonomy":"category","embeddable":true,"href":"https:\/\/cultura.sma.gob.ar\/index.php?rest_route=%2Fwp%2Fv2%2Fcategories&post=3686"},{"taxonomy":"post_tag","embeddable":true,"href":"https:\/\/cultura.sma.gob.ar\/index.php?rest_route=%2Fwp%2Fv2%2Ftags&post=3686"}],"curies":[{"name":"wp","href":"https:\/\/api.w.org\/{rel}","templated":true}]}}