{"id":3682,"date":"2022-07-24T20:27:52","date_gmt":"2022-07-24T23:27:52","guid":{"rendered":"http:\/\/cultura.sma.gob.ar\/?p=3682"},"modified":"2022-07-24T20:27:52","modified_gmt":"2022-07-24T23:27:52","slug":"grupo-teens-de-la-compania-paradise-ballet-ni-madre-ni-padre-hija","status":"publish","type":"post","link":"https:\/\/cultura.sma.gob.ar\/?p=3682","title":{"rendered":"Grupo Teens de la Compa\u00f1\u00eda Paradise Ballet: \u201cNi madre ni padre, hija\u201d"},"content":{"rendered":"\n<figure class=\"wp-block-image size-large\"><img loading=\"lazy\" decoding=\"async\" width=\"724\" height=\"1024\" src=\"http:\/\/cultura.sma.gob.ar\/wp-content\/uploads\/2022\/07\/ParadiseTeens-724x1024.png\" alt=\"\" class=\"wp-image-3683\" srcset=\"https:\/\/cultura.sma.gob.ar\/wp-content\/uploads\/2022\/07\/ParadiseTeens-724x1024.png 724w, https:\/\/cultura.sma.gob.ar\/wp-content\/uploads\/2022\/07\/ParadiseTeens-212x300.png 212w, https:\/\/cultura.sma.gob.ar\/wp-content\/uploads\/2022\/07\/ParadiseTeens-768x1086.png 768w, https:\/\/cultura.sma.gob.ar\/wp-content\/uploads\/2022\/07\/ParadiseTeens-1086x1536.png 1086w, https:\/\/cultura.sma.gob.ar\/wp-content\/uploads\/2022\/07\/ParadiseTeens-1448x2048.png 1448w, https:\/\/cultura.sma.gob.ar\/wp-content\/uploads\/2022\/07\/ParadiseTeens-64x90.png 64w, https:\/\/cultura.sma.gob.ar\/wp-content\/uploads\/2022\/07\/ParadiseTeens.png 1587w\" sizes=\"auto, (max-width: 724px) 100vw, 724px\" \/><\/figure>\n\n\n\n<p>El septiembre, el Grupo Teens de la Compa\u00f1\u00eda Paradise Ballet, bajo la direcci\u00f3n de Natalia Lamberti, presenta, en nuestra querida Sala Amankay, su nuevo espect\u00e1culo: \u201cNI MADRE NI PADRE, HIJA\u201d.<\/p>\n\n\n\n<p>Es la historia de 7 adolescentes a cargo de una institutriz que les marca su educaci\u00f3n y sus modales para convertirlas en mujeres ideales.<br>Una historia sobre la opresi\u00f3n de la mente, el cuerpo, la sexualidad y la idealizaci\u00f3n de los c\u00e1nones de la est\u00e9tica.<br>Refugiadas en su anhelo de poder disfrutar sus \u00faltimos esbozos de ni\u00f1ez y libertad, se refugian en el movimiento y en la soledad previa a su cambio forzado de j\u00f3venes a mujeres adultas.<br>Juntas formar\u00e1n el car\u00e1cter necesario para atravesar este proceso y encontrar su verdadero camino y sentido de la vida.<br><br>Funciones:<br>S\u00e1bado 17 de Septiembre a las 19hs;<br>Domingo 18 de Septiembre a las 21:30hs.<br><br>En escena (Paradise Teens):<br>Jazm\u00edn Su\u00e1rez;<br>Tiara Le\u00f3n;<br>Simona Carluccio;<br>Malena Calveiras;<br>Luc\u00eda Mariosa;<br>Antonella Minnard<br>Sof\u00eda Gallardo.<br><br>Participaci\u00f3n especial: Bel\u00e9n Alcar\u00e1z (Paradise Ballet) y Paradise Ballet Mini.<br>Asistente coreogr\u00e1fico: Bel\u00e9n Alcar\u00e1z.<br>Idea, direcci\u00f3n y coreograf\u00eda: Natalia Lamberti<br><br>Entradas en venta: Anticipadas, del 1\u00b0 al 20 de Agosto, $600.-<br>Desde el 20 de agosto al d\u00eda de la funci\u00f3n, $800.-<\/p>\n","protected":false},"excerpt":{"rendered":"<p>El septiembre, el Grupo Teens de la Compa\u00f1\u00eda Paradise Ballet, bajo la direcci\u00f3n de Natalia Lamberti, presenta, en nuestra querida Sala Amankay, su nuevo espect\u00e1culo: \u201cNI MADRE NI PADRE, HIJA\u201d. Es la historia de 7 adolescentes a cargo de una institutriz que les marca su educaci\u00f3n y sus modales para convertirlas en mujeres ideales.Una historia sobre la opresi\u00f3n de la mente, el cuerpo, la sexualidad &hellip; <a href=\"https:\/\/cultura.sma.gob.ar\/?p=3682\" class=\"more-link\">Continue reading <span class=\"screen-reader-text\">Grupo Teens de la Compa\u00f1\u00eda Paradise Ballet: \u201cNi madre ni padre, hija\u201d<\/span><\/a><\/p>\n","protected":false},"author":1,"featured_media":297,"comment_status":"closed","ping_status":"","sticky":false,"template":"","format":"image","meta":{"footnotes":""},"categories":[2,9],"tags":[],"class_list":["post-3682","post","type-post","status-publish","format-image","has-post-thumbnail","hentry","category-ciudad-cultural","category-ultimas-noticias","post_format-post-format-image"],"_links":{"self":[{"href":"https:\/\/cultura.sma.gob.ar\/index.php?rest_route=\/wp\/v2\/posts\/3682","targetHints":{"allow":["GET"]}}],"collection":[{"href":"https:\/\/cultura.sma.gob.ar\/index.php?rest_route=\/wp\/v2\/posts"}],"about":[{"href":"https:\/\/cultura.sma.gob.ar\/index.php?rest_route=\/wp\/v2\/types\/post"}],"author":[{"embeddable":true,"href":"https:\/\/cultura.sma.gob.ar\/index.php?rest_route=\/wp\/v2\/users\/1"}],"replies":[{"embeddable":true,"href":"https:\/\/cultura.sma.gob.ar\/index.php?rest_route=%2Fwp%2Fv2%2Fcomments&post=3682"}],"version-history":[{"count":1,"href":"https:\/\/cultura.sma.gob.ar\/index.php?rest_route=\/wp\/v2\/posts\/3682\/revisions"}],"predecessor-version":[{"id":3684,"href":"https:\/\/cultura.sma.gob.ar\/index.php?rest_route=\/wp\/v2\/posts\/3682\/revisions\/3684"}],"wp:featuredmedia":[{"embeddable":true,"href":"https:\/\/cultura.sma.gob.ar\/index.php?rest_route=\/wp\/v2\/media\/297"}],"wp:attachment":[{"href":"https:\/\/cultura.sma.gob.ar\/index.php?rest_route=%2Fwp%2Fv2%2Fmedia&parent=3682"}],"wp:term":[{"taxonomy":"category","embeddable":true,"href":"https:\/\/cultura.sma.gob.ar\/index.php?rest_route=%2Fwp%2Fv2%2Fcategories&post=3682"},{"taxonomy":"post_tag","embeddable":true,"href":"https:\/\/cultura.sma.gob.ar\/index.php?rest_route=%2Fwp%2Fv2%2Ftags&post=3682"}],"curies":[{"name":"wp","href":"https:\/\/api.w.org\/{rel}","templated":true}]}}