{"id":3678,"date":"2022-07-24T20:25:04","date_gmt":"2022-07-24T23:25:04","guid":{"rendered":"http:\/\/cultura.sma.gob.ar\/?p=3678"},"modified":"2022-07-24T20:25:04","modified_gmt":"2022-07-24T23:25:04","slug":"veladas-reflexivas-en-la-sala-amankay","status":"publish","type":"post","link":"https:\/\/cultura.sma.gob.ar\/?p=3678","title":{"rendered":"&#8220;Veladas reflexivas&#8221; en la Sala Amankay"},"content":{"rendered":"\n<figure class=\"wp-block-image size-large\"><img loading=\"lazy\" decoding=\"async\" width=\"640\" height=\"1024\" src=\"http:\/\/cultura.sma.gob.ar\/wp-content\/uploads\/2022\/07\/Veladas-Reflexivas-Flyer-640x1024.jpg\" alt=\"\" class=\"wp-image-3679\" srcset=\"https:\/\/cultura.sma.gob.ar\/wp-content\/uploads\/2022\/07\/Veladas-Reflexivas-Flyer-640x1024.jpg 640w, https:\/\/cultura.sma.gob.ar\/wp-content\/uploads\/2022\/07\/Veladas-Reflexivas-Flyer-188x300.jpg 188w, https:\/\/cultura.sma.gob.ar\/wp-content\/uploads\/2022\/07\/Veladas-Reflexivas-Flyer-768x1229.jpg 768w, https:\/\/cultura.sma.gob.ar\/wp-content\/uploads\/2022\/07\/Veladas-Reflexivas-Flyer-960x1536.jpg 960w, https:\/\/cultura.sma.gob.ar\/wp-content\/uploads\/2022\/07\/Veladas-Reflexivas-Flyer-56x90.jpg 56w, https:\/\/cultura.sma.gob.ar\/wp-content\/uploads\/2022\/07\/Veladas-Reflexivas-Flyer.jpg 1000w\" sizes=\"auto, (max-width: 640px) 100vw, 640px\" \/><\/figure>\n\n\n\n<p>El pr\u00f3ximo s\u00e1bado, 30 de Julio, a las 20:30hs compartiremos otra imperdible noche en nuestra querida Sala Amankay.<br>Claudio Inferno, Maliwu, Rafa Urretabizkaya, Francis y Chicho Romera, con Abel Ayala como invitado de lujo, presentan \u201cVELADAS REFLEXIVAS\u201d.<\/p>\n\n\n\n<p>Un espect\u00e1culo de variedades desarrollado en torno a un living donde se comparten bebidas, una picada e improvisadas reflexiones que derivan en amplias propuestas esc\u00e9nicas donde se pueden apreciar riesgosas habilidades t\u00e9cnicas, canciones, tonter\u00edas sin fin, poemas, humor bizarro, actores famosos y de poca monta&#8230; este c\u00f3ctel explosivo es acompa\u00f1ado por un singular dj musicalizando la velada en vivo.<br>Un espect\u00e1culo bizarro donde cada funci\u00f3n hay un artista invitado diferente proponi\u00e9ndole compartir de alguna manera su visi\u00f3n del mundo en forma de reflexi\u00f3n.<\/p>\n\n\n\n<p>Entrada General $500.- En venta en la boleteria del Centro Cultural.<\/p>\n","protected":false},"excerpt":{"rendered":"<p>El pr\u00f3ximo s\u00e1bado, 30 de Julio, a las 20:30hs compartiremos otra imperdible noche en nuestra querida Sala Amankay.Claudio Inferno, Maliwu, Rafa Urretabizkaya, Francis y Chicho Romera, con Abel Ayala como invitado de lujo, presentan \u201cVELADAS REFLEXIVAS\u201d. Un espect\u00e1culo de variedades desarrollado en torno a un living donde se comparten bebidas, una picada e improvisadas reflexiones que derivan en amplias propuestas esc\u00e9nicas donde se pueden apreciar &hellip; <a href=\"https:\/\/cultura.sma.gob.ar\/?p=3678\" class=\"more-link\">Continue reading <span class=\"screen-reader-text\">&#8220;Veladas reflexivas&#8221; en la Sala Amankay<\/span><\/a><\/p>\n","protected":false},"author":1,"featured_media":297,"comment_status":"closed","ping_status":"","sticky":false,"template":"","format":"image","meta":{"footnotes":""},"categories":[2,9],"tags":[],"class_list":["post-3678","post","type-post","status-publish","format-image","has-post-thumbnail","hentry","category-ciudad-cultural","category-ultimas-noticias","post_format-post-format-image"],"_links":{"self":[{"href":"https:\/\/cultura.sma.gob.ar\/index.php?rest_route=\/wp\/v2\/posts\/3678","targetHints":{"allow":["GET"]}}],"collection":[{"href":"https:\/\/cultura.sma.gob.ar\/index.php?rest_route=\/wp\/v2\/posts"}],"about":[{"href":"https:\/\/cultura.sma.gob.ar\/index.php?rest_route=\/wp\/v2\/types\/post"}],"author":[{"embeddable":true,"href":"https:\/\/cultura.sma.gob.ar\/index.php?rest_route=\/wp\/v2\/users\/1"}],"replies":[{"embeddable":true,"href":"https:\/\/cultura.sma.gob.ar\/index.php?rest_route=%2Fwp%2Fv2%2Fcomments&post=3678"}],"version-history":[{"count":1,"href":"https:\/\/cultura.sma.gob.ar\/index.php?rest_route=\/wp\/v2\/posts\/3678\/revisions"}],"predecessor-version":[{"id":3680,"href":"https:\/\/cultura.sma.gob.ar\/index.php?rest_route=\/wp\/v2\/posts\/3678\/revisions\/3680"}],"wp:featuredmedia":[{"embeddable":true,"href":"https:\/\/cultura.sma.gob.ar\/index.php?rest_route=\/wp\/v2\/media\/297"}],"wp:attachment":[{"href":"https:\/\/cultura.sma.gob.ar\/index.php?rest_route=%2Fwp%2Fv2%2Fmedia&parent=3678"}],"wp:term":[{"taxonomy":"category","embeddable":true,"href":"https:\/\/cultura.sma.gob.ar\/index.php?rest_route=%2Fwp%2Fv2%2Fcategories&post=3678"},{"taxonomy":"post_tag","embeddable":true,"href":"https:\/\/cultura.sma.gob.ar\/index.php?rest_route=%2Fwp%2Fv2%2Ftags&post=3678"}],"curies":[{"name":"wp","href":"https:\/\/api.w.org\/{rel}","templated":true}]}}